{"id":16429,"date":"2023-05-22T11:30:03","date_gmt":"2023-05-22T09:30:03","guid":{"rendered":"https:\/\/blogs.uned.es\/unedabierta\/?p=16429"},"modified":"2025-10-23T09:38:29","modified_gmt":"2025-10-23T07:38:29","slug":"fundacion-mapfre","status":"publish","type":"post","link":"https:\/\/blogs.uned.es\/unedabierta\/fundacion-mapfre\/","title":{"rendered":"Aula Fundaci\u00f3n Mapfre"},"content":{"rendered":"\t\t<div data-elementor-type=\"wp-post\" data-elementor-id=\"16429\" class=\"elementor elementor-16429\">\n\t\t\t\t\t\t<section class=\"elementor-section elementor-top-section elementor-element elementor-element-58c1c89b elementor-section-content-middle elementor-section-boxed elementor-section-height-default elementor-section-height-default\" data-id=\"58c1c89b\" data-element_type=\"section\" data-e-type=\"section\">\n\t\t\t\t\t\t<div class=\"elementor-container elementor-column-gap-no\">\n\t\t\t\t\t<div class=\"elementor-column elementor-col-100 elementor-top-column elementor-element elementor-element-3a51ac2a\" data-id=\"3a51ac2a\" data-element_type=\"column\" data-e-type=\"column\">\n\t\t\t<div class=\"elementor-widget-wrap elementor-element-populated\">\n\t\t\t\t\t\t<div class=\"elementor-element elementor-element-b67717d elementor-widget elementor-widget-text-editor\" data-id=\"b67717d\" data-element_type=\"widget\" data-e-type=\"widget\" data-widget_type=\"text-editor.default\">\n\t\t\t\t<div class=\"elementor-widget-container\">\n\t\t\t\t\t\t\t\t\t<p><span style=\"color: #000000;font-family: Verdana, sans-serif;font-size: 17px;text-align: start\">El Aula Fundaci\u00f3n MAPFRE ofrece formaci\u00f3n en conocimientos y habilidades relacionados con la innovaci\u00f3n educativa y educaci\u00f3n inclusiva, seguridad vial, promoci\u00f3n de la salud, prevenci\u00f3n de accidentes, y sobre cultura financiera y aseguradora.<\/span><\/p>\t\t\t\t\t\t\t\t<\/div>\n\t\t\t\t<\/div>\n\t\t\t\t<section class=\"elementor-section elementor-inner-section elementor-element elementor-element-66092c7c elementor-section-content-middle elementor-section-boxed elementor-section-height-default elementor-section-height-default\" data-id=\"66092c7c\" data-element_type=\"section\" data-e-type=\"section\">\n\t\t\t\t\t\t<div class=\"elementor-container elementor-column-gap-no\">\n\t\t\t\t\t<div class=\"elementor-column elementor-col-100 elementor-inner-column elementor-element elementor-element-20857853\" data-id=\"20857853\" data-element_type=\"column\" data-e-type=\"column\">\n\t\t\t<div class=\"elementor-widget-wrap elementor-element-populated\">\n\t\t\t\t\t\t<div class=\"elementor-element elementor-element-662d3d29 elementor-align-center elementor-widget elementor-widget-button\" data-id=\"662d3d29\" data-element_type=\"widget\" data-e-type=\"widget\" data-widget_type=\"button.default\">\n\t\t\t\t<div class=\"elementor-widget-container\">\n\t\t\t\t\t\t\t\t\t<div class=\"elementor-button-wrapper\">\n\t\t\t\t\t<a class=\"elementor-button elementor-button-link elementor-size-sm elementor-animation-grow\" href=\"https:\/\/www.fundacionmapfre.org\/\">\n\t\t\t\t\t\t<span class=\"elementor-button-content-wrapper\">\n\t\t\t\t\t\t\t\t\t<span class=\"elementor-button-text\">Ir a la Fundaci\u00f3n mapfre<\/span>\n\t\t\t\t\t<\/span>\n\t\t\t\t\t<\/a>\n\t\t\t\t<\/div>\n\t\t\t\t\t\t\t\t<\/div>\n\t\t\t\t<\/div>\n\t\t\t\t\t<\/div>\n\t\t<\/div>\n\t\t\t\t\t<\/div>\n\t\t<\/section>\n\t\t\t\t\t<\/div>\n\t\t<\/div>\n\t\t\t\t\t<\/div>\n\t\t<\/section>\n\t\t\t\t<section class=\"elementor-section elementor-top-section elementor-element elementor-element-7be6462 elementor-section-boxed elementor-section-height-default elementor-section-height-default\" data-id=\"7be6462\" data-element_type=\"section\" data-e-type=\"section\">\n\t\t\t\t\t\t<div class=\"elementor-container elementor-column-gap-default\">\n\t\t\t\t\t<div class=\"elementor-column elementor-col-100 elementor-top-column elementor-element elementor-element-0770073\" data-id=\"0770073\" data-element_type=\"column\" data-e-type=\"column\">\n\t\t\t<div class=\"elementor-widget-wrap elementor-element-populated\">\n\t\t\t\t\t\t<div class=\"elementor-element elementor-element-97bd9ba elementor-widget elementor-widget-spacer\" data-id=\"97bd9ba\" data-element_type=\"widget\" data-e-type=\"widget\" data-widget_type=\"spacer.default\">\n\t\t\t\t<div class=\"elementor-widget-container\">\n\t\t\t\t\t\t\t<div class=\"elementor-spacer\">\n\t\t\t<div class=\"elementor-spacer-inner\"><\/div>\n\t\t<\/div>\n\t\t\t\t\t\t<\/div>\n\t\t\t\t<\/div>\n\t\t\t\t\t<\/div>\n\t\t<\/div>\n\t\t\t\t\t<\/div>\n\t\t<\/section>\n\t\t\t\t<section class=\"elementor-section elementor-top-section elementor-element elementor-element-500b3cbd elementor-section-content-middle elementor-section-full_width elementor-section-height-default elementor-section-height-default\" data-id=\"500b3cbd\" data-element_type=\"section\" data-e-type=\"section\" data-settings=\"{&quot;background_background&quot;:&quot;classic&quot;}\">\n\t\t\t\t\t\t<div class=\"elementor-container elementor-column-gap-no\">\n\t\t\t\t\t<div class=\"elementor-column elementor-col-50 elementor-top-column elementor-element elementor-element-2f1ecbcb\" data-id=\"2f1ecbcb\" data-element_type=\"column\" data-e-type=\"column\">\n\t\t\t<div class=\"elementor-widget-wrap elementor-element-populated\">\n\t\t\t\t\t\t<div class=\"elementor-element elementor-element-714202b7 elementor-widget elementor-widget-heading\" data-id=\"714202b7\" data-element_type=\"widget\" data-e-type=\"widget\" data-widget_type=\"heading.default\">\n\t\t\t\t<div class=\"elementor-widget-container\">\n\t\t\t\t\t<div class=\"elementor-heading-title elementor-size-default\">Promoci\u00f3n de la salud. Curso para profesores en urgencias y emergencias sanitarias<\/div>\t\t\t\t<\/div>\n\t\t\t\t<\/div>\n\t\t\t\t<div class=\"elementor-element elementor-element-18fa455d elementor-widget elementor-widget-text-editor\" data-id=\"18fa455d\" data-element_type=\"widget\" data-e-type=\"widget\" data-widget_type=\"text-editor.default\">\n\t\t\t\t<div class=\"elementor-widget-container\">\n\t\t\t\t\t\t\t\t\t<p>El curso va encaminado a la formaci\u00f3n y prevenci\u00f3n general de la salud por edades, manejo de situaciones de alarma, reanimaci\u00f3n cardiopulmonar (RCP) y autoprotecci\u00f3n de las personas en materia de primeros auxilios, urgencias y emergencias.<\/p><p>Pr\u00f3ximamente<\/p>\t\t\t\t\t\t\t\t<\/div>\n\t\t\t\t<\/div>\n\t\t\t\t\t<\/div>\n\t\t<\/div>\n\t\t\t\t<div class=\"elementor-column elementor-col-50 elementor-top-column elementor-element elementor-element-60dfad49\" data-id=\"60dfad49\" data-element_type=\"column\" data-e-type=\"column\">\n\t\t\t<div class=\"elementor-widget-wrap elementor-element-populated\">\n\t\t\t\t\t\t<div class=\"elementor-element elementor-element-245fda79 elementor-widget elementor-widget-image\" data-id=\"245fda79\" data-element_type=\"widget\" data-e-type=\"widget\" data-widget_type=\"image.default\">\n\t\t\t\t<div class=\"elementor-widget-container\">\n\t\t\t\t\t\t\t\t\t\t\t\t\t\t\t<img fetchpriority=\"high\" decoding=\"async\" width=\"916\" height=\"623\" src=\"https:\/\/blogs.uned.es\/unedabierta\/wp-content\/uploads\/sites\/223\/2023\/05\/asset-v1_MAPFREUrgSan0122023type@assetblock@portada_curso__1_.jpeg\" class=\"attachment-large size-large wp-image-16457\" alt=\"\" srcset=\"https:\/\/blogs.uned.es\/unedabierta\/wp-content\/uploads\/sites\/223\/2023\/05\/asset-v1_MAPFREUrgSan0122023type@assetblock@portada_curso__1_.jpeg 916w, https:\/\/blogs.uned.es\/unedabierta\/wp-content\/uploads\/sites\/223\/2023\/05\/asset-v1_MAPFREUrgSan0122023type@assetblock@portada_curso__1_-300x204.jpeg 300w, https:\/\/blogs.uned.es\/unedabierta\/wp-content\/uploads\/sites\/223\/2023\/05\/asset-v1_MAPFREUrgSan0122023type@assetblock@portada_curso__1_-768x522.jpeg 768w\" sizes=\"(max-width: 916px) 100vw, 916px\" \/>\t\t\t\t\t\t\t\t\t\t\t\t\t\t\t<\/div>\n\t\t\t\t<\/div>\n\t\t\t\t\t<\/div>\n\t\t<\/div>\n\t\t\t\t\t<\/div>\n\t\t<\/section>\n\t\t\t\t<section class=\"elementor-section elementor-top-section elementor-element elementor-element-f6334b0 elementor-section-content-middle elementor-section-full_width elementor-reverse-mobile elementor-section-height-default elementor-section-height-default\" data-id=\"f6334b0\" data-element_type=\"section\" data-e-type=\"section\" data-settings=\"{&quot;background_background&quot;:&quot;classic&quot;}\">\n\t\t\t\t\t\t<div class=\"elementor-container elementor-column-gap-no\">\n\t\t\t\t\t<div class=\"elementor-column elementor-col-50 elementor-top-column elementor-element elementor-element-5df1471c\" data-id=\"5df1471c\" data-element_type=\"column\" data-e-type=\"column\">\n\t\t\t<div class=\"elementor-widget-wrap elementor-element-populated\">\n\t\t\t\t\t\t<div class=\"elementor-element elementor-element-6e40ca02 elementor-widget elementor-widget-image\" data-id=\"6e40ca02\" data-element_type=\"widget\" data-e-type=\"widget\" data-widget_type=\"image.default\">\n\t\t\t\t<div class=\"elementor-widget-container\">\n\t\t\t\t\t\t\t\t\t\t\t\t\t\t\t\t<a href=\"https:\/\/iedra.uned.es\/courses\/course-v1:MAPFRE+UsoSaludableTICs_005+2023\/about\">\n\t\t\t\t\t\t\t<img decoding=\"async\" width=\"922\" height=\"621\" src=\"https:\/\/blogs.uned.es\/unedabierta\/wp-content\/uploads\/sites\/223\/2021\/04\/asset-v1_UNEDUsoSaludableTICs2021type@assetblock@portada_curso_tic.jpeg\" class=\"attachment-large size-large wp-image-10231\" alt=\"Fundaci\u00f3n MAPFRE: Uso saludable y responsable de las TIC\" \/>\t\t\t\t\t\t\t\t<\/a>\n\t\t\t\t\t\t\t\t\t\t\t\t\t\t\t<\/div>\n\t\t\t\t<\/div>\n\t\t\t\t\t<\/div>\n\t\t<\/div>\n\t\t\t\t<div class=\"elementor-column elementor-col-50 elementor-top-column elementor-element elementor-element-35165e16\" data-id=\"35165e16\" data-element_type=\"column\" data-e-type=\"column\">\n\t\t\t<div class=\"elementor-widget-wrap elementor-element-populated\">\n\t\t\t\t\t\t<div class=\"elementor-element elementor-element-5c902ae0 elementor-widget elementor-widget-heading\" data-id=\"5c902ae0\" data-element_type=\"widget\" data-e-type=\"widget\" data-widget_type=\"heading.default\">\n\t\t\t\t<div class=\"elementor-widget-container\">\n\t\t\t\t\t<h2 class=\"elementor-heading-title elementor-size-default\">Uso saludable y responsable de las TIC<\/h2>\t\t\t\t<\/div>\n\t\t\t\t<\/div>\n\t\t\t\t<div class=\"elementor-element elementor-element-4c1fe53e elementor-widget elementor-widget-text-editor\" data-id=\"4c1fe53e\" data-element_type=\"widget\" data-e-type=\"widget\" data-widget_type=\"text-editor.default\">\n\t\t\t\t<div class=\"elementor-widget-container\">\n\t\t\t\t\t\t\t\t\t<p>En este curso se abordar\u00e1n los principales riesgos que uno puede encontrarse en la red, y as\u00ed hacer un uso saludable y responsable internet, aprovechando las ventajas que ofrece.<\/p><p class=\"important-dates-item-title\">Pr\u00f3ximamente<\/p>\t\t\t\t\t\t\t\t<\/div>\n\t\t\t\t<\/div>\n\t\t\t\t\t<\/div>\n\t\t<\/div>\n\t\t\t\t\t<\/div>\n\t\t<\/section>\n\t\t\t\t<section class=\"elementor-section elementor-top-section elementor-element elementor-element-29b79bda elementor-section-content-middle elementor-section-full_width elementor-section-height-default elementor-section-height-default\" data-id=\"29b79bda\" data-element_type=\"section\" data-e-type=\"section\" data-settings=\"{&quot;background_background&quot;:&quot;classic&quot;}\">\n\t\t\t\t\t\t<div class=\"elementor-container elementor-column-gap-no\">\n\t\t\t\t\t<div class=\"elementor-column elementor-col-50 elementor-top-column elementor-element elementor-element-4df46216\" data-id=\"4df46216\" data-element_type=\"column\" data-e-type=\"column\">\n\t\t\t<div class=\"elementor-widget-wrap elementor-element-populated\">\n\t\t\t\t\t\t<div class=\"elementor-element elementor-element-5a51f0eb elementor-widget elementor-widget-heading\" data-id=\"5a51f0eb\" data-element_type=\"widget\" data-e-type=\"widget\" data-widget_type=\"heading.default\">\n\t\t\t\t<div class=\"elementor-widget-container\">\n\t\t\t\t\t<h2 class=\"elementor-heading-title elementor-size-default\">Promoci\u00f3n de la salud en el entorno escolar <\/h2>\t\t\t\t<\/div>\n\t\t\t\t<\/div>\n\t\t\t\t<div class=\"elementor-element elementor-element-5a5ec5d4 elementor-widget elementor-widget-text-editor\" data-id=\"5a5ec5d4\" data-element_type=\"widget\" data-e-type=\"widget\" data-widget_type=\"text-editor.default\">\n\t\t\t\t<div class=\"elementor-widget-container\">\n\t\t\t\t\t\t\t\t\t<p>El curso permitir\u00e1 al profesorado mejorar su competencia profesional para realizar proyectos e intervenciones en promoci\u00f3n de la salud en el entorno escolar a trav\u00e9s del estudio del marco te\u00f3rico que sustenta la promoci\u00f3n de la salud\u00a0 as\u00ed como\u00a0 el an\u00e1lisis de proyectos y acciones relacionadas con la promoci\u00f3n de la salud en el entorno escolar.<\/p><p>Pr\u00f3ximamente<\/p>\t\t\t\t\t\t\t\t<\/div>\n\t\t\t\t<\/div>\n\t\t\t\t\t<\/div>\n\t\t<\/div>\n\t\t\t\t<div class=\"elementor-column elementor-col-50 elementor-top-column elementor-element elementor-element-5135eadc\" data-id=\"5135eadc\" data-element_type=\"column\" data-e-type=\"column\">\n\t\t\t<div class=\"elementor-widget-wrap elementor-element-populated\">\n\t\t\t\t\t\t<div class=\"elementor-element elementor-element-2606314e elementor-widget elementor-widget-image\" data-id=\"2606314e\" data-element_type=\"widget\" data-e-type=\"widget\" data-widget_type=\"image.default\">\n\t\t\t\t<div class=\"elementor-widget-container\">\n\t\t\t\t\t\t\t\t\t\t\t\t\t\t\t<img decoding=\"async\" width=\"300\" height=\"169\" src=\"https:\/\/blogs.uned.es\/unedabierta\/wp-content\/uploads\/sites\/223\/2023\/05\/promocio\u0301n-de-la-salud-en-el-entorno-escolar.jpeg\" class=\"attachment-large size-large wp-image-16473\" alt=\"\" \/>\t\t\t\t\t\t\t\t\t\t\t\t\t\t\t<\/div>\n\t\t\t\t<\/div>\n\t\t\t\t\t<\/div>\n\t\t<\/div>\n\t\t\t\t\t<\/div>\n\t\t<\/section>\n\t\t\t\t<section class=\"elementor-section elementor-top-section elementor-element elementor-element-181107f5 elementor-section-boxed elementor-section-height-default elementor-section-height-default\" data-id=\"181107f5\" data-element_type=\"section\" data-e-type=\"section\">\n\t\t\t\t\t\t<div class=\"elementor-container elementor-column-gap-default\">\n\t\t\t\t\t<div class=\"elementor-column elementor-col-100 elementor-top-column elementor-element elementor-element-653db93b\" data-id=\"653db93b\" data-element_type=\"column\" data-e-type=\"column\">\n\t\t\t<div class=\"elementor-widget-wrap elementor-element-populated\">\n\t\t\t\t\t\t<div class=\"elementor-element elementor-element-26c7c3ab eael-infobox-content-align--center eael-infobox-icon-bg-shape-none eael-infobox-icon-hover-bg-shape-none elementor-widget elementor-widget-eael-info-box\" data-id=\"26c7c3ab\" data-element_type=\"widget\" data-e-type=\"widget\" data-widget_type=\"eael-info-box.default\">\n\t\t\t\t<div class=\"elementor-widget-container\">\n\t\t\t\t\t        <div class=\"eael-infobox icon-on-top\">\n\t            <div class=\"infobox-icon eael-icon-only\">\n\n            \n                            <div class=\"infobox-icon-wrap\">\n                    <i aria-hidden=\"true\" class=\"fas fa-plus\"><\/i>                <\/div>\n            \n            \n        <\/div>\n            <div class=\"infobox-content eael-icon-only\">\n        <div><hr \/><p>Para conocer m\u00e1s acerca de las actividades de la Fundaci\u00f3n MAPFRE visita su sitio web:\u00a0<a href=\"http:\/\/www.fundacionmapfre.org\">www.fundacionmapfre.org<\/a>\u00a0y tambi\u00e9n puedes <a href=\"https:\/\/www.fundacionmapfre.org\/fundacion\/es_es\/conocenos\/contactanos\/\">contactar con Fundaci\u00f3n MAPFRE<\/a> a trav\u00e9s de su formulario de contacto.<\/p><\/div>        <\/div>\n            <\/div>\n\n\t\t\t\t\t\t<\/div>\n\t\t\t\t<\/div>\n\t\t\t\t\t<\/div>\n\t\t<\/div>\n\t\t\t\t\t<\/div>\n\t\t<\/section>\n\t\t\t\t<section class=\"elementor-section elementor-top-section elementor-element elementor-element-9d3104f elementor-section-boxed elementor-section-height-default elementor-section-height-default\" data-id=\"9d3104f\" data-element_type=\"section\" data-e-type=\"section\">\n\t\t\t\t\t\t<div class=\"elementor-container elementor-column-gap-default\">\n\t\t\t\t\t<div class=\"elementor-column elementor-col-100 elementor-top-column elementor-element elementor-element-ce0b186\" data-id=\"ce0b186\" data-element_type=\"column\" data-e-type=\"column\">\n\t\t\t<div class=\"elementor-widget-wrap elementor-element-populated\">\n\t\t\t\t\t\t<div class=\"elementor-element elementor-element-aae4085 elementor-widget elementor-widget-text-editor\" data-id=\"aae4085\" data-element_type=\"widget\" data-e-type=\"widget\" data-widget_type=\"text-editor.default\">\n\t\t\t\t<div class=\"elementor-widget-container\">\n\t\t\t\t\t\t\t\t\t<figure id=\"attachment_2241\" aria-describedby=\"caption-attachment-2241\" style=\"width: 300px\" class=\"wp-caption aligncenter\"><img loading=\"lazy\" decoding=\"async\" class=\"wp-image-2241 size-medium\" src=\"https:\/\/blogs.uned.es\/unedabierta\/wp-content\/uploads\/sites\/223\/2017\/03\/FM_2-e1524658013783-300x130.png\" alt=\"Logo Fundaci\u00f3n Mapfre\" width=\"300\" height=\"130\" srcset=\"https:\/\/blogs.uned.es\/unedabierta\/wp-content\/uploads\/sites\/223\/2017\/03\/FM_2-e1524658013783-300x130.png 300w, https:\/\/blogs.uned.es\/unedabierta\/wp-content\/uploads\/sites\/223\/2017\/03\/FM_2-e1524658013783-768x332.png 768w, https:\/\/blogs.uned.es\/unedabierta\/wp-content\/uploads\/sites\/223\/2017\/03\/FM_2-e1524658013783.png 1000w\" sizes=\"(max-width: 300px) 100vw, 300px\" \/><figcaption id=\"caption-attachment-2241\" class=\"wp-caption-text\">Logo Fundaci\u00f3n Mapfre<\/figcaption><\/figure>\t\t\t\t\t\t\t\t<\/div>\n\t\t\t\t<\/div>\n\t\t\t\t\t<\/div>\n\t\t<\/div>\n\t\t\t\t\t<\/div>\n\t\t<\/section>\n\t\t\t\t<\/div>\n\t\t","protected":false},"excerpt":{"rendered":"<p>El Aula Fundaci\u00f3n MAPFRE ofrece formaci\u00f3n en conocimientos y habilidades relacionados con la innovaci\u00f3n educativa y educaci\u00f3n inclusiva, seguridad vial, promoci\u00f3n de la salud, prevenci\u00f3n de accidentes, y sobre cultura financiera y aseguradora. Ir a la Fundaci\u00f3n mapfre Promoci\u00f3n de la salud. Curso para profesores en urgencias y emergencias sanitarias El curso va encaminado a&hellip;&nbsp;<a href=\"https:\/\/blogs.uned.es\/unedabierta\/fundacion-mapfre\/\" rel=\"bookmark\">Leer m\u00e1s &raquo;<span class=\"screen-reader-text\">Aula Fundaci\u00f3n Mapfre<\/span><\/a><\/p>\n","protected":false},"author":247,"featured_media":0,"comment_status":"closed","ping_status":"open","sticky":false,"template":"","format":"standard","meta":{"neve_meta_sidebar":"","neve_meta_container":"","neve_meta_enable_content_width":"","neve_meta_content_width":0,"neve_meta_title_alignment":"","neve_meta_author_avatar":"","neve_post_elements_order":"","neve_meta_disable_header":"","neve_meta_disable_footer":"","neve_meta_disable_title":"","footnotes":""},"categories":[1],"tags":[],"class_list":["post-16429","post","type-post","status-publish","format-standard","hentry","category-sin-categoria"],"_links":{"self":[{"href":"https:\/\/blogs.uned.es\/unedabierta\/wp-json\/wp\/v2\/posts\/16429","targetHints":{"allow":["GET"]}}],"collection":[{"href":"https:\/\/blogs.uned.es\/unedabierta\/wp-json\/wp\/v2\/posts"}],"about":[{"href":"https:\/\/blogs.uned.es\/unedabierta\/wp-json\/wp\/v2\/types\/post"}],"author":[{"embeddable":true,"href":"https:\/\/blogs.uned.es\/unedabierta\/wp-json\/wp\/v2\/users\/247"}],"replies":[{"embeddable":true,"href":"https:\/\/blogs.uned.es\/unedabierta\/wp-json\/wp\/v2\/comments?post=16429"}],"version-history":[{"count":49,"href":"https:\/\/blogs.uned.es\/unedabierta\/wp-json\/wp\/v2\/posts\/16429\/revisions"}],"predecessor-version":[{"id":18927,"href":"https:\/\/blogs.uned.es\/unedabierta\/wp-json\/wp\/v2\/posts\/16429\/revisions\/18927"}],"wp:attachment":[{"href":"https:\/\/blogs.uned.es\/unedabierta\/wp-json\/wp\/v2\/media?parent=16429"}],"wp:term":[{"taxonomy":"category","embeddable":true,"href":"https:\/\/blogs.uned.es\/unedabierta\/wp-json\/wp\/v2\/categories?post=16429"},{"taxonomy":"post_tag","embeddable":true,"href":"https:\/\/blogs.uned.es\/unedabierta\/wp-json\/wp\/v2\/tags?post=16429"}],"curies":[{"name":"wp","href":"https:\/\/api.w.org\/{rel}","templated":true}]}}