{"id":3709,"date":"2024-02-28T12:03:39","date_gmt":"2024-02-28T12:03:39","guid":{"rendered":"https:\/\/blogs.uned.es\/sociologia2\/?p=3709"},"modified":"2024-02-28T12:36:34","modified_gmt":"2024-02-28T12:36:34","slug":"la-contribucion-de-luis-garrido-a-la-sociologia-de-la-familia","status":"publish","type":"post","link":"https:\/\/blogs.uned.es\/sociologia2\/2024\/02\/28\/la-contribucion-de-luis-garrido-a-la-sociologia-de-la-familia\/","title":{"rendered":"La contribuci\u00f3n de Luis Garrido a la Sociolog\u00eda de la Familia"},"content":{"rendered":"<p><em>Texto pronunciado en el Homenaje a las maestras y maestros de <\/em>Sociolog\u00eda de la Familia<em> que se celebr\u00f3 en el II Encuentro Intercongresual del CI03 Familia de la Federaci\u00f3n Espa\u00f1ola de Sociolog\u00eda (Congr\u00e9s Catal\u00e0 Internacional de Sociologia en la Universidad de Barcelona, 12-14 de julio de 2023)<\/em><\/p>\n<h3>Por Elisa Chuli\u00e1<\/h3>\n<p>Empiezo con un agradecimiento a los organizadores de este acto por la iniciativa del homenaje, y tambi\u00e9n por ofrecerme unos minutos para glosar la contribuci\u00f3n de Luis Garrido a la <em>Sociolog\u00eda de la Familia<\/em> y destacar algunos rasgos de su figura como soci\u00f3logo. Gracias a Luis Ayuso, que ha perseguido, desde hace a\u00f1os, esta idea del homenaje, y tambi\u00e9n al presidente de la FES, Marius Dom\u00ednguez, por apoyarla.<\/p>\n<p>Son bastantes los textos publicados por Luis Garrido que analizan cuestiones directamente relacionadas con la familia espa\u00f1ola, pero querr\u00eda llamar la atenci\u00f3n sobre tres de ellos porque re\u00fanen datos, argumentos y reflexiones que sistem\u00e1tica y consistentemente han ocupado y preocupado a Luis durante d\u00e9cadas, hasta nuestros d\u00edas, hasta hoy mismo.<\/p>\n<p>Estas tres publicaciones son su libro <em>Las dos biograf\u00edas de la mujer en Espa\u00f1a<\/em>, publicado en 1992 por el Instituto de la Mujer, y sus cap\u00edtulos \u201cLa revoluci\u00f3n reproductiva\u201d y \u201cLa familia estatal. El control fiscal de la natalidad\u201d, ambos publicados por la editorial Alianza en la segunda mitad de los a\u00f1os noventa, el primero en el volumen titulado <em>Salud, dinero y amor. La calidad de vida de las mujeres espa\u00f1olas (<\/em>editado por Cecilia Casta\u00f1o y Santiago Palacios), y el segundo, en el libro editado por el propio Luis y por Enrique Gil Calvo, que lleva por t\u00edtulo <em>Estrategias familiares.<\/em><\/p>\n<p>Como en todas las investigaciones sobre la sociedad que, publicadas o no, ha llevado a cabo Luis desde que comenz\u00f3 a practicar la Sociolog\u00eda a finales de los a\u00f1os setenta del pasado siglo, la aproximaci\u00f3n anal\u00edtica de las tres aqu\u00ed citadas es eminentemente cuantitativa. Pero lo m\u00e1s destacable es que \u00e9l no se limita a analizar los datos disponibles, sino que \u201cre-crea\u201d fuentes primarias, definiendo nuevas categor\u00edas de an\u00e1lisis y variables, construyendo indicadores e \u00edndices sint\u00e9ticos, proponiendo nuevos formatos de expresi\u00f3n de la informaci\u00f3n estad\u00edstica\u2026; en definitiva, ingeniando aproximaciones conceptuales y metodol\u00f3gicas propias, sin someterse a las modas que empujan al uso generalizado de una t\u00e9cnica u otra, y resisti\u00e9ndose a la tendencia de \u00a0utilizar modelos estad\u00edsticos complejos cuando no lo considera necesario. He utilizado muy deliberadamente el verbo \u201cingeniar\u201d, porque Luis tiene formaci\u00f3n de ingeniero, de \u201cciencias duras\u201d, y esa carrera de ingenier\u00eda a cuyo estudio dedic\u00f3 parte de su juventud ha marcado sus investigaciones sociol\u00f3gicas. Lo suyo es identificar regularidades sociol\u00f3gicas a partir del an\u00e1lisis de datos masivos; no ya de miles de registros, sino decenas de miles, centenas de miles, incluso millones, como cuando analiza la Encuesta de Poblaci\u00f3n Activa desde sus or\u00edgenes, en los a\u00f1os sesenta del pasado siglo. Datos que recogen sobre todo caracter\u00edsticas o comportamientos de la poblaci\u00f3n, su posici\u00f3n social, sus estructuras de identidad y acci\u00f3n, que para Luis son mucho m\u00e1s importantes que sus actitudes y tendencias culturales e ideol\u00f3gicas.<\/p>\n<p>En <em>Las dos biograf\u00edas de la mujer en Espa\u00f1a<\/em>, Luis centra la atenci\u00f3n en la incorporaci\u00f3n de las mujeres espa\u00f1olas al trabajo remunerado. El aumento de los niveles formativos de la poblaci\u00f3n femenina \u2013el \u201cvuelco educativo\u201d, como \u00e9l lo denomina\u2013, cambia radicalmente las biograf\u00edas de las mujeres alej\u00e1ndolas de su dedicaci\u00f3n casi exclusiva al trabajo reproductivo dentro del hogar, precedido por el matrimonio. Luis distingue cohortes de nacimiento y muestra c\u00f3mo se produce esa incorporaci\u00f3n, y c\u00f3mo se ve afectada por las crisis econ\u00f3micas, entre otros factores. Y ya entrev\u00e9 los efectos de ese proceso sobre la fecundidad; es decir, la evoluci\u00f3n hacia una natalidad muy baja de las espa\u00f1olas mejor formadas, que percibe como \u201cel principio de un proceso en el que la conciencia de sus protagonistas parece que dirige los cambios de comportamiento menos de lo que resulta dirigida por ellos\u201d. Por tanto, los cambios son previos a la conciencia de ellos; con otras palabras, en su an\u00e1lisis, la estructura es previa a la cultura.<\/p>\n<p>En \u201cLa revoluci\u00f3n reproductiva\u201d retoma esta cuesti\u00f3n. Ofrece aqu\u00ed un an\u00e1lisis de la familia como empresa dedicada a un tipo espec\u00edfico de reproducci\u00f3n, concretamente la humana, explicando los cambios (demogr\u00e1ficos, econ\u00f3micos, funcionales) que ha sufrido esa empresa durante las \u00faltimas d\u00e9cadas y las consecuencias de tales cambios, singularmente el aumento del tiempo dedicado al trabajo retribuido y el descenso de recursos de las familias para ser dedicados a la funci\u00f3n reproductiva.\u00a0 (Por cierto, el concepto de \u201crevoluci\u00f3n reproductiva\u201d acu\u00f1ado por Luis ser\u00eda posteriormente utilizado por Julio P\u00e9rez D\u00edaz y John MacInnes para dar nombre a su conocida teor\u00eda de la revoluci\u00f3n reproductiva, refiri\u00e9ndose expl\u00edcitamente a Luis como \u201cprecedente claro\u201d de esa propuesta te\u00f3rica).<\/p>\n<p>Y en \u201cLa familia estatal. El control fiscal de la natalidad\u201d, Luis enfoca la atenci\u00f3n sobre el papel del Estado en la evoluci\u00f3n de las familias. Explica en este texto c\u00f3mo la familia, el \u00e1mbito en el que las relaciones de dependencia se basan en los dones, sin exigencia de retribuci\u00f3n espec\u00edfica ni inmediata, ha ido transfiriendo la cobertura de esas dependencias al Estado mediante el sistema fiscal. Mantiene que estos procesos de transferencia de los riesgos familiares al Estado acaban proporcionando libertad concreta, independencia de acci\u00f3n a los miembros de la familia, pero tambi\u00e9n dificultando la natalidad, al tiempo que desplazan progresivamente la importancia del matrimonio. Y ello porque el Estado, que ha asumido funciones que antes cumpl\u00edan las familias proveyendo unos servicios que procuran seguridad presente y futura, tiene una preferencia por los dependientes existentes \u2013es decir, personas enfermas, desempleadas y, sobre todo, mayores\u2013 sobre los dependientes potenciales (ni\u00f1os); una preferencia que no hace m\u00e1s que agudizarse a medida que la poblaci\u00f3n mayor cobra creciente peso en el cuerpo electoral.<\/p>\n<p>En definitiva, los temas que preocupaban a Luis hace 25 a\u00f1os estaban muy relacionados con los cambios familiares y, en particular, el descenso de la fecundidad entre las mujeres mejor formadas. Y son esos los temas que le siguen preocupando intensamente, hasta el punto de levantarse con frecuencia de madrugada y arrancar el SPSS, superando lo que \u00e9l llama \u201cmiedo anal\u00edtico\u201d (el temor a descubrir en los datos fen\u00f3menos que le inquietan, y hasta disgustan). Y es que a Luis le parece dram\u00e1tico, quiz\u00e1 hasta tr\u00e1gico, que las mujeres que m\u00e1s se han esforzado y esfuerzan en mejorar sus cualificaciones, sus conocimientos, su cultura, en contribuir al crecimiento de la econom\u00eda y a la financiaci\u00f3n del Estado a trav\u00e9s de sus impuestos, se queden sin hijos o con menos hijos de los que desear\u00edan.<\/p>\n<p>Se podr\u00e1n compartir m\u00e1s o menos las consecuencias o implicaciones de orden social, econ\u00f3mico y pol\u00edtico que Luis deriva de los datos, pero sobre el rigor, la calidad y la nitidez anal\u00edtica de estos caben pocas dudas. Luis ha repartido y sigue repartiendo esos datos que \u00e9l compone y reordena, que \u00e9l escarba y trilla de muchas fuentes (en particular, de la EPA), entre todo aquel que se los pide porque entiende que el conocimiento hay que difundirlo, que la Sociolog\u00eda no puede guardar estrat\u00e9gicamente los hallazgos esperando la oportunidad de publicaciones de alto impacto que, al final, carecen de la suficiente difusi\u00f3n y capacidad de transferencia social.<\/p>\n<p>Muchos somos los que nos hemos beneficiado de las tablas y gr\u00e1ficos sobre demograf\u00eda familiar que nos ha preparado Luis para responder a preguntas que le hemos planteado, y tambi\u00e9n de sus explicaciones y reflexiones. Estos dones que nos ha hecho de sus conocimientos y de su tiempo constituyen una demostraci\u00f3n de la mejor amistad que cabe imaginar entre acad\u00e9micos de una misma disciplina. Demuestran su generosidad, pero tambi\u00e9n el compromiso con su pa\u00eds, su conciencia de servidor p\u00fablico y su inter\u00e9s genuino en mejorar la sociedad espa\u00f1ola.<\/p>\n<p>Por este comportamiento tan intelectual y cient\u00edficamente s\u00f3lido, tan racional y anal\u00edtico, y a la vez, tan apasionado, generoso y comprometido, permitidme que acabe esta intervenci\u00f3n con dos palabras, que s\u00e9 que expreso en nombre de muchos compa\u00f1eros de profesi\u00f3n: gracias, Luis.<\/p>\n","protected":false},"excerpt":{"rendered":"<p>Texto pronunciado en el Homenaje a las maestras y maestros de Sociolog\u00eda de la Familia que se celebr\u00f3 en el II Encuentro Intercongresual del CI03 Familia de la Federaci\u00f3n Espa\u00f1ola de Sociolog\u00eda (Congr\u00e9s Catal\u00e0 Internacional de Sociologia en la Universidad de Barcelona, 12-14 de julio de 2023) Por Elisa Chuli\u00e1 Empiezo con un agradecimiento a &hellip; <a href=\"https:\/\/blogs.uned.es\/sociologia2\/2024\/02\/28\/la-contribucion-de-luis-garrido-a-la-sociologia-de-la-familia\/\" class=\"more-link\">Seguir leyendo <span class=\"screen-reader-text\">La contribuci\u00f3n de Luis Garrido a la Sociolog\u00eda de la Familia<\/span> <span class=\"meta-nav\">&rarr;<\/span><\/a><\/p>\n","protected":false},"author":7157,"featured_media":0,"comment_status":"open","ping_status":"open","sticky":false,"template":"","format":"standard","meta":{"footnotes":""},"categories":[1],"tags":[],"class_list":["post-3709","post","type-post","status-publish","format-standard","hentry","category-sin-categoria"],"post_mailing_queue_ids":[],"_links":{"self":[{"href":"https:\/\/blogs.uned.es\/sociologia2\/wp-json\/wp\/v2\/posts\/3709","targetHints":{"allow":["GET"]}}],"collection":[{"href":"https:\/\/blogs.uned.es\/sociologia2\/wp-json\/wp\/v2\/posts"}],"about":[{"href":"https:\/\/blogs.uned.es\/sociologia2\/wp-json\/wp\/v2\/types\/post"}],"author":[{"embeddable":true,"href":"https:\/\/blogs.uned.es\/sociologia2\/wp-json\/wp\/v2\/users\/7157"}],"replies":[{"embeddable":true,"href":"https:\/\/blogs.uned.es\/sociologia2\/wp-json\/wp\/v2\/comments?post=3709"}],"version-history":[{"count":8,"href":"https:\/\/blogs.uned.es\/sociologia2\/wp-json\/wp\/v2\/posts\/3709\/revisions"}],"predecessor-version":[{"id":3725,"href":"https:\/\/blogs.uned.es\/sociologia2\/wp-json\/wp\/v2\/posts\/3709\/revisions\/3725"}],"wp:attachment":[{"href":"https:\/\/blogs.uned.es\/sociologia2\/wp-json\/wp\/v2\/media?parent=3709"}],"wp:term":[{"taxonomy":"category","embeddable":true,"href":"https:\/\/blogs.uned.es\/sociologia2\/wp-json\/wp\/v2\/categories?post=3709"},{"taxonomy":"post_tag","embeddable":true,"href":"https:\/\/blogs.uned.es\/sociologia2\/wp-json\/wp\/v2\/tags?post=3709"}],"curies":[{"name":"wp","href":"https:\/\/api.w.org\/{rel}","templated":true}]}}