{"id":3681,"date":"2023-12-18T09:40:00","date_gmt":"2023-12-18T09:40:00","guid":{"rendered":"https:\/\/blogs.uned.es\/sociologia2\/?p=3681"},"modified":"2023-12-18T05:53:03","modified_gmt":"2023-12-18T05:53:03","slug":"federico-m-rossi-publica-libro-democracia-y-movimientos-sociales","status":"publish","type":"post","link":"https:\/\/blogs.uned.es\/sociologia2\/2023\/12\/18\/federico-m-rossi-publica-libro-democracia-y-movimientos-sociales\/","title":{"rendered":"Federico M. Rossi publica libro \u00abDemocracia y Movimientos Sociales\u00bb"},"content":{"rendered":"\n<p>En este libro se publica la Conferencia Magistral presentada por Federico M. Rossi en el Instituto Nacional Electoral (INE) de M\u00e9xico en d\u00f3nde se responden detalladamente seis preguntas centrales para saber c\u00f3mo y en qu\u00e9 sentido la democracia y los movimientos sociales se relacionan, es decir, el papel que juegan los movimientos en la construcci\u00f3n, defensa, expansi\u00f3n y redefinici\u00f3n sustantiva de la democracia en y m\u00e1s all\u00e1 de las esferas estatales del poder. El libro \u00ab<a href=\"https:\/\/www.ine.mx\/wp-content\/uploads\/2023\/11\/democracia-y-movimientos-sociales.pdf\" data-type=\"link\" data-id=\"https:\/\/www.ine.mx\/wp-content\/uploads\/2023\/11\/democracia-y-movimientos-sociales.pdf\">Democracia y Movimientos Sociales<\/a>\u00bb es de accesso abierto, as\u00ed como la <a href=\"https:\/\/www.ine.mx\/cuadernos-divulgacion-conferencias-magistrales\/\" data-type=\"link\" data-id=\"https:\/\/www.ine.mx\/cuadernos-divulgacion-conferencias-magistrales\/\">serie completa<\/a>.<\/p>\n\n\n\n<figure class=\"wp-block-image size-full\"><img loading=\"lazy\" decoding=\"async\" width=\"608\" height=\"358\" src=\"https:\/\/blogs.uned.es\/sociologia2\/wp-content\/uploads\/sites\/113\/2023\/12\/WhatsApp-Image-2023-12-18-at-02.46.11_f7c208e2.jpg\" alt=\"\" class=\"wp-image-3689\" srcset=\"https:\/\/blogs.uned.es\/sociologia2\/wp-content\/uploads\/sites\/113\/2023\/12\/WhatsApp-Image-2023-12-18-at-02.46.11_f7c208e2.jpg 608w, https:\/\/blogs.uned.es\/sociologia2\/wp-content\/uploads\/sites\/113\/2023\/12\/WhatsApp-Image-2023-12-18-at-02.46.11_f7c208e2-300x177.jpg 300w\" sizes=\"auto, (max-width: 608px) 100vw, 608px\" \/><\/figure>\n","protected":false},"excerpt":{"rendered":"<p>En este libro se publica la Conferencia Magistral presentada por Federico M. Rossi en el Instituto Nacional Electoral (INE) de M\u00e9xico en d\u00f3nde se responden detalladamente seis preguntas centrales para saber c\u00f3mo y en qu\u00e9 sentido la democracia y los movimientos sociales se relacionan, es decir, el papel que juegan los movimientos en la construcci\u00f3n, &hellip; <a href=\"https:\/\/blogs.uned.es\/sociologia2\/2023\/12\/18\/federico-m-rossi-publica-libro-democracia-y-movimientos-sociales\/\" class=\"more-link\">Seguir leyendo <span class=\"screen-reader-text\">Federico M. Rossi publica libro \u00abDemocracia y Movimientos Sociales\u00bb<\/span> <span class=\"meta-nav\">&rarr;<\/span><\/a><\/p>\n","protected":false},"author":7727,"featured_media":0,"comment_status":"open","ping_status":"open","sticky":false,"template":"","format":"standard","meta":{"footnotes":""},"categories":[1],"tags":[],"class_list":["post-3681","post","type-post","status-publish","format-standard","hentry","category-sin-categoria"],"post_mailing_queue_ids":[],"_links":{"self":[{"href":"https:\/\/blogs.uned.es\/sociologia2\/wp-json\/wp\/v2\/posts\/3681","targetHints":{"allow":["GET"]}}],"collection":[{"href":"https:\/\/blogs.uned.es\/sociologia2\/wp-json\/wp\/v2\/posts"}],"about":[{"href":"https:\/\/blogs.uned.es\/sociologia2\/wp-json\/wp\/v2\/types\/post"}],"author":[{"embeddable":true,"href":"https:\/\/blogs.uned.es\/sociologia2\/wp-json\/wp\/v2\/users\/7727"}],"replies":[{"embeddable":true,"href":"https:\/\/blogs.uned.es\/sociologia2\/wp-json\/wp\/v2\/comments?post=3681"}],"version-history":[{"count":2,"href":"https:\/\/blogs.uned.es\/sociologia2\/wp-json\/wp\/v2\/posts\/3681\/revisions"}],"predecessor-version":[{"id":3691,"href":"https:\/\/blogs.uned.es\/sociologia2\/wp-json\/wp\/v2\/posts\/3681\/revisions\/3691"}],"wp:attachment":[{"href":"https:\/\/blogs.uned.es\/sociologia2\/wp-json\/wp\/v2\/media?parent=3681"}],"wp:term":[{"taxonomy":"category","embeddable":true,"href":"https:\/\/blogs.uned.es\/sociologia2\/wp-json\/wp\/v2\/categories?post=3681"},{"taxonomy":"post_tag","embeddable":true,"href":"https:\/\/blogs.uned.es\/sociologia2\/wp-json\/wp\/v2\/tags?post=3681"}],"curies":[{"name":"wp","href":"https:\/\/api.w.org\/{rel}","templated":true}]}}