{"id":1515,"date":"2019-12-03T16:32:12","date_gmt":"2019-12-03T16:32:12","guid":{"rendered":"http:\/\/blogs.uned.es\/sociologia2\/?p=1515"},"modified":"2019-12-03T19:27:41","modified_gmt":"2019-12-03T19:27:41","slug":"esta-en-declive-la-clase-media","status":"publish","type":"post","link":"https:\/\/blogs.uned.es\/sociologia2\/2019\/12\/03\/esta-en-declive-la-clase-media\/","title":{"rendered":"\u00bfEst\u00e1 la clase media en declive?"},"content":{"rendered":"<p>La OCDE ha publicado un informe titulado <em><a href=\"https:\/\/www.oecd-ilibrary.org\/social-issues-migration-health\/under-pressure-the-squeezed-middle-class_689afed1-en\">Under Pressure: The Squeezed Middle Class<\/a><\/em>. A prop\u00f3sito del informe, <a href=\"https:\/\/sites.google.com\/view\/juanignaciomartinezpastor\/home\">Juan Ignacio Mart\u00ednez Pastor<\/a> y Josep Francesc Valls, profesores de la UNED y ESADE respectivamente, han debatido sobre si la clase media est\u00e1 o no en declive. Algunos datos hacen pensar que no es as\u00ed. En el propio informe se comprueba que, seg\u00fan la definici\u00f3n de la OCDE, la magnitud de la clase media ha variado muy poco en los pa\u00edses que componen dicha organizaci\u00f3n entre mediados de los a\u00f1os ochenta del siglo XX y la segunda d\u00e9cada del siglo XXI. Adem\u00e1s, algunos <a href=\"https:\/\/www.tandfonline.com\/doi\/abs\/10.1080\/14782804.2019.1625756?journalCode=cjea20\">estudios recientes<\/a> confirman que el poder econ\u00f3mico de la clase media de los 15 pa\u00edses m\u00e1s antiguos de la UE no ha disminuido en las \u00faltimas d\u00e9cadas. Otros aspectos, sin embargo, muestran un panorama m\u00e1s sombr\u00edo, como la dificultad de los j\u00f3venes milennials para integrarse en la clase media en comparaci\u00f3n con los j\u00f3venes de la generaci\u00f3n de los baby boomers; o el sobreendeudamiento que sufre en torno al 20% de la clase media en los pa\u00edses de la OCDE. En este <a href=\"http:\/\/www.rtve.es\/alacarta\/audios\/punto-de-enlace\/punto-enlace-esta-clase-media-declive-21-11-19\/5450054\/\">enlace<\/a> puedes escuchar el debate de RNE.<script><\/script><script><\/script><\/p>\n","protected":false},"excerpt":{"rendered":"<p>La OCDE ha publicado un informe titulado Under Pressure: The Squeezed Middle Class. A prop\u00f3sito del informe, Juan Ignacio Mart\u00ednez Pastor y Josep Francesc Valls, profesores de la UNED y ESADE respectivamente, han debatido sobre si la clase media est\u00e1 o no en declive. Algunos datos hacen pensar que no es as\u00ed. En el propio &hellip; <a href=\"https:\/\/blogs.uned.es\/sociologia2\/2019\/12\/03\/esta-en-declive-la-clase-media\/\" class=\"more-link\">Seguir leyendo <span class=\"screen-reader-text\">\u00bfEst\u00e1 la clase media en declive?<\/span> <span class=\"meta-nav\">&rarr;<\/span><\/a><\/p>\n","protected":false},"author":7153,"featured_media":0,"comment_status":"open","ping_status":"open","sticky":false,"template":"","format":"standard","meta":{"footnotes":""},"categories":[15],"tags":[],"class_list":["post-1515","post","type-post","status-publish","format-standard","hentry","category-en-la-radio"],"post_mailing_queue_ids":[],"_links":{"self":[{"href":"https:\/\/blogs.uned.es\/sociologia2\/wp-json\/wp\/v2\/posts\/1515","targetHints":{"allow":["GET"]}}],"collection":[{"href":"https:\/\/blogs.uned.es\/sociologia2\/wp-json\/wp\/v2\/posts"}],"about":[{"href":"https:\/\/blogs.uned.es\/sociologia2\/wp-json\/wp\/v2\/types\/post"}],"author":[{"embeddable":true,"href":"https:\/\/blogs.uned.es\/sociologia2\/wp-json\/wp\/v2\/users\/7153"}],"replies":[{"embeddable":true,"href":"https:\/\/blogs.uned.es\/sociologia2\/wp-json\/wp\/v2\/comments?post=1515"}],"version-history":[{"count":3,"href":"https:\/\/blogs.uned.es\/sociologia2\/wp-json\/wp\/v2\/posts\/1515\/revisions"}],"predecessor-version":[{"id":1521,"href":"https:\/\/blogs.uned.es\/sociologia2\/wp-json\/wp\/v2\/posts\/1515\/revisions\/1521"}],"wp:attachment":[{"href":"https:\/\/blogs.uned.es\/sociologia2\/wp-json\/wp\/v2\/media?parent=1515"}],"wp:term":[{"taxonomy":"category","embeddable":true,"href":"https:\/\/blogs.uned.es\/sociologia2\/wp-json\/wp\/v2\/categories?post=1515"},{"taxonomy":"post_tag","embeddable":true,"href":"https:\/\/blogs.uned.es\/sociologia2\/wp-json\/wp\/v2\/tags?post=1515"}],"curies":[{"name":"wp","href":"https:\/\/api.w.org\/{rel}","templated":true}]}}