{"id":12579,"date":"2023-08-28T11:19:15","date_gmt":"2023-08-28T11:19:15","guid":{"rendered":"https:\/\/blogs.uned.es\/sistemadeinformacion\/?p=12579"},"modified":"2023-08-28T11:28:32","modified_gmt":"2023-08-28T11:28:32","slug":"jordi-gimeno-bevia","status":"publish","type":"post","link":"https:\/\/blogs.uned.es\/sistemadeinformacion\/jordi-gimeno-bevia\/","title":{"rendered":"Jordi Gimeno Bevi\u00e1"},"content":{"rendered":"\t\t<div data-elementor-type=\"wp-post\" data-elementor-id=\"12579\" class=\"elementor elementor-12579\" data-elementor-post-type=\"post\">\n\t\t\t\t\t\t<section class=\"elementor-section elementor-top-section elementor-element elementor-element-e3a39c7 elementor-section-boxed elementor-section-height-default elementor-section-height-default\" data-id=\"e3a39c7\" data-element_type=\"section\" data-e-type=\"section\">\n\t\t\t\t\t\t<div class=\"elementor-container elementor-column-gap-default\">\n\t\t\t\t\t<div class=\"elementor-column elementor-col-33 elementor-top-column elementor-element elementor-element-5899ae1\" data-id=\"5899ae1\" data-element_type=\"column\" data-e-type=\"column\">\n\t\t\t<div class=\"elementor-widget-wrap elementor-element-populated\">\n\t\t\t\t\t\t<div class=\"elementor-element elementor-element-7793389 elementor-widget elementor-widget-image\" data-id=\"7793389\" data-element_type=\"widget\" data-e-type=\"widget\" data-widget_type=\"image.default\">\n\t\t\t\t<div class=\"elementor-widget-container\">\n\t\t\t\t\t\t\t\t\t\t\t\t<figure class=\"wp-caption\">\n\t\t\t\t\t\t\t\t\t\t<img decoding=\"async\" width=\"200\" height=\"199\" src=\"https:\/\/blogs.uned.es\/sistemadeinformacion\/wp-content\/uploads\/sites\/445\/2023\/08\/gimeno-bevia.jpg\" class=\"attachment-large size-large wp-image-12603\" alt=\"\" srcset=\"https:\/\/blogs.uned.es\/sistemadeinformacion\/wp-content\/uploads\/sites\/445\/2023\/08\/gimeno-bevia.jpg 200w, https:\/\/blogs.uned.es\/sistemadeinformacion\/wp-content\/uploads\/sites\/445\/2023\/08\/gimeno-bevia-150x150.jpg 150w\" sizes=\"(max-width: 200px) 100vw, 200px\" \/>\t\t\t\t\t\t\t\t\t\t\t<figcaption class=\"widget-image-caption wp-caption-text\"><\/figcaption>\n\t\t\t\t\t\t\t\t\t\t<\/figure>\n\t\t\t\t\t\t\t\t\t<\/div>\n\t\t\t\t<\/div>\n\t\t\t\t\t<\/div>\n\t\t<\/div>\n\t\t\t\t<div class=\"elementor-column elementor-col-66 elementor-top-column elementor-element elementor-element-f06f3c9\" data-id=\"f06f3c9\" data-element_type=\"column\" data-e-type=\"column\">\n\t\t\t<div class=\"elementor-widget-wrap elementor-element-populated\">\n\t\t\t\t\t\t<div class=\"elementor-element elementor-element-cef42ce elementor-widget elementor-widget-text-editor\" data-id=\"cef42ce\" data-element_type=\"widget\" data-e-type=\"widget\" data-widget_type=\"text-editor.default\">\n\t\t\t\t<div class=\"elementor-widget-container\">\n\t\t\t\t\t\t\t\t\t<p><span style=\"color: #000000\"><strong>JORDI GIMENO BEVI\u00c1<\/strong><\/span><\/p><p><span style=\"color: #000000\">Miembro del Equipo Docente del Diploma Experto Universitario \u00abResponsable del Sistema de Informaci\u00f3n sobre Infracciones de Derecho\u00bb.<\/span><\/p><p><span style=\"color: #000000\">Profesor Titular de Derecho Procesal de la UNED.<\/span><\/p>\t\t\t\t\t\t\t\t<\/div>\n\t\t\t\t<\/div>\n\t\t\t\t\t<\/div>\n\t\t<\/div>\n\t\t\t\t\t<\/div>\n\t\t<\/section>\n\t\t\t\t<section class=\"elementor-section elementor-top-section elementor-element elementor-element-57f8298 elementor-section-boxed elementor-section-height-default elementor-section-height-default\" data-id=\"57f8298\" data-element_type=\"section\" data-e-type=\"section\">\n\t\t\t\t\t\t<div class=\"elementor-container elementor-column-gap-default\">\n\t\t\t\t\t<div class=\"elementor-column elementor-col-100 elementor-top-column elementor-element elementor-element-e99916b\" data-id=\"e99916b\" data-element_type=\"column\" data-e-type=\"column\">\n\t\t\t<div class=\"elementor-widget-wrap elementor-element-populated\">\n\t\t\t\t\t\t<div class=\"elementor-element elementor-element-8a61f3b elementor-widget elementor-widget-text-editor\" data-id=\"8a61f3b\" data-element_type=\"widget\" data-e-type=\"widget\" data-widget_type=\"text-editor.default\">\n\t\t\t\t<div class=\"elementor-widget-container\">\n\t\t\t\t\t\t\t\t\t<p><strong><span style=\"color: #000000\">Referencias curriculares:<\/span><\/strong><\/p><ul><li>Profesor Titular de Derecho Procesal UNED y Vicedecano de investigaci\u00f3n e internacionalizaci\u00f3n de la Facultad de Derecho<\/li><li>Doctor en Derecho con menci\u00f3n internacional y premio extraordinario de doctorado por la UCLM con la tesis El proceso penal de las personas jur\u00eddicas<\/li><li>Fue Director Acad\u00e9mico de Internacionalizaci\u00f3n y Formaci\u00f3n Permanente en la UCLM durante los a\u00f1os 2017 a 2021<\/li><li>Autor de diversas monograf\u00edas y numerosos art\u00edculos doctrinales, viene desarrollando su labor docente en el \u00e1mbito del Derecho procesal, tanto civil como penal.<\/li><li>Entre sus principales l\u00edneas de especializaci\u00f3n destaca la responsabilidad penal de las personas jur\u00eddicas y los programas de cumplimiento (compliance); la aplicaci\u00f3n de tecnolog\u00edas disruptivas como la I.A y Blockchain al Derecho; y los m\u00e9todos alternativos de resoluci\u00f3n de conflictos, entre otras.<\/li><li>Ha completado su formaci\u00f3n con la realizaci\u00f3n de estancias<\/li><li>en las Universidades Humboldt de Berlin; Berkeley de California (USA), Universit\u00e0 degli studi di Palermo y la Bucerius Law School en Hamburgo.<\/li><li>Ha impartido ponencias en congresos y seminarios en Espa\u00f1a y en el extranjero, entre otros, en Mosc\u00fa, Munich, Roma, Lima, Guatemala, Ibagu\u00e9, Sao Paulo, y Buenos Aires.<\/li><\/ul>\t\t\t\t\t\t\t\t<\/div>\n\t\t\t\t<\/div>\n\t\t\t\t\t<\/div>\n\t\t<\/div>\n\t\t\t\t\t<\/div>\n\t\t<\/section>\n\t\t\t\t<section class=\"elementor-section elementor-top-section elementor-element elementor-element-60d5b1b elementor-section-boxed elementor-section-height-default elementor-section-height-default\" data-id=\"60d5b1b\" data-element_type=\"section\" data-e-type=\"section\">\n\t\t\t\t\t\t<div class=\"elementor-container elementor-column-gap-default\">\n\t\t\t\t\t<div class=\"elementor-column elementor-col-66 elementor-top-column elementor-element elementor-element-3842376\" data-id=\"3842376\" data-element_type=\"column\" data-e-type=\"column\">\n\t\t\t<div class=\"elementor-widget-wrap elementor-element-populated\">\n\t\t\t\t\t\t<div class=\"elementor-element elementor-element-e9cf362 elementor-widget elementor-widget-text-editor\" data-id=\"e9cf362\" data-element_type=\"widget\" data-e-type=\"widget\" data-widget_type=\"text-editor.default\">\n\t\t\t\t<div class=\"elementor-widget-container\">\n\t\t\t\t\t\t\t\t\t<p><span style=\"color: #000000\"><strong>Principales publicaciones sobre protecci\u00f3n de informantes:<\/strong><\/span><\/p><ul><li>\u201cEl derecho de defensa y las garant\u00edas procesales en la Ley 2\/2023 de protecci\u00f3n al informante: la otra cara de la moneda\u201d en Revista APDPUE n\u00ba8, 2023 (en prensa).<\/li><li>\u201cProtecci\u00f3n del denunciante y garant\u00edas procesales\u201d, en <em>La Directiva de Protecci\u00f3n de los denunciantes y su aplicaci\u00f3n pr\u00e1ctica al sector p\u00fablico<\/em> Jordi Gimeno Bevi\u00e1 y Mar\u00eda Bel\u00e9n L\u00f3pez Donaire (dirs.), 2022.<\/li><li>\u201cEl fomento de la denuncia an\u00f3nima y su incidencia en la justicia penal\u201d en <em>Retos en la lucha contra la delincuencia organizada: Un estudio multidisciplinar: garant\u00edas, instrumentos y control de los beneficios econ\u00f3mico<\/em>, Garrido Carrillo, F.J. (Dir.), 2021.<\/li><li><em>Compliance y proceso penal<\/em>, Thomson Reuters Aranzadi, 2016.<\/li><\/ul>\t\t\t\t\t\t\t\t<\/div>\n\t\t\t\t<\/div>\n\t\t\t\t\t<\/div>\n\t\t<\/div>\n\t\t\t\t<div class=\"elementor-column elementor-col-33 elementor-top-column elementor-element elementor-element-9ef80f8\" data-id=\"9ef80f8\" data-element_type=\"column\" data-e-type=\"column\">\n\t\t\t<div class=\"elementor-widget-wrap elementor-element-populated\">\n\t\t\t\t\t\t<div class=\"elementor-element elementor-element-da60585 elementor-widget elementor-widget-text-editor\" data-id=\"da60585\" data-element_type=\"widget\" data-e-type=\"widget\" data-widget_type=\"text-editor.default\">\n\t\t\t\t<div class=\"elementor-widget-container\">\n\t\t\t\t\t\t\t\t\t<p><span style=\"color: #000000\"><strong>Contacto y redes sociales:<\/strong><\/span><\/p><p>jordi.gimeno@der.uned.es<\/p><p>@jorgimeno<\/p>\t\t\t\t\t\t\t\t<\/div>\n\t\t\t\t<\/div>\n\t\t\t\t\t<\/div>\n\t\t<\/div>\n\t\t\t\t\t<\/div>\n\t\t<\/section>\n\t\t\t\t<\/div>\n\t\t","protected":false},"excerpt":{"rendered":"<p>\/*! elementor &#8211; v3.5.6 &#8211; 28-02-2022 *\/ .elementor-widget-image{text-align:center}.elementor-widget-image a{display:inline-block}.elementor-widget-image a img[src$=\u00bb.svg\u00bb]{width:48px}.elementor-widget-image img{vertical-align:middle;display:inline-block} JORDI GIMENO BEVI\u00c1 Miembro del Equipo Docente del Diploma Experto Universitario \u00abResponsable del Sistema de Informaci\u00f3n sobre Infracciones de Derecho\u00bb. Profesor Titular de Derecho Procesal de la UNED. Referencias curriculares: Profesor Titular de Derecho Procesal UNED y Vicedecano de investigaci\u00f3n e internacionalizaci\u00f3n de [&hellip;]<\/p>\n","protected":false},"author":7621,"featured_media":0,"comment_status":"closed","ping_status":"open","sticky":false,"template":"","format":"standard","meta":{"footnotes":""},"categories":[9],"tags":[],"class_list":["post-12579","post","type-post","status-publish","format-standard","hentry","category-equipo-docente"],"_links":{"self":[{"href":"https:\/\/blogs.uned.es\/sistemadeinformacion\/wp-json\/wp\/v2\/posts\/12579","targetHints":{"allow":["GET"]}}],"collection":[{"href":"https:\/\/blogs.uned.es\/sistemadeinformacion\/wp-json\/wp\/v2\/posts"}],"about":[{"href":"https:\/\/blogs.uned.es\/sistemadeinformacion\/wp-json\/wp\/v2\/types\/post"}],"author":[{"embeddable":true,"href":"https:\/\/blogs.uned.es\/sistemadeinformacion\/wp-json\/wp\/v2\/users\/7621"}],"replies":[{"embeddable":true,"href":"https:\/\/blogs.uned.es\/sistemadeinformacion\/wp-json\/wp\/v2\/comments?post=12579"}],"version-history":[{"count":16,"href":"https:\/\/blogs.uned.es\/sistemadeinformacion\/wp-json\/wp\/v2\/posts\/12579\/revisions"}],"predecessor-version":[{"id":12639,"href":"https:\/\/blogs.uned.es\/sistemadeinformacion\/wp-json\/wp\/v2\/posts\/12579\/revisions\/12639"}],"wp:attachment":[{"href":"https:\/\/blogs.uned.es\/sistemadeinformacion\/wp-json\/wp\/v2\/media?parent=12579"}],"wp:term":[{"taxonomy":"category","embeddable":true,"href":"https:\/\/blogs.uned.es\/sistemadeinformacion\/wp-json\/wp\/v2\/categories?post=12579"},{"taxonomy":"post_tag","embeddable":true,"href":"https:\/\/blogs.uned.es\/sistemadeinformacion\/wp-json\/wp\/v2\/tags?post=12579"}],"curies":[{"name":"wp","href":"https:\/\/api.w.org\/{rel}","templated":true}]}}