{"id":9091,"date":"2023-03-03T12:05:33","date_gmt":"2023-03-03T11:05:33","guid":{"rendered":"https:\/\/blogs.uned.es\/protedis\/?p=9091"},"modified":"2023-03-03T12:35:01","modified_gmt":"2023-03-03T11:35:01","slug":"nueva-edicion-del-pasdi-programa-de-afectividad-saludable-y-desarrollo-individual-en-2023","status":"publish","type":"post","link":"https:\/\/blogs.uned.es\/protedis\/nueva-edicion-del-pasdi-programa-de-afectividad-saludable-y-desarrollo-individual-en-2023\/","title":{"rendered":"Nueva edici\u00f3n del PASDI: programa de afectividad saludable y desarrollo individual en 2023"},"content":{"rendered":"\t\t<div data-elementor-type=\"wp-post\" data-elementor-id=\"9091\" class=\"elementor elementor-9091\">\n\t\t\t\t\t\t<section class=\"elementor-section elementor-top-section elementor-element elementor-element-fd81e5f elementor-section-boxed elementor-section-height-default elementor-section-height-default\" data-id=\"fd81e5f\" data-element_type=\"section\" data-e-type=\"section\">\n\t\t\t\t\t\t<div class=\"elementor-container elementor-column-gap-default\">\n\t\t\t\t\t<div class=\"elementor-column elementor-col-50 elementor-top-column elementor-element elementor-element-4dd78fa\" data-id=\"4dd78fa\" data-element_type=\"column\" data-e-type=\"column\">\n\t\t\t<div class=\"elementor-widget-wrap elementor-element-populated\">\n\t\t\t\t\t\t<div class=\"elementor-element elementor-element-1396247 elementor-widget elementor-widget-image\" data-id=\"1396247\" data-element_type=\"widget\" data-e-type=\"widget\" data-widget_type=\"image.default\">\n\t\t\t\t<div class=\"elementor-widget-container\">\n\t\t\t\t\t\t\t\t\t\t\t\t\t\t\t<img fetchpriority=\"high\" decoding=\"async\" width=\"467\" height=\"108\" src=\"https:\/\/blogs.uned.es\/protedis\/wp-content\/uploads\/sites\/101\/2023\/03\/Mointerior_penitenc.png\" class=\"attachment-large size-large wp-image-9197\" alt=\"\" srcset=\"https:\/\/blogs.uned.es\/protedis\/wp-content\/uploads\/sites\/101\/2023\/03\/Mointerior_penitenc.png 467w, https:\/\/blogs.uned.es\/protedis\/wp-content\/uploads\/sites\/101\/2023\/03\/Mointerior_penitenc-300x69.png 300w\" sizes=\"(max-width: 467px) 100vw, 467px\" \/>\t\t\t\t\t\t\t\t\t\t\t\t\t\t\t<\/div>\n\t\t\t\t<\/div>\n\t\t\t\t\t<\/div>\n\t\t<\/div>\n\t\t\t\t<div class=\"elementor-column elementor-col-50 elementor-top-column elementor-element elementor-element-818cc86\" data-id=\"818cc86\" data-element_type=\"column\" data-e-type=\"column\">\n\t\t\t<div class=\"elementor-widget-wrap elementor-element-populated\">\n\t\t\t\t\t\t<div class=\"elementor-element elementor-element-e94dcd2 elementor-widget elementor-widget-image\" data-id=\"e94dcd2\" data-element_type=\"widget\" data-e-type=\"widget\" data-widget_type=\"image.default\">\n\t\t\t\t<div class=\"elementor-widget-container\">\n\t\t\t\t\t\t\t\t\t\t\t\t\t\t\t<img decoding=\"async\" width=\"300\" height=\"116\" src=\"https:\/\/blogs.uned.es\/protedis\/wp-content\/uploads\/sites\/101\/2022\/03\/protedis_blanco-300x116.jpg\" class=\"attachment-medium size-medium wp-image-3743\" alt=\"\" srcset=\"https:\/\/blogs.uned.es\/protedis\/wp-content\/uploads\/sites\/101\/2022\/03\/protedis_blanco-300x116.jpg 300w, https:\/\/blogs.uned.es\/protedis\/wp-content\/uploads\/sites\/101\/2022\/03\/protedis_blanco.jpg 391w\" sizes=\"(max-width: 300px) 100vw, 300px\" \/>\t\t\t\t\t\t\t\t\t\t\t\t\t\t\t<\/div>\n\t\t\t\t<\/div>\n\t\t\t\t\t<\/div>\n\t\t<\/div>\n\t\t\t\t\t<\/div>\n\t\t<\/section>\n\t\t\t\t<section class=\"elementor-section elementor-top-section elementor-element elementor-element-9474e69 elementor-section-boxed elementor-section-height-default elementor-section-height-default\" data-id=\"9474e69\" data-element_type=\"section\" data-e-type=\"section\">\n\t\t\t\t\t\t<div class=\"elementor-container elementor-column-gap-default\">\n\t\t\t\t\t<div class=\"elementor-column elementor-col-100 elementor-top-column elementor-element elementor-element-7aa8086\" data-id=\"7aa8086\" data-element_type=\"column\" data-e-type=\"column\">\n\t\t\t<div class=\"elementor-widget-wrap elementor-element-populated\">\n\t\t\t\t\t\t<div class=\"elementor-element elementor-element-5b81990 elementor-widget elementor-widget-heading\" data-id=\"5b81990\" data-element_type=\"widget\" data-e-type=\"widget\" data-widget_type=\"heading.default\">\n\t\t\t\t<div class=\"elementor-widget-container\">\n\t\t\t\t\t<h2 class=\"elementor-heading-title elementor-size-default\">Programa de tratamiento de Afectividad Saludable y Desarrollo individual (PASDI)<\/h2>\t\t\t\t<\/div>\n\t\t\t\t<\/div>\n\t\t\t\t\t<\/div>\n\t\t<\/div>\n\t\t\t\t\t<\/div>\n\t\t<\/section>\n\t\t\t\t<section class=\"elementor-section elementor-top-section elementor-element elementor-element-3727c38c elementor-section-boxed elementor-section-height-default elementor-section-height-default\" data-id=\"3727c38c\" data-element_type=\"section\" data-e-type=\"section\">\n\t\t\t\t\t\t<div class=\"elementor-container elementor-column-gap-default\">\n\t\t\t\t\t<div class=\"elementor-column elementor-col-100 elementor-top-column elementor-element elementor-element-2b5b9c98\" data-id=\"2b5b9c98\" data-element_type=\"column\" data-e-type=\"column\">\n\t\t\t<div class=\"elementor-widget-wrap elementor-element-populated\">\n\t\t\t\t\t\t<div class=\"elementor-element elementor-element-5203035a elementor-widget elementor-widget-text-editor\" data-id=\"5203035a\" data-element_type=\"widget\" data-e-type=\"widget\" data-widget_type=\"text-editor.default\">\n\t\t\t\t<div class=\"elementor-widget-container\">\n\t\t\t\t\t\t\t\t\t<h6>M\u00e1s de 20 centros penitenciarios de todo el territorio nacional aplicar\u00e1n este a\u00f1o 2023 un programa de tratamiento para sus internos con discapacidad intelectual o del desarrollo.<\/h6><h6>PROTEDIS ha desarrollado un <strong>programa de tratamiento para agresores sexuales con discapacidad intelectual.<\/strong>\u00a0<\/h6><h6>Es una formaci\u00f3n que se realiza de forma secuenciada y a trav\u00e9s de <strong>m\u00f3dulos formativos<\/strong> a los equipos de tratamiento de los centros penitenciarios.<\/h6><h6>La profesora titular en Psicolog\u00eda de la UNED y Directora de Protedis <strong>Bel\u00e9n Guti\u00e9rrez Bermejo<\/strong> es la encargada tanto de la elaboraci\u00f3n de dicho programa, como de la formaci\u00f3n, monitorizaci\u00f3n y seguimiento de la intervenci\u00f3n e implantaci\u00f3n del programa en colaboraci\u00f3n directa con <strong>el \u00c1rea de Programas de Tratamiento de la SGIP del ministerio de interior.<\/strong><\/h6><p>La implementaci\u00f3n de este programa PASDI se ha llevado a cabo con la financiaci\u00f3n y colaboraci\u00f3n de la Direcci\u00f3n General de Ejecuci\u00f3n Penal y Reinserci\u00f3n Social de la <strong>Secretar\u00eda General de Instituciones Penitenciarias del Ministerio del Interior.<\/strong><\/p><p>El mi\u00e9rcoles d\u00eda 1 de marzo tuvimos la primera sesi\u00f3n de formaci\u00f3n para los 40 profesionales que participaron consiguiendo una amplia representaci\u00f3n nacional.<\/p>\t\t\t\t\t\t\t\t<\/div>\n\t\t\t\t<\/div>\n\t\t\t\t\t<\/div>\n\t\t<\/div>\n\t\t\t\t\t<\/div>\n\t\t<\/section>\n\t\t\t\t<section class=\"elementor-section elementor-top-section elementor-element elementor-element-fa1b8a8 elementor-section-boxed elementor-section-height-default elementor-section-height-default\" data-id=\"fa1b8a8\" data-element_type=\"section\" data-e-type=\"section\">\n\t\t\t\t\t\t<div class=\"elementor-container elementor-column-gap-default\">\n\t\t\t\t\t<div class=\"elementor-column elementor-col-100 elementor-top-column elementor-element elementor-element-eea6beb\" data-id=\"eea6beb\" data-element_type=\"column\" data-e-type=\"column\">\n\t\t\t<div class=\"elementor-widget-wrap elementor-element-populated\">\n\t\t\t\t\t\t<div class=\"elementor-element elementor-element-0f884a2 elementor-widget elementor-widget-image\" data-id=\"0f884a2\" data-element_type=\"widget\" data-e-type=\"widget\" data-widget_type=\"image.default\">\n\t\t\t\t<div class=\"elementor-widget-container\">\n\t\t\t\t\t\t\t\t\t\t\t\t\t\t\t<img decoding=\"async\" width=\"393\" height=\"110\" src=\"https:\/\/blogs.uned.es\/protedis\/wp-content\/uploads\/sites\/101\/2023\/03\/pasdi_protedis_logo.png\" class=\"attachment-large size-large wp-image-9095\" alt=\"https:\/\/blogs.uned.es\/protedis\/nueva-edicion-del-pasdi-programa-de-afectividad-saludable-y-desarrollo-individual-en-2023\/\" srcset=\"https:\/\/blogs.uned.es\/protedis\/wp-content\/uploads\/sites\/101\/2023\/03\/pasdi_protedis_logo.png 393w, https:\/\/blogs.uned.es\/protedis\/wp-content\/uploads\/sites\/101\/2023\/03\/pasdi_protedis_logo-300x84.png 300w\" sizes=\"(max-width: 393px) 100vw, 393px\" \/>\t\t\t\t\t\t\t\t\t\t\t\t\t\t\t<\/div>\n\t\t\t\t<\/div>\n\t\t\t\t\t<\/div>\n\t\t<\/div>\n\t\t\t\t\t<\/div>\n\t\t<\/section>\n\t\t\t\t<\/div>\n\t\t","protected":false},"excerpt":{"rendered":"<p>https:\/\/blogs.uned.es\/protedis\/nueva-edicion-del-pasdi-programa-de-afectividad-saludable-y-desarrollo-individual-en-2023\/<\/p>\n","protected":false},"author":183,"featured_media":9095,"comment_status":"open","ping_status":"open","sticky":false,"template":"","format":"standard","meta":{"footnotes":""},"categories":[1],"tags":[],"class_list":{"0":"post-9091","1":"post","2":"type-post","3":"status-publish","4":"format-standard","5":"has-post-thumbnail","7":"category-sin-categoria","8":"czr-hentry"},"_links":{"self":[{"href":"https:\/\/blogs.uned.es\/protedis\/wp-json\/wp\/v2\/posts\/9091","targetHints":{"allow":["GET"]}}],"collection":[{"href":"https:\/\/blogs.uned.es\/protedis\/wp-json\/wp\/v2\/posts"}],"about":[{"href":"https:\/\/blogs.uned.es\/protedis\/wp-json\/wp\/v2\/types\/post"}],"author":[{"embeddable":true,"href":"https:\/\/blogs.uned.es\/protedis\/wp-json\/wp\/v2\/users\/183"}],"replies":[{"embeddable":true,"href":"https:\/\/blogs.uned.es\/protedis\/wp-json\/wp\/v2\/comments?post=9091"}],"version-history":[{"count":17,"href":"https:\/\/blogs.uned.es\/protedis\/wp-json\/wp\/v2\/posts\/9091\/revisions"}],"predecessor-version":[{"id":9221,"href":"https:\/\/blogs.uned.es\/protedis\/wp-json\/wp\/v2\/posts\/9091\/revisions\/9221"}],"wp:featuredmedia":[{"embeddable":true,"href":"https:\/\/blogs.uned.es\/protedis\/wp-json\/wp\/v2\/media\/9095"}],"wp:attachment":[{"href":"https:\/\/blogs.uned.es\/protedis\/wp-json\/wp\/v2\/media?parent=9091"}],"wp:term":[{"taxonomy":"category","embeddable":true,"href":"https:\/\/blogs.uned.es\/protedis\/wp-json\/wp\/v2\/categories?post=9091"},{"taxonomy":"post_tag","embeddable":true,"href":"https:\/\/blogs.uned.es\/protedis\/wp-json\/wp\/v2\/tags?post=9091"}],"curies":[{"name":"wp","href":"https:\/\/api.w.org\/{rel}","templated":true}]}}