{"id":481,"date":"2022-03-14T19:00:00","date_gmt":"2022-03-14T19:00:00","guid":{"rendered":"https:\/\/blogs.uned.es\/politicaspublicasybienestarsocial\/?p=481"},"modified":"2022-03-14T19:00:02","modified_gmt":"2022-03-14T19:00:02","slug":"xxix-encuentro-de-economia-aplicada-organizado-por-el-departamento-de-economia-aplicada-y-gestion-publica-de-la-uned-5-y-6-de-mayo-de-2022","status":"publish","type":"post","link":"https:\/\/blogs.uned.es\/politicaspublicasybienestarsocial\/2022\/03\/14\/xxix-encuentro-de-economia-aplicada-organizado-por-el-departamento-de-economia-aplicada-y-gestion-publica-de-la-uned-5-y-6-de-mayo-de-2022\/","title":{"rendered":"XXIX Encuentro de Econom\u00eda Aplicada, organizado por el Departamento de Econom\u00eda Aplicada y Gesti\u00f3n P\u00fablica de la UNED, 5 y 6 de mayo de 2022"},"content":{"rendered":"\n<p><a href=\"https:\/\/www.fundacion.uned.es\/XXIXEEP\"><strong>XXIX Encuentro Econom\u00eda P\u00fablica 2022 (uned.es)<\/strong><\/a><\/p>\n","protected":false},"excerpt":{"rendered":"<p>XXIX Encuentro Econom\u00eda P\u00fablica 2022 (uned.es)<\/p>\n","protected":false},"author":7521,"featured_media":0,"comment_status":"open","ping_status":"open","sticky":false,"template":"","format":"standard","meta":{"footnotes":""},"categories":[1],"tags":[9,7,13,11],"class_list":{"0":"post-481","1":"post","2":"type-post","3":"status-publish","4":"format-standard","6":"category-sin-categoria","7":"tag-economia-aplicada-2","8":"tag-economia-publica","9":"tag-madrid","10":"tag-uned"},"_links":{"self":[{"href":"https:\/\/blogs.uned.es\/politicaspublicasybienestarsocial\/wp-json\/wp\/v2\/posts\/481","targetHints":{"allow":["GET"]}}],"collection":[{"href":"https:\/\/blogs.uned.es\/politicaspublicasybienestarsocial\/wp-json\/wp\/v2\/posts"}],"about":[{"href":"https:\/\/blogs.uned.es\/politicaspublicasybienestarsocial\/wp-json\/wp\/v2\/types\/post"}],"author":[{"embeddable":true,"href":"https:\/\/blogs.uned.es\/politicaspublicasybienestarsocial\/wp-json\/wp\/v2\/users\/7521"}],"replies":[{"embeddable":true,"href":"https:\/\/blogs.uned.es\/politicaspublicasybienestarsocial\/wp-json\/wp\/v2\/comments?post=481"}],"version-history":[{"count":2,"href":"https:\/\/blogs.uned.es\/politicaspublicasybienestarsocial\/wp-json\/wp\/v2\/posts\/481\/revisions"}],"predecessor-version":[{"id":485,"href":"https:\/\/blogs.uned.es\/politicaspublicasybienestarsocial\/wp-json\/wp\/v2\/posts\/481\/revisions\/485"}],"wp:attachment":[{"href":"https:\/\/blogs.uned.es\/politicaspublicasybienestarsocial\/wp-json\/wp\/v2\/media?parent=481"}],"wp:term":[{"taxonomy":"category","embeddable":true,"href":"https:\/\/blogs.uned.es\/politicaspublicasybienestarsocial\/wp-json\/wp\/v2\/categories?post=481"},{"taxonomy":"post_tag","embeddable":true,"href":"https:\/\/blogs.uned.es\/politicaspublicasybienestarsocial\/wp-json\/wp\/v2\/tags?post=481"}],"curies":[{"name":"wp","href":"https:\/\/api.w.org\/{rel}","templated":true}]}}