{"id":3837,"date":"2023-05-17T07:35:24","date_gmt":"2023-05-17T07:35:24","guid":{"rendered":"https:\/\/blogs.uned.es\/mbc\/?p=3837"},"modified":"2023-05-24T10:53:45","modified_gmt":"2023-05-24T10:53:45","slug":"la-depresion-posparto-paterna-tambien-existe","status":"publish","type":"post","link":"https:\/\/blogs.uned.es\/mbc\/2023\/05\/17\/la-depresion-posparto-paterna-tambien-existe\/","title":{"rendered":"La Depresi\u00f3n Posparto Paterna tambi\u00e9n existe"},"content":{"rendered":"\t\t<div data-elementor-type=\"wp-post\" data-elementor-id=\"3837\" class=\"elementor elementor-3837\">\n\t\t\t\t\t\t<section class=\"elementor-section elementor-top-section elementor-element elementor-element-c2b94c9 elementor-section-boxed elementor-section-height-default elementor-section-height-default\" data-id=\"c2b94c9\" data-element_type=\"section\" data-e-type=\"section\">\n\t\t\t\t\t\t<div class=\"elementor-container elementor-column-gap-default\">\n\t\t\t\t\t<div class=\"elementor-column elementor-col-100 elementor-top-column elementor-element elementor-element-f6a10ae\" data-id=\"f6a10ae\" data-element_type=\"column\" data-e-type=\"column\">\n\t\t\t<div class=\"elementor-widget-wrap elementor-element-populated\">\n\t\t\t\t\r\n\r\n\t\t<div class=\"elementor-element elementor-element-54179ac elementor-widget elementor-widget-text-editor\" data-id=\"54179ac\" data-element_type=\"widget\" data-e-type=\"widget\" data-widget_type=\"text-editor.default\">\n\t\t\t\t<div class=\"elementor-widget-container\">\n\t\t\t\t\t\t\t\t\t<p><em>\u00a0Agust\u00edn Ortega Morillas, Psic\u00f3logo especialista en Psicolog\u00eda Perinatal<\/em><\/p><p><b>Cuando escuchamos depresi\u00f3n posparto imaginamos una madre con un reci\u00e9n nacido, que en lugar de estar plet\u00f3rica de felicidad, est\u00e1 triste y sin \u00e1nimo para cuidar de su beb\u00e9. Nadie imagina, en cambio, a un hombre en la misma situaci\u00f3n. Con este art\u00edculo pretendemos visibilizar y concienciar acerca de este trastorno que puede darse en un 25% de los padres: la Depresi\u00f3n Posparto Paterna (DPP-P).<\/b><\/p>\t\t\t\t\t\t\t\t<\/div>\n\t\t\t\t<\/div>\n\t\t\t\t\t<\/div>\n\t\t<\/div>\n\t\t\t\t\t<\/div>\n\t\t<\/section>\n\t\t\t\t<section class=\"elementor-section elementor-top-section elementor-element elementor-element-6fe0a4a elementor-section-boxed elementor-section-height-default elementor-section-height-default\" data-id=\"6fe0a4a\" data-element_type=\"section\" data-e-type=\"section\">\n\t\t\t\t\t\t<div class=\"elementor-container elementor-column-gap-default\">\n\t\t\t\t\t<div class=\"elementor-column elementor-col-100 elementor-top-column elementor-element elementor-element-8830da1\" data-id=\"8830da1\" data-element_type=\"column\" data-e-type=\"column\">\n\t\t\t<div class=\"elementor-widget-wrap elementor-element-populated\">\n\t\t\t\t\t\t<div class=\"elementor-element elementor-element-1a6509f elementor-widget elementor-widget-image\" data-id=\"1a6509f\" data-element_type=\"widget\" data-e-type=\"widget\" data-widget_type=\"image.default\">\n\t\t\t\t<div class=\"elementor-widget-container\">\n\t\t\t\t\t\t\t\t\t\t\t\t<figure class=\"wp-caption\">\n\t\t\t\t\t\t\t\t\t\t<img fetchpriority=\"high\" decoding=\"async\" width=\"1024\" height=\"683\" src=\"https:\/\/blogs.uned.es\/mbc\/wp-content\/uploads\/sites\/31\/2023\/05\/Imagen1-1024x683.jpg\" class=\"attachment-large size-large wp-image-3839\" alt=\"\" srcset=\"https:\/\/blogs.uned.es\/mbc\/wp-content\/uploads\/sites\/31\/2023\/05\/Imagen1-1024x683.jpg 1024w, https:\/\/blogs.uned.es\/mbc\/wp-content\/uploads\/sites\/31\/2023\/05\/Imagen1-300x200.jpg 300w, https:\/\/blogs.uned.es\/mbc\/wp-content\/uploads\/sites\/31\/2023\/05\/Imagen1-768x513.jpg 768w, https:\/\/blogs.uned.es\/mbc\/wp-content\/uploads\/sites\/31\/2023\/05\/Imagen1-272x182.jpg 272w, https:\/\/blogs.uned.es\/mbc\/wp-content\/uploads\/sites\/31\/2023\/05\/Imagen1.jpg 1299w\" sizes=\"(max-width: 1024px) 100vw, 1024px\" \/>\t\t\t\t\t\t\t\t\t\t\t<figcaption class=\"widget-image-caption wp-caption-text\">Foto de Isaac Quesada en Unsplash <\/figcaption>\n\t\t\t\t\t\t\t\t\t\t<\/figure>\n\t\t\t\t\t\t\t\t\t<\/div>\n\t\t\t\t<\/div>\n\t\t\t\t\t<\/div>\n\t\t<\/div>\n\t\t\t\t\t<\/div>\n\t\t<\/section>\n\t\t\t\t<section class=\"elementor-section elementor-top-section elementor-element elementor-element-bc57c40 elementor-section-boxed elementor-section-height-default elementor-section-height-default\" data-id=\"bc57c40\" data-element_type=\"section\" data-e-type=\"section\">\n\t\t\t\t\t\t<div class=\"elementor-container elementor-column-gap-default\">\n\t\t\t\t\t<div class=\"elementor-column elementor-col-100 elementor-top-column elementor-element elementor-element-d9bb6d1\" data-id=\"d9bb6d1\" data-element_type=\"column\" data-e-type=\"column\">\n\t\t\t<div class=\"elementor-widget-wrap elementor-element-populated\">\n\t\t\t\t\t\t<div class=\"elementor-element elementor-element-6eb3d41 elementor-widget elementor-widget-text-editor\" data-id=\"6eb3d41\" data-element_type=\"widget\" data-e-type=\"widget\" data-widget_type=\"text-editor.default\">\n\t\t\t\t<div class=\"elementor-widget-container\">\n\t\t\t\t\t\t\t\t\t<p>A pesar de que pr\u00e1cticamente toda la investigaci\u00f3n sobre este tema se ha centrado en las mujeres, hay que subrayar que la <strong>DPP-P<\/strong> puede llegar a afectar al <strong>25%<\/strong> de los hombres que acaban de ser padres, y al <strong>50%<\/strong> de los hombres cuyas parejas tienen depresi\u00f3n posparto. Sus caracter\u00edsticas son la represi\u00f3n de la tristeza, los sentimientos de agobio, el resentimiento hacia el beb\u00e9 y las emociones de abandono y olvido.<\/p><p>Los <strong>factores de riesgo<\/strong> son la depresi\u00f3n posparto materna (el principal), una disminuci\u00f3n de apoyo de la pareja y de la satisfacci\u00f3n con la relaci\u00f3n, adem\u00e1s de bajos niveles de cortisol (lo cual es llamativo porque niveles altos de cortisol predicen depresi\u00f3n posparto en embarazadas).<\/p><p>Un <strong>consejo<\/strong> si eres padre de un reci\u00e9n nacido es que hagas lo necesario por mantener una relaci\u00f3n de pareja \u201csana\u201d: fomenta la comunicaci\u00f3n y adopta un rol activo en la crianza. Esto es m\u00e1s importante a\u00fan, si cabe, en el caso de que tu pareja tenga depresi\u00f3n posparto.<\/p><p>Para <strong>evaluar<\/strong> la DPP-P solamente existe una escala desarrollada espec\u00edficamente para este fin, que es la escala Male Depression Scale (GMDS). Aunque tambi\u00e9n pueden usarse instrumentos validados y ampliamente usados en mujeres.<\/p><p>Teniendo en cuenta esto, <strong>aconsejamos<\/strong> a los profesionales que trabajan el embarazo (matronas, m\u00e9dicos de familia, ginec\u00f3logos, etc) acordarse de evaluar tambi\u00e9n a los padres, cuyas parejas tengan depresi\u00f3n posparto.<\/p><p>En cuanto a los criterios <strong>diagn\u00f3sticos<\/strong> de depresi\u00f3n del DSM5 cabe destacar la presencia de \u00e1nimo triste, disminuci\u00f3n de inter\u00e9s por actividades de la vida diaria, alteraci\u00f3n del patr\u00f3n de sue\u00f1o y sentimientos de inutilidad, siempre y cuando estos s\u00edntomas no se deban a consumo de sustancias o enfermedad m\u00e9dica.<\/p><p>Las <strong>consecuencias<\/strong> de la DPP-P son: relacionales como mala comunicaci\u00f3n y dificultades en la pareja, aumento de agresividad, violencia de g\u00e9nero y aumento de consumo de sustancias de abuso; personales, como mayor riesgo de suicidio, trastornos de ansiedad, episodios man\u00edacos; para la interacci\u00f3n padre-beb\u00e9 como menor calidad y cantidad de tiempo en la crianza. Todo esto conlleva un impacto negativo, pudiendo aumentar en la descendencia el riesgo de desarrollo de trastornos psicopatol\u00f3gicos, ansiedad, depresi\u00f3n, trastornos de alimentaci\u00f3n, trastornos por d\u00e9ficit de atenci\u00f3n y retraso en la aparici\u00f3n del lenguaje. Tambi\u00e9n tiene consecuencias negativas en los beb\u00e9s como problemas en el crecimiento cerebral, d\u00e9ficits en la maduraci\u00f3n orbitofrontal de la corteza cerebral y alteraciones del sistema inmunol\u00f3gico, y en el establecimiento de un apego seguro. Incluso, a largo plazo, aumentando el riesgo de suicidio infantil.<\/p><p>Diversos tipos de <strong>intervenciones<\/strong> pueden mejorar y disminuir la aparici\u00f3n de DPP-P. Aparentemente, la mejor f\u00f3rmula para prevenir la DPP-P es el apoyo social, como el apoyo de la pareja, el reparto de tareas con los padres en el cuidado y crianza del beb\u00e9 parece disminuir los sentimientos paternos de aislamiento. Adem\u00e1s del uso de programas educativos que tengan en cuenta tanto a la madre como al padre. En los \u00faltimos 25 a\u00f1os, s\u00f3lo 10 estudios incluyen intervenciones para la DPP-P.<\/p>\t\t\t\t\t\t\t\t<\/div>\n\t\t\t\t<\/div>\n\t\t\t\t\t<\/div>\n\t\t<\/div>\n\t\t\t\t\t<\/div>\n\t\t<\/section>\n\t\t\t\t<section class=\"elementor-section elementor-top-section elementor-element elementor-element-d7c6f1f elementor-section-boxed elementor-section-height-default elementor-section-height-default\" data-id=\"d7c6f1f\" data-element_type=\"section\" data-e-type=\"section\">\n\t\t\t\t\t\t<div class=\"elementor-container elementor-column-gap-default\">\n\t\t\t\t\t<div class=\"elementor-column elementor-col-100 elementor-top-column elementor-element elementor-element-d4190d6\" data-id=\"d4190d6\" data-element_type=\"column\" data-e-type=\"column\">\n\t\t\t<div class=\"elementor-widget-wrap elementor-element-populated\">\n\t\t\t\t\t\t<div class=\"elementor-element elementor-element-0e96501 elementor-widget elementor-widget-image\" data-id=\"0e96501\" data-element_type=\"widget\" data-e-type=\"widget\" data-widget_type=\"image.default\">\n\t\t\t\t<div class=\"elementor-widget-container\">\n\t\t\t\t\t\t\t\t\t\t\t\t<figure class=\"wp-caption\">\n\t\t\t\t\t\t\t\t\t\t<img decoding=\"async\" width=\"1024\" height=\"695\" src=\"https:\/\/blogs.uned.es\/mbc\/wp-content\/uploads\/sites\/31\/2023\/05\/Imagen2-1024x695.jpg\" class=\"attachment-large size-large wp-image-3853\" alt=\"\" srcset=\"https:\/\/blogs.uned.es\/mbc\/wp-content\/uploads\/sites\/31\/2023\/05\/Imagen2-1024x695.jpg 1024w, https:\/\/blogs.uned.es\/mbc\/wp-content\/uploads\/sites\/31\/2023\/05\/Imagen2-300x204.jpg 300w, https:\/\/blogs.uned.es\/mbc\/wp-content\/uploads\/sites\/31\/2023\/05\/Imagen2-768x521.jpg 768w, https:\/\/blogs.uned.es\/mbc\/wp-content\/uploads\/sites\/31\/2023\/05\/Imagen2.jpg 1299w\" sizes=\"(max-width: 1024px) 100vw, 1024px\" \/>\t\t\t\t\t\t\t\t\t\t\t<figcaption class=\"widget-image-caption wp-caption-text\">Foto de Mikael Stenberg en Unsplash <\/figcaption>\n\t\t\t\t\t\t\t\t\t\t<\/figure>\n\t\t\t\t\t\t\t\t\t<\/div>\n\t\t\t\t<\/div>\n\t\t\t\t\t<\/div>\n\t\t<\/div>\n\t\t\t\t\t<\/div>\n\t\t<\/section>\n\t\t\t\t<section class=\"elementor-section elementor-top-section elementor-element elementor-element-02aa206 elementor-section-boxed elementor-section-height-default elementor-section-height-default\" data-id=\"02aa206\" data-element_type=\"section\" data-e-type=\"section\">\n\t\t\t\t\t\t<div class=\"elementor-container elementor-column-gap-default\">\n\t\t\t\t\t<div class=\"elementor-column elementor-col-100 elementor-top-column elementor-element elementor-element-e2c0e73\" data-id=\"e2c0e73\" data-element_type=\"column\" data-e-type=\"column\">\n\t\t\t<div class=\"elementor-widget-wrap elementor-element-populated\">\n\t\t\t\t\t\t<div class=\"elementor-element elementor-element-10c5a3e elementor-widget elementor-widget-text-editor\" data-id=\"10c5a3e\" data-element_type=\"widget\" data-e-type=\"widget\" data-widget_type=\"text-editor.default\">\n\t\t\t\t<div class=\"elementor-widget-container\">\n\t\t\t\t\t\t\t\t\t<p>Insistimos en la importancia de hacer un cribado universal de la depresi\u00f3n posparto, materna y paterna, recordamos que la DPP-P puede darse en una cuarta parte de los padres, y en la mitad de cuyas parejas tienen depresi\u00f3n posparto. Es un trastorno que cursando con s\u00edntomas de depresi\u00f3n puede llegar a derivar en agresividad, violencia, consumo de sustancias y suicidio, adem\u00e1s de tener repercusiones futuras negativas en el beb\u00e9 como un estilo de apego inseguro y trastornos de salud mental. Subrayar la sencillez de su prevenci\u00f3n: incluir al padre en los programas de embarazo y crianza (como este proyecto de Mam\u00e1s y Beb\u00e9s), fomentar el cuidado compartido de beb\u00e9s y favorecer la comunicaci\u00f3n y la relaci\u00f3n en la pareja.<\/p><p>Concluimos aconsejando a los profesionales que ampl\u00eden la evaluaci\u00f3n de la DPP a los padres; que incorporen a los padres en los programas de preparaci\u00f3n al parto y nacimiento. Y recordamos a los padres de reci\u00e9n nacidos que la crianza compartida, y la buena relaci\u00f3n (comunicaci\u00f3n y apoyo) en pareja sirve para proteger la salud mental de ellos, su pareja y de su beb\u00e9 para el futuro.<\/p>\t\t\t\t\t\t\t\t<\/div>\n\t\t\t\t<\/div>\n\t\t\t\t\t<\/div>\n\t\t<\/div>\n\t\t\t\t\t<\/div>\n\t\t<\/section>\n\t\t\t\t<\/div>\n\t\t","protected":false},"excerpt":{"rendered":"<p>\u00a0Agust\u00edn Ortega Morillas, Psic\u00f3logo especialista en Psicolog\u00eda Perinatal Cuando escuchamos depresi\u00f3n posparto imaginamos una madre con un reci\u00e9n nacido, que en lugar de estar plet\u00f3rica de felicidad, est\u00e1 triste y sin \u00e1nimo para cuidar de su beb\u00e9. Nadie imagina, en cambio, a un hombre en la misma situaci\u00f3n. Con este art\u00edculo pretendemos visibilizar y concienciar [&hellip;]<\/p>\n","protected":false},"author":197,"featured_media":3839,"comment_status":"open","ping_status":"open","sticky":false,"template":"","format":"standard","meta":{"footnotes":""},"categories":[5],"tags":[],"class_list":{"0":"post-3837","1":"post","2":"type-post","3":"status-publish","4":"format-standard","5":"has-post-thumbnail","7":"category-noticias","8":"czr-hentry"},"_links":{"self":[{"href":"https:\/\/blogs.uned.es\/mbc\/wp-json\/wp\/v2\/posts\/3837","targetHints":{"allow":["GET"]}}],"collection":[{"href":"https:\/\/blogs.uned.es\/mbc\/wp-json\/wp\/v2\/posts"}],"about":[{"href":"https:\/\/blogs.uned.es\/mbc\/wp-json\/wp\/v2\/types\/post"}],"author":[{"embeddable":true,"href":"https:\/\/blogs.uned.es\/mbc\/wp-json\/wp\/v2\/users\/197"}],"replies":[{"embeddable":true,"href":"https:\/\/blogs.uned.es\/mbc\/wp-json\/wp\/v2\/comments?post=3837"}],"version-history":[{"count":19,"href":"https:\/\/blogs.uned.es\/mbc\/wp-json\/wp\/v2\/posts\/3837\/revisions"}],"predecessor-version":[{"id":3939,"href":"https:\/\/blogs.uned.es\/mbc\/wp-json\/wp\/v2\/posts\/3837\/revisions\/3939"}],"wp:featuredmedia":[{"embeddable":true,"href":"https:\/\/blogs.uned.es\/mbc\/wp-json\/wp\/v2\/media\/3839"}],"wp:attachment":[{"href":"https:\/\/blogs.uned.es\/mbc\/wp-json\/wp\/v2\/media?parent=3837"}],"wp:term":[{"taxonomy":"category","embeddable":true,"href":"https:\/\/blogs.uned.es\/mbc\/wp-json\/wp\/v2\/categories?post=3837"},{"taxonomy":"post_tag","embeddable":true,"href":"https:\/\/blogs.uned.es\/mbc\/wp-json\/wp\/v2\/tags?post=3837"}],"curies":[{"name":"wp","href":"https:\/\/api.w.org\/{rel}","templated":true}]}}