{"id":6783,"date":"2025-05-13T15:23:40","date_gmt":"2025-05-13T13:23:40","guid":{"rendered":"https:\/\/blogs.uned.es\/marcapaginas\/?p=6783"},"modified":"2025-05-13T15:23:40","modified_gmt":"2025-05-13T13:23:40","slug":"la-decadencia-del-espiritu-thomas-mann-y-la-enfermedad-de-europa","status":"publish","type":"post","link":"https:\/\/blogs.uned.es\/marcapaginas\/2025\/05\/13\/la-decadencia-del-espiritu-thomas-mann-y-la-enfermedad-de-europa\/","title":{"rendered":"La decadencia del esp\u00edritu: Thomas Mann y la enfermedad de Europa\u00a0"},"content":{"rendered":"\n<p>Thomas Mann (L\u00fcbeck, 6 de junio de 1875-Z\u00farich, 12 de agosto de 1955) es uno de los pilares de la m\u00e1s alta cultura europea del siglo XX, y en su obra confluyen el arte, la belleza, la enfermedad, la decadencia, el tiempo y la muerte como temas recurrentes, no s\u00f3lo por su carga simb\u00f3lica, sino porque todos ellos revelan la fragilidad del individuo y provocan una profunda crisis del sentido en el alma enfrentada a la historia. Vamos a rastrear estas, sus obsesiones, en cuatro de sus grandes novelas, cada una de ellas escrita desde un tiempo distinto de su alma. El estilo de Mann se transforma con la edad a trav\u00e9s de la Alemania y la Europa convulsa que le toc\u00f3 vivir.\u00a0\u00a0<\/p>\n\n\n\n<p>De la elegancia narrativa de <em>Los Buddenbrook<\/em> pasaremos al lirismo de <em>La muerte en Venecia<\/em>, de all\u00ed al estilo digresivo y especulativo de <em>La monta\u00f1a m\u00e1gica<\/em>, para terminar en la densidad apocal\u00edptica de <em>Doktor Faustus<\/em>. Cuanto m\u00e1s madura su visi\u00f3n del mundo, m\u00e1s exige su lenguaje: se vuelve m\u00e1s ir\u00f3nico, m\u00e1s conceptual, menos narrativo en el sentido cl\u00e1sico. Y, sin embargo, nunca deja de ser m\u00fasica: una m\u00fasica a veces clara, a veces disonante, pero siempre consciente de que narrar es una forma de enfermedad y de belleza.\u00a0\u00a0<\/p>\n\n\n\n<p><em>Los Buddenbrook<\/em>, siendo la primera, fluye con el ritmo amplio de la novela del siglo XIX, en donde la narraci\u00f3n se despliega con una cadencia cronol\u00f3gica y una voz omnisciente que lo observa todo para narrar el declive de una familia. La prosa de esta obra es sobria, elegante, y su considerable extensi\u00f3n se justifica por su ambici\u00f3n de totalidad: Mann quer\u00eda escribir no s\u00f3lo sobre una familia, sino sobre el principio y el fin de una forma de vida. Por eso el estilo aqu\u00ed a\u00fan no se emancipa del molde realista: es la mirada de un Mann joven, que todav\u00eda cree que el mundo puede narrarse con una cierta claridad de formas.\u00a0<\/p>\n\n\n\n<p>En <em>Los Buddenbrook<\/em>, la decadencia hab\u00eda comenzado con las primeras grietas en la casa familiar: las cuentas que no cierran, los matrimonios infelices, el hijo que cambia el comercio por la m\u00fasica. El mundo s\u00f3lido de la burgues\u00eda se resquebraja no por la pobreza, sino por un exceso de sensibilidad, por una melancol\u00eda que socava las paredes de la tradici\u00f3n. Adem\u00e1s, el declive f\u00edsico y an\u00edmico de Thomas Buddenbrook prefigura ya una constante de la obra de Mann: <strong>el cuerpo del individuo refleja el agotamiento de la alta burgues\u00eda, incapaz de sostener su hegemon\u00eda espiritual<\/strong>. Si pasamos a <em>La muerte en Venecia<\/em>, parece que ambas obras se sit\u00faan en dos extremos ya que aqu\u00ed encontramos una econom\u00eda del texto opuesta: breve, contenida, donde la escritura casi se repliega sobre s\u00ed misma. Mann cambia de registro: abandona la gran estructura novel\u00edstica caracter\u00edstica del XIX, para sumergirse en una prosa que es casi una c\u00e1mara de ecos. El lenguaje aqu\u00ed ya no quiere narrar, quiere sugerir.\u00a0\u00a0<\/p>\n\n\n\n<blockquote class=\"wp-block-quote is-layout-flow wp-block-quote-is-layout-flow\">\n<p><em><strong>Y aunque se quiera encadenar los perros en el s\u00f3tano (Nietzsche)<\/strong> <\/em><strong>lo cierto es que al final ladran ya sea en estado de inconsciencia en los sue\u00f1os, como con manifestaciones<em>\u00a0<\/em>\u00a0<\/strong><\/p>\n<\/blockquote>\n\n\n\n<p><a href=\"https:\/\/buscador.biblioteca.uned.es\/permalink\/f\/ke8o8l\/34UNED_ALMA2174432520004215\" target=\"_blank\" rel=\"noreferrer noopener\"><em>La muerte en Venecia<\/em> <\/a>representa una impresionante reflexi\u00f3n en torno al arte y la b\u00fasqueda absoluta de la belleza. El protagonista Gustav von Aschenbach es posiblemente uno de los personajes m\u00e1s complejos y perturbadores de la literatura de Thomas Mann. Su homosexualidad, nunca nombrada abiertamente, se convierte en el eje invisible que estructura su ca\u00edda, el s\u00edntoma de una tensi\u00f3n profunda entre el orden y el deseo. Aschenbach es un escritor consagrado que ha construido su vida \u2014y su obra\u2014 sobre la base del esfuerzo y la renuncia. El orden empieza a resquebrajarse cuando un impulso le lleva a abandonar M\u00fanich y emprender un viaje hacia la belleza de Venecia, la ciudad del deseo y de la descomposici\u00f3n en la que Aschenbach se transforma.\u00a0\u00a0<\/p>\n\n\n\n<p>El encuentro con el adolescente Tadzio, que encarna la belleza cl\u00e1sica en su forma m\u00e1s pura, conllevar\u00e1 su derrumbe, su decadencia. Su cuerpo envejece, su l\u00f3gica se debilita, su conciencia se diluye en un delirio est\u00e9tico. Se ti\u00f1e el pelo, se maquilla, adopta un aire grotesco en su intento de rejuvenecer ante el joven. Su sublimaci\u00f3n enamorada se convierte en espejo de su crisis ontol\u00f3gica: ya no es el escritor respetado, sino un cuerpo rid\u00edculo y vencido por un deseo. Lo convierte en est\u00e9tica y luego en delirio. Su atracci\u00f3n es tanto sexual como metaf\u00edsica: desea la perfecci\u00f3n que no puede tocar, y ese deseo imposible lo consume produci\u00e9ndose su degradaci\u00f3n f\u00edsica. A su vez, este deseo homoer\u00f3tico corre en paralelo al c\u00f3lera invisible que se extiende por la ciudad: ambos habitan el cuerpo sin anunciarse, ambos lo consumen desde dentro. En Aschenbach, Thomas Mann inscribe su propia tensi\u00f3n biogr\u00e1fica: entre su vida familiar burguesa y sus pulsiones homoer\u00f3ticas, entre el escritor ejemplar y el hombre dividido. Su homosexualidad representa su perdici\u00f3n por haber sido reprimida, deformada, desfigurada por una vida entregada al control.\u00a0<\/p>\n\n\n\n<p><strong>Cuerpo enfermo, alma enferma<\/strong>\u00a0<\/p>\n\n\n\n<p>El mismo a\u00f1o en que dio a conocer La muerte en Venecia, la esposa de Mann, Katia, contrajo una afecci\u00f3n pulmonar y pas\u00f3 varios meses en el Sanatorio Wald de Davos en los Alpes suizos. El escritor la visit\u00f3 y recogi\u00f3 sus impresiones que, junto con la I Guerra Mundial marcar\u00edan su siguiente novela: <em>La monta\u00f1a m\u00e1gica<\/em>, su forma m\u00e1s barroca, expansiva y digresiva.\u00a0\u00a0<\/p>\n\n\n\n<p>La novela se alarga, la prosa de Mann se demora, se repliega, se permite extensas disquisiciones filos\u00f3ficas o cient\u00edficas, densas disertaciones, y di\u00e1logos que no interrumpen la trama, sino que la conforman. Por ello, la novela necesita espacio: el pensamiento se despliega como una niebla sobre la monta\u00f1a, y s\u00f3lo en el exceso puede reflejar la experiencia del tiempo detenido<\/p>\n\n\n\n<p>La enfermedad est\u00e1 omnipresente en <em>La monta\u00f1a m\u00e1gica<\/em> representando una met\u00e1fora moral y existencial. Thomas Mann no escribe una novela, sino un diagn\u00f3stico. Hans Castorp, un joven burgu\u00e9s sin grandes ambiciones, llega al sanatorio Berghof por tres semanas y permanece all\u00ed siete a\u00f1os, en una atm\u00f3sfera de espera, silencio y muerte. Este encierro prolongado suspende el tiempo real y refleja el letargo espiritual de una Europa fatigada. No se trata s\u00f3lo del cuerpo enfermo, de los pulmones minados por la tuberculosis en los Alpes suizos, sino del alma europea que, en pleno retiro, se descompone con dignidad, lucidez y fiebre. El sanatorio Berghof es m\u00e1s que un balneario para convalecientes: es una c\u00e1mara de eco donde resuena el estertor de una cultura que se ahoga en su propia sofisticaci\u00f3n. All\u00ed la vida del enfermo consiste en una forma elevada y ralentizada, contemplativa, casi m\u00edstica. As\u00ed tambi\u00e9n est\u00e1 Europa: una civilizaci\u00f3n agotada por siglos de raz\u00f3n, de arte, de belleza, que se retira a reposar en sus logros como un anciano satisfecho que ya no desea el porvenir. La decadencia f\u00edsica de los cuerpos \u2014t\u00edsicos, p\u00e1lidos, refinados hasta la transparencia\u2014 es reflejo de una espiritualidad hipertrofiada, saturada de ideas y de s\u00edmbolos.<\/p>\n\n\n\n<p>A destacar los debates entre Settembrini y Naphta en los que arde no s\u00f3lo la ret\u00f3rica sino el destino de Europa: humanismo o fanatismo. Progreso o fe ciega. La raz\u00f3n ilustrada frente al deseo de sumisi\u00f3n y violencia. En ese duelo ideol\u00f3gico, tan teatral como prof\u00e9tico, Mann vislumbra lo que vendr\u00e1: una Europa que bajar\u00e1 de la monta\u00f1a no curada, sino alistada para la guerra.\u00a0<\/p>\n\n\n\n<blockquote class=\"wp-block-quote is-layout-flow wp-block-quote-is-layout-flow\">\n<p class=\"has-text-align-center\"><em><strong>L<\/strong><\/em><strong><em>a pasi\u00f3n que no se puede satisfacer se convierte en el fundamento del ejercicio art\u00edstico<\/em>\u00a0\u00a0<\/strong><\/p>\n<\/blockquote>\n\n\n\n<p>As\u00ed, <em><a href=\"https:\/\/buscador.biblioteca.uned.es\/permalink\/f\/1vrbr59\/34UNED_ALMA2185156240004215\" target=\"_blank\" rel=\"noreferrer noopener\">La monta\u00f1a m\u00e1gica<\/a><\/em> no es s\u00f3lo una novela sobre la enfermedad, sino una sinfon\u00eda de la decadencia.\u00a0 En di\u00e1logo con <em>Los Buddenbrook<\/em> y <em>Doktor Faustus<\/em>, Mann compone una trilog\u00eda del crep\u00fasculo: tres estaciones de una agon\u00eda, tres rostros de un mal que no es ni f\u00edsico ni hist\u00f3rico, sino metaf\u00edsico. Europa no muere de c\u00f3lera, tuberculosis, ni de s\u00edfilis, ni de bancarrota: muere de exceso de alma.\u00a0<\/p>\n\n\n\n<p>Finalmente, <em><a href=\"https:\/\/buscador.biblioteca.uned.es\/permalink\/f\/huo5dn\/34UNED_ALMA2187213280004215\" target=\"_blank\" rel=\"noreferrer noopener\">Doktor <\/a><a href=\"https:\/\/buscador.biblioteca.uned.es\/permalink\/f\/huo5dn\/34UNED_ALMA2187213280004215\">Faustus<\/a><\/em> que condensa y oscurece todo lo anterior. Esta tambi\u00e9n es una novela larga, pero no porque el tiempo se detenga, sino porque la narraci\u00f3n es una lucha entre dos fuerzas: el relato biogr\u00e1fico del narrador, y la presencia ausente de Leverk\u00fchn, que va fagocitando el texto. Aqu\u00ed el estilo se hace m\u00e1s \u00e1spero, m\u00e1s denso intelectualmente: la prosa es culta, t\u00e9cnica, y en muchos momentos se vuelve casi inhospitalaria. Las frases pierden musicalidad para ganar carga conceptual. El narrador escribe como quien quiere preservar algo sagrado \u2014la dignidad, la raz\u00f3n, el arte\u2014 mientras a su alrededor todo arde. Y esa tensi\u00f3n estil\u00edstica entre la lucidez y el espanto es la marca profunda de la novela.\u00a0<\/p>\n\n\n\n<p>En <em>Doktor Faustus<\/em>, quiz\u00e1 la obra m\u00e1s oscura y ambiciosa de Thomas Mann, la enfermedad ya no es la tuberculosis sino la s\u00edfilis. Thomas Mann proyecta su visi\u00f3n tr\u00e1gica de la cultura alemana en el siglo XX a trav\u00e9s de una poderosa alegor\u00eda: <strong>el pacto f\u00e1ustico del artista con las fuerzas de la destrucci\u00f3n<\/strong>. Esta novela no es simplemente la historia de un m\u00fasico genial; es una meditaci\u00f3n sombr\u00eda sobre el alma de Europa, sobre el v\u00ednculo entre genio y locura, y sobre la posibilidad \u2014o imposibilidad\u2014 de redenci\u00f3n en un mundo donde la raz\u00f3n ha sido derrotada.\u00a0<\/p>\n\n\n\n<p>Adrian Leverk\u00fchn, protagonista de la obra, es una transposici\u00f3n del mito de Fausto que, en lugar de vender su alma por sabidur\u00eda, la vende por arte. A cambio de renunciar al amor humano y aceptar la s\u00edfilis, como s\u00edmbolo de corrupci\u00f3n interna, obtiene la inspiraci\u00f3n para componer una m\u00fasica radical, de un orden nuevo y deshumanizado. Esta m\u00fasica \u2014atonal, matem\u00e1tica, abstracta\u2014 refleja el estado del alma europea en ruinas, incapaz de sostener la armon\u00eda cl\u00e1sica. Leverk\u00fchn no puede crear mientras vive dentro de los l\u00edmites \u00e9ticos, emocionales o sensuales. Para alcanzar la \u201cgrandeza\u201d, debe amputarse de lo humano<\/p>\n\n\n\n<p>Mann traza una analog\u00eda directa entre la biograf\u00eda del m\u00fasico y la historia de Alemania. As\u00ed como Leverk\u00fchn renuncia a la compasi\u00f3n para entregarse a un arte puro, as\u00ed tambi\u00e9n \u2014sugiere el narrador\u2014 Alemania traicion\u00f3 sus ideales humanistas y se entreg\u00f3 a una ideolog\u00eda destructiva, nacida de su propio resentimiento cultural. El ascenso del nazismo es interpretado como un acto de <em>hybris <\/em>colectiva: un sacrificio de la conciencia por una ilusoria grandeza. La enfermedad de Leverk\u00fchn es la enfermedad de Alemania. En <em>Doktor Faustus <\/em>la cultura no s\u00f3lo est\u00e1 enferma, es un delirio visionario: ha sido consumida desde dentro por su propio orgullo, por su obsesi\u00f3n con el absoluto.\u00a0\u00a0<\/p>\n\n\n\n<p>Finalizamos este repaso r\u00e1pido a estas 4 obras monumentales que nos ha permitido detectar puntos comunes y obsesiones continuas de Thomas Mann, afirmando que el autor ha hecho de su narrativa un instrumento de diagn\u00f3stico espiritual y pol\u00edtico. A trav\u00e9s de <em>Los Buddenbrook<\/em>, <em>La muerte en Venecia<\/em>, <em>La monta\u00f1a m\u00e1gica<\/em> y <em>Doktor Faustus<\/em>, Thomas Mann articula una visi\u00f3n tr\u00e1gica y l\u00facida de Europa, donde la decadencia del cuerpo es inseparable de la del esp\u00edritu. Su narrativa evoluciona desde el realismo sobrio hacia una prosa cada vez m\u00e1s densa, especulativa y simb\u00f3lica, reflejo de una sensibilidad que presiente el colapso de una civilizaci\u00f3n. En Mann, la enfermedad no es s\u00f3lo una dolencia f\u00edsica, sino una met\u00e1fora de la crisis de sentido, del desgaste moral e ideol\u00f3gico de una Europa que, tras siglos de cultura, arte y raz\u00f3n, parece haber llegado a un umbral terminal. En \u00faltima instancia, Thomas Mann no fue s\u00f3lo un narrador de su tiempo, sino un int\u00e9rprete profundo del malestar de una \u00e9poca, y su obra permanece como un testimonio ineludible del ocaso espiritual de Occidente.\u00a0<\/p>\n\n\n\n<p>Enlaces interesantes:<\/p>\n\n\n\n<p><a href=\"https:\/\/www.youtube.com\/watch?v=ko3V12OTqpQ\" target=\"_blank\" rel=\"noreferrer noopener\">Thomas Mann, la vida desde la barrera<\/a><\/p>\n\n\n\n<p><a href=\"https:\/\/youtu.be\/vlGBb836JQM?si=QMdvMpb3umBISUnN\" target=\"_blank\" rel=\"noreferrer noopener\">El esp\u00edritu de Alemania en la obra de Thomas Mann\u00a0<\/a><\/p>\n\n\n\n<p><a href=\"https:\/\/filopalabra.com\/la-montana-magica-iniciacion-y-enfermedad\/\" data-type=\"link\" data-id=\"https:\/\/filopalabra.com\/la-montana-magica-iniciacion-y-enfermedad\/\">La monta\u00f1a m\u00e1gica: iniciaci\u00f3n y en<\/a><a href=\"https:\/\/filopalabra.com\/la-montana-magica-iniciacion-y-enfermedad\/\" data-type=\"link\" data-id=\"https:\/\/filopalabra.com\/la-montana-magica-iniciacion-y-enfermedad\/\" target=\"_blank\" rel=\"noreferrer noopener\">f<\/a><a href=\"https:\/\/filopalabra.com\/la-montana-magica-iniciacion-y-enfermedad\/\" data-type=\"link\" data-id=\"https:\/\/filopalabra.com\/la-montana-magica-iniciacion-y-enfermedad\/\">ermedad<\/a><\/p>\n\n\n\n<p>Foto de\u00a0<a href=\"https:\/\/unsplash.com\/es\/@jinaawkar?utm_content=creditCopyText&amp;utm_medium=referral&amp;utm_source=unsplash\" target=\"_blank\" rel=\"noreferrer noopener\">Jina Awkar<\/a>\u00a0en\u00a0<a href=\"https:\/\/unsplash.com\/es\/fotos\/los-postes-de-madera-se-encuentran-en-la-laguna-brumosa-de-venecia-n4CYrZ5n6jY?utm_content=creditCopyText&amp;utm_medium=referral&amp;utm_source=unsplash\" target=\"_blank\" rel=\"noreferrer noopener\">Unsplash<\/a><\/p>\n","protected":false},"excerpt":{"rendered":"<p>Thomas Mann (L\u00fcbeck, 6 de junio de 1875-Z\u00farich, 12 de agosto de 1955) es uno de los pilares de la m\u00e1s alta cultura europea del siglo XX, y en su obra confluyen el arte, la belleza, la enfermedad, la decadencia, el tiempo y la muerte como temas recurrentes, no s\u00f3lo por su carga simb\u00f3lica, sino [&hellip;]<\/p>\n","protected":false},"author":111,"featured_media":6785,"comment_status":"open","ping_status":"open","sticky":false,"template":"","format":"standard","meta":{"site-sidebar-layout":"default","site-content-layout":"","ast-site-content-layout":"default","site-content-style":"default","site-sidebar-style":"default","ast-global-header-display":"","ast-banner-title-visibility":"","ast-main-header-display":"","ast-hfb-above-header-display":"","ast-hfb-below-header-display":"","ast-hfb-mobile-header-display":"","site-post-title":"","ast-breadcrumbs-content":"","ast-featured-img":"","footer-sml-layout":"","ast-disable-related-posts":"","theme-transparent-header-meta":"","adv-header-id-meta":"","stick-header-meta":"","header-above-stick-meta":"","header-main-stick-meta":"","header-below-stick-meta":"","astra-migrate-meta-layouts":"default","ast-page-background-enabled":"default","ast-page-background-meta":{"desktop":{"background-color":"var(--ast-global-color-4)","background-image":"","background-repeat":"repeat","background-position":"center center","background-size":"auto","background-attachment":"scroll","background-type":"","background-media":"","overlay-type":"","overlay-color":"","overlay-opacity":"","overlay-gradient":""},"tablet":{"background-color":"","background-image":"","background-repeat":"repeat","background-position":"center center","background-size":"auto","background-attachment":"scroll","background-type":"","background-media":"","overlay-type":"","overlay-color":"","overlay-opacity":"","overlay-gradient":""},"mobile":{"background-color":"","background-image":"","background-repeat":"repeat","background-position":"center center","background-size":"auto","background-attachment":"scroll","background-type":"","background-media":"","overlay-type":"","overlay-color":"","overlay-opacity":"","overlay-gradient":""}},"ast-content-background-meta":{"desktop":{"background-color":"var(--ast-global-color-5)","background-image":"","background-repeat":"repeat","background-position":"center center","background-size":"auto","background-attachment":"scroll","background-type":"","background-media":"","overlay-type":"","overlay-color":"","overlay-opacity":"","overlay-gradient":""},"tablet":{"background-color":"var(--ast-global-color-5)","background-image":"","background-repeat":"repeat","background-position":"center center","background-size":"auto","background-attachment":"scroll","background-type":"","background-media":"","overlay-type":"","overlay-color":"","overlay-opacity":"","overlay-gradient":""},"mobile":{"background-color":"var(--ast-global-color-5)","background-image":"","background-repeat":"repeat","background-position":"center center","background-size":"auto","background-attachment":"scroll","background-type":"","background-media":"","overlay-type":"","overlay-color":"","overlay-opacity":"","overlay-gradient":""}},"footnotes":""},"categories":[1],"tags":[703,481,701],"class_list":["post-6783","post","type-post","status-publish","format-standard","has-post-thumbnail","hentry","category-sin-categoria","tag-filosofia","tag-literatura-alemana","tag-literatura-siglo-xx"],"_links":{"self":[{"href":"https:\/\/blogs.uned.es\/marcapaginas\/wp-json\/wp\/v2\/posts\/6783","targetHints":{"allow":["GET"]}}],"collection":[{"href":"https:\/\/blogs.uned.es\/marcapaginas\/wp-json\/wp\/v2\/posts"}],"about":[{"href":"https:\/\/blogs.uned.es\/marcapaginas\/wp-json\/wp\/v2\/types\/post"}],"author":[{"embeddable":true,"href":"https:\/\/blogs.uned.es\/marcapaginas\/wp-json\/wp\/v2\/users\/111"}],"replies":[{"embeddable":true,"href":"https:\/\/blogs.uned.es\/marcapaginas\/wp-json\/wp\/v2\/comments?post=6783"}],"version-history":[{"count":1,"href":"https:\/\/blogs.uned.es\/marcapaginas\/wp-json\/wp\/v2\/posts\/6783\/revisions"}],"predecessor-version":[{"id":6787,"href":"https:\/\/blogs.uned.es\/marcapaginas\/wp-json\/wp\/v2\/posts\/6783\/revisions\/6787"}],"wp:featuredmedia":[{"embeddable":true,"href":"https:\/\/blogs.uned.es\/marcapaginas\/wp-json\/wp\/v2\/media\/6785"}],"wp:attachment":[{"href":"https:\/\/blogs.uned.es\/marcapaginas\/wp-json\/wp\/v2\/media?parent=6783"}],"wp:term":[{"taxonomy":"category","embeddable":true,"href":"https:\/\/blogs.uned.es\/marcapaginas\/wp-json\/wp\/v2\/categories?post=6783"},{"taxonomy":"post_tag","embeddable":true,"href":"https:\/\/blogs.uned.es\/marcapaginas\/wp-json\/wp\/v2\/tags?post=6783"}],"curies":[{"name":"wp","href":"https:\/\/api.w.org\/{rel}","templated":true}]}}