{"id":3273,"date":"2021-04-09T22:27:00","date_gmt":"2021-04-09T22:27:00","guid":{"rendered":"https:\/\/marcapaginasuned.blog\/?p=915"},"modified":"2024-04-10T11:51:14","modified_gmt":"2024-04-10T09:51:14","slug":"encuentro-virtual-homenaje-a-carmen-laforet","status":"publish","type":"post","link":"https:\/\/blogs.uned.es\/marcapaginas\/2021\/04\/09\/encuentro-virtual-homenaje-a-carmen-laforet\/","title":{"rendered":"El silencio de Carmen Laforet. 100 a\u00f1os de su nacimiento."},"content":{"rendered":"\n<h2 class=\"wp-block-heading\"><\/h2>\n\n\n\n<p class=\"has-text-align-right\"><strong><em>Por Br\u00edgida M. Pastor<\/em><\/strong><\/p>\n\n\n\n<p>Una de las conmemoraciones m\u00e1s importantes del 2021 en el mundo panhisp\u00e1nico es el centenario del nacimiento de la escritora Carmen Laforet (Barcelona, 6 de septiembre de 1921-Madrid, 28 de febrero de 2004.<\/p>\n\n\n\n<p><strong>Con su primera novela, <em><a href=\"https:\/\/buscador.biblioteca.uned.es\/permalink\/f\/ffr813\/34UNED_ALMA2172245550004215\">Nada<\/a><\/em>,<\/strong> <strong>Laforet fue la ganadora de la primera edici\u00f3n del prestigioso Premio Nadal en 1945, con tan solo 23 a\u00f1os, estableciendo un r\u00e9cord juvenil <\/strong>al ser galardonada con este premio en un ambiente dominado por escritores varones y que restring\u00eda la presencia del talento de las mujeres. El destino de la escritora se presentar\u00eda como un trayecto de retos, frustraciones y silencios. A partir de entonces, \u201cnada\u201d volver\u00eda a ser lo mismo. A <em>Nada<\/em> le seguir\u00eda su segunda novela,<a href=\"https:\/\/buscador.biblioteca.uned.es\/permalink\/f\/ke8o8l\/34UNED_ALMA2192549300004215\"> <em>La isla y los demonios <\/em><\/a><em>(1952) <\/em>y tres a\u00f1os m\u00e1s tarde<em>, <a href=\"https:\/\/buscador.biblioteca.uned.es\/permalink\/f\/ke8o8l\/34UNED_ALMA2160350310004215\">La mujer nueva <\/a><\/em>en 1955\u2014Premio Nacional de Literatura. Este libro fue el preludio de \u201cla fuga\u201d que la escritora emprender\u00eda en la vida real, pero fue con su novela <a href=\"https:\/\/buscador.biblioteca.uned.es\/permalink\/f\/ffr813\/34UNED_ALMA2179786860004215\" target=\"_blank\" rel=\"noreferrer noopener\"><em>La insolaci\u00f3n<\/em> <\/a>(1962) y<a href=\"https:\/\/buscador.biblioteca.uned.es\/permalink\/f\/ffr813\/34UNED_ALMA2167605480004215\"> <em>Al volver la esquina<\/em><\/a><em> <\/em>(2004)\u2014escrita esta \u00faltima en los a\u00f1os sesenta y reelaborada hasta su muerte, que culminar\u00eda su denuncia del oscurantismo de la \u00e9poca. Tras su ruptura conyugal, s\u00f3lo escribir\u00eda trabajos breves hasta su muerte en 2004, a la edad de 82 a\u00f1os, mereciendo un puesto destacado como cuentista entre los escritores de la generaci\u00f3n del medio siglo.<\/p>\n\n\n\n<p>En sus cinco novelas largas, Carmen Laforet intent\u00f3 firmemente encontrar nuevas narrativas para encuadrar asimismo un mensaje feminista. Como ejemplo excepcional de escritura femenina de la posguerra inmediata, lleg\u00f3 a formar parte del canon universal de la literatura espa\u00f1ola del siglo XX. <strong>Se convirti\u00f3 en un eslab\u00f3n clave en la genealog\u00eda integrada por escritoras que enfrentaron las limitaciones impuestas por el patriarcado.<\/strong> Part\u00edcipe de una larga tradici\u00f3n que recuerda a escritoras como Santa Teresa de Jes\u00fas, Fern\u00e1n Caballero, Gertrudis G\u00f3mez de Avellaneda, Emilia Pardo Baz\u00e1n, o Rosa Chacel, se edific\u00f3 en modelo a seguir para escritoras posteriores.<\/p>\n\n\n\n<p>Triste y desanimada, ella misma se calific\u00f3 con una palabra: grafofobia, sustentada por el \u201cdes\u00e1nimo o la esquizofrenia, o lo que sea\u201d, como escribir\u00eda en una misiva a sus amigos, Paco Rabal y Asunci\u00f3n Balaguer. <strong>Los silencios y misterio que definen su vida y la extensa correspondencia de la autora a su amigo y confidente Ram\u00f3n J. Sender, y a otros amigos con los que la escritora se sincer\u00f3, descubren la intensidad dram\u00e1tica de esta enigm\u00e1tica escritora, sus esperanzas, su rebeld\u00eda, su ferviente deseo de libertad, as\u00ed como su constante escapismo y b\u00fasqueda infructuosa de anhelos profundos o su frustraci\u00f3n ante sus novelas inacabadas<\/strong>. Laforet era exigente con lo que escrib\u00eda y el papel de creadora y de mujer la colocaban en una situaci\u00f3n de constante debate existencial.<\/p>\n\n\n\n<figure class=\"wp-block-pullquote\"><blockquote><p>Triste y desanimada , ella misma se calific\u00f3 con una palabra: grafofobia, sustentada por el \u00abdes\u00e1nimo o la esquizofrenia, o lo que sea\u00bb, como escribir\u00eda en una misiva a sus a sus amigos, Paco Rabal y Asunci\u00f3n Balaguer.<\/p><\/blockquote><\/figure>\n\n\n\n<p>A partir de <em>Nada, <\/em><strong>escribir supondr\u00eda un desaf\u00edo doloroso para la escritora, invadida por las presiones editoriales, la maternidad (madre de cinco hijos) y su esp\u00edritu libre.<\/strong> En definitiva, Laforet se sent\u00eda atrapada en el conflicto que experimentaba como mujer y escritora. Su necesidad de escribir y la soledad frente al papel en blanco, su constante batalla con la escritura y el reto que vincula su separaci\u00f3n matrimonial con su etapa \u00e1grafa definen la experiencia vital y literaria de la autora de <em>Nada<\/em>, calificativo por el que se la definir\u00eda hasta el final de sus d\u00edas. Carmen Laforet dej\u00f3 un legado imperecedero para las letras universales y se erige como una de las figuras m\u00e1s excepcionales, y enigm\u00e1ticas a la vez, de la literatura contempor\u00e1nea espa\u00f1ola.<\/p>\n\n\n\n<p>Foto de\u00a0<a href=\"https:\/\/unsplash.com\/es\/@marcospradobr?utm_content=creditCopyText&amp;utm_medium=referral&amp;utm_source=unsplash\">Marcos Paulo Prado<\/a>\u00a0en\u00a0<a href=\"https:\/\/unsplash.com\/es\/fotos\/persona-desconocida-escribiendo-tcyW6Im5Uug?utm_content=creditCopyText&amp;utm_medium=referral&amp;utm_source=unsplash\">Unsplash<\/a><\/p>\n","protected":false},"excerpt":{"rendered":"<p>Por Br\u00edgida M. Pastor Una de las conmemoraciones m\u00e1s importantes del 2021 en el mundo panhisp\u00e1nico es el centenario del nacimiento de la escritora Carmen Laforet (Barcelona, 6 de septiembre de 1921-Madrid, 28 de febrero de 2004. Con su primera novela, Nada, Laforet fue la ganadora de la primera edici\u00f3n del prestigioso Premio Nadal en [&hellip;]<\/p>\n","protected":false},"author":7847,"featured_media":4427,"comment_status":"closed","ping_status":"closed","sticky":false,"template":"","format":"standard","meta":{"site-sidebar-layout":"default","site-content-layout":"","ast-site-content-layout":"default","site-content-style":"default","site-sidebar-style":"default","ast-global-header-display":"","ast-banner-title-visibility":"","ast-main-header-display":"","ast-hfb-above-header-display":"","ast-hfb-below-header-display":"","ast-hfb-mobile-header-display":"","site-post-title":"","ast-breadcrumbs-content":"","ast-featured-img":"","footer-sml-layout":"","ast-disable-related-posts":"","theme-transparent-header-meta":"","adv-header-id-meta":"","stick-header-meta":"","header-above-stick-meta":"","header-main-stick-meta":"","header-below-stick-meta":"","astra-migrate-meta-layouts":"default","ast-page-background-enabled":"default","ast-page-background-meta":{"desktop":{"background-color":"var(--ast-global-color-4)","background-image":"","background-repeat":"repeat","background-position":"center center","background-size":"auto","background-attachment":"scroll","background-type":"","background-media":"","overlay-type":"","overlay-color":"","overlay-opacity":"","overlay-gradient":""},"tablet":{"background-color":"","background-image":"","background-repeat":"repeat","background-position":"center center","background-size":"auto","background-attachment":"scroll","background-type":"","background-media":"","overlay-type":"","overlay-color":"","overlay-opacity":"","overlay-gradient":""},"mobile":{"background-color":"","background-image":"","background-repeat":"repeat","background-position":"center center","background-size":"auto","background-attachment":"scroll","background-type":"","background-media":"","overlay-type":"","overlay-color":"","overlay-opacity":"","overlay-gradient":""}},"ast-content-background-meta":{"desktop":{"background-color":"var(--ast-global-color-5)","background-image":"","background-repeat":"repeat","background-position":"center center","background-size":"auto","background-attachment":"scroll","background-type":"","background-media":"","overlay-type":"","overlay-color":"","overlay-opacity":"","overlay-gradient":""},"tablet":{"background-color":"var(--ast-global-color-5)","background-image":"","background-repeat":"repeat","background-position":"center center","background-size":"auto","background-attachment":"scroll","background-type":"","background-media":"","overlay-type":"","overlay-color":"","overlay-opacity":"","overlay-gradient":""},"mobile":{"background-color":"var(--ast-global-color-5)","background-image":"","background-repeat":"repeat","background-position":"center center","background-size":"auto","background-attachment":"scroll","background-type":"","background-media":"","overlay-type":"","overlay-color":"","overlay-opacity":"","overlay-gradient":""}},"footnotes":""},"categories":[1],"tags":[413,483],"class_list":["post-3273","post","type-post","status-publish","format-standard","has-post-thumbnail","hentry","category-sin-categoria","tag-dia-del-libro","tag-literatura-espanola"],"_links":{"self":[{"href":"https:\/\/blogs.uned.es\/marcapaginas\/wp-json\/wp\/v2\/posts\/3273","targetHints":{"allow":["GET"]}}],"collection":[{"href":"https:\/\/blogs.uned.es\/marcapaginas\/wp-json\/wp\/v2\/posts"}],"about":[{"href":"https:\/\/blogs.uned.es\/marcapaginas\/wp-json\/wp\/v2\/types\/post"}],"author":[{"embeddable":true,"href":"https:\/\/blogs.uned.es\/marcapaginas\/wp-json\/wp\/v2\/users\/7847"}],"replies":[{"embeddable":true,"href":"https:\/\/blogs.uned.es\/marcapaginas\/wp-json\/wp\/v2\/comments?post=3273"}],"version-history":[{"count":3,"href":"https:\/\/blogs.uned.es\/marcapaginas\/wp-json\/wp\/v2\/posts\/3273\/revisions"}],"predecessor-version":[{"id":4413,"href":"https:\/\/blogs.uned.es\/marcapaginas\/wp-json\/wp\/v2\/posts\/3273\/revisions\/4413"}],"wp:featuredmedia":[{"embeddable":true,"href":"https:\/\/blogs.uned.es\/marcapaginas\/wp-json\/wp\/v2\/media\/4427"}],"wp:attachment":[{"href":"https:\/\/blogs.uned.es\/marcapaginas\/wp-json\/wp\/v2\/media?parent=3273"}],"wp:term":[{"taxonomy":"category","embeddable":true,"href":"https:\/\/blogs.uned.es\/marcapaginas\/wp-json\/wp\/v2\/categories?post=3273"},{"taxonomy":"post_tag","embeddable":true,"href":"https:\/\/blogs.uned.es\/marcapaginas\/wp-json\/wp\/v2\/tags?post=3273"}],"curies":[{"name":"wp","href":"https:\/\/api.w.org\/{rel}","templated":true}]}}