{"id":3019,"date":"2012-03-10T11:01:00","date_gmt":"2012-03-10T11:01:00","guid":{"rendered":"https:\/\/marcapaginasuned.wordpress.com\/2012\/03\/10\/libros-para-despistar-a-la-crisis-ii-nada-es-gratis-como-evitar-la-decada-perdida-tras-la-decada-prodigiosa"},"modified":"2024-09-18T18:29:42","modified_gmt":"2024-09-18T16:29:42","slug":"libros-para-despistar-a-la-crisis-ii-nada-es-gratis-como-evitar-la-decada-perdida-tras-la-decada-prodigiosa","status":"publish","type":"post","link":"https:\/\/blogs.uned.es\/marcapaginas\/2012\/03\/10\/libros-para-despistar-a-la-crisis-ii-nada-es-gratis-como-evitar-la-decada-perdida-tras-la-decada-prodigiosa\/","title":{"rendered":"Libros para [despistar a] la crisis II. \u00abNada es gratis: c\u00f3mo evitar la d\u00e9cada perdida tras la d\u00e9cada prodigiosa\u00bb."},"content":{"rendered":"<p><!-- [if gte mso 9]&gt;    &lt;![endif]--><!-- [if gte mso 9]&gt;   Normal  0      21      false  false  false    ES  X-NONE  X-NONE                                                                    &lt;![endif]--><!-- [if gte mso 9]&gt;                                                                                                                                                                                                                                                                                      &lt;![endif]--><!-- [if gte mso 10]&gt; \/* Style Definitions *\/  table.MsoNormalTable  {mso-style-name:\"Tabla normal\";  mso-tstyle-rowband-size:0;  mso-tstyle-colband-size:0;  mso-style-noshow:yes;  mso-style-priority:99;  mso-style-parent:\"\";  mso-padding-alt:0cm 5.4pt 0cm 5.4pt;  mso-para-margin:0cm;  mso-para-margin-bottom:.0001pt;  mso-pagination:widow-orphan;  font-size:10.0pt;  font-family:\"Times New Roman\",\"serif\";} &lt;![endif]--><\/p>\n<div class=\"MsoNormal\" style=\"text-align: right\"><b>Beatriz Tejada <\/b><\/div>\n<div class=\"MsoNormal\" style=\"text-align: justify\"><\/div>\n<div class=\"MsoNormal\" style=\"text-align: left\"><a style=\"clear: left;float: left;margin-bottom: 1em;margin-right: 1em\" href=\"http:\/\/www.planetadelibros.com\/nada-es-gratis-libro-53425.html\" target=\"_blank\" rel=\"noopener\"><img decoding=\"async\" src=\"https:\/\/marcapaginasuned.files.wordpress.com\/2012\/03\/1ebd3-nada-es-gratis_9788423345335.jpg\" border=\"0\" \/><\/a><span style=\"font-family: inherit\">\u00a0\u00a0 La crisis econ\u00f3mica que vivimos comenz\u00f3 en 2007 y en nuestro pa\u00eds est\u00e1 siendo especialmente dura debido a las cifras brutales de paro que no dejan de golpearnos. En la segunda entrega de este ciclo, <\/span><i style=\"font-family: inherit\">Nada<\/i><i style=\"font-family: inherit\"> es<\/i><i style=\"font-family: inherit\"> gratis:<\/i><i style=\"font-family: inherit\"> c\u00f3mo<\/i><i style=\"font-family: inherit\"> evitar<\/i><i style=\"font-family: inherit\"> la<\/i><i style=\"font-family: inherit\"> d\u00e9cada<\/i><i style=\"font-family: inherit\"> perdida<\/i><i style=\"font-family: inherit\"> tras<\/i><i style=\"font-family: inherit\"> la<\/i><i style=\"font-family: inherit\"> d\u00e9cada<\/i><i style=\"font-family: inherit\"> prodigiosa,<\/i><span style=\"font-family: inherit\"> se analiza la encrucijada econ\u00f3mica actual de nuestro pa\u00eds, buscando sus or\u00edgenes en la \u00faltima d\u00e9cada. Escrito por un grupo de seis reputados economistas vinculados con la <\/span><b><i style=\"font-family: inherit\">Fundaci\u00f3n de Estudios de Econom\u00eda Aplicada<\/i><\/b><span style=\"font-family: inherit\"><b> <\/b>(FEDEA), el libro se ha publicado bajo el seud\u00f3nimo de <\/span>Jorge Juan<span style=\"font-family: inherit\"> y toma el t\u00edtulo del <\/span><a style=\"font-family: inherit\" href=\"http:\/\/www.fedeablogs.net\/economia\/\" target=\"_blank\" rel=\"noopener\">blog<\/a><span style=\"font-family: inherit\"> de id\u00e9ntico nombre en el que participan, entre otros: Samuel Bentolila, Antonio Cabrales, Jes\u00fas Fern\u00e1ndez-Villaverde, Luis Garicano,<\/span> <strong style=\"font-family: inherit;font-weight: normal\">Juan<\/strong> <strong style=\"font-family: inherit;font-weight: normal\">Rubio-Ram\u00edrez<\/strong><span style=\"font-family: inherit\"> y Tano Santos.\u00a0<\/span><\/div>\n<div class=\"MsoNormal\" style=\"text-align: left\"><\/div>\n<div class=\"MsoNormal\" style=\"text-align: left\">\u00a0\u00a0\u00a0 Los autores comienzan intentando explicar el origen de nuestra situaci\u00f3n econ\u00f3mica presente aportando datos, estad\u00edsticas y comparativas con pa\u00edses de nuestro entorno europeo, tanto referentes al sector p\u00fablico como al privado. Los elementos que nos han llevado al actual estado ser\u00edan el impacto de la entrada en el euro que hizo bajar dr\u00e1sticamente los tipos de inter\u00e9s; la burbuja inmobiliaria apoyada en la facilidad de financiaci\u00f3n; y el impacto de la crisis provocada por la desregulaci\u00f3n financiera estadounidense.<\/div>\n<div class=\"MsoNormal\" style=\"text-align: left\"><\/div>\n<div class=\"MsoNormal\" style=\"font-family: inherit;text-align: left\">\u00a0\u00a0\u00a0 Ante esta dificil\u00edsima situaci\u00f3n, estiman que es necesario un profundo programa de reformas sin las cuales nuestra econom\u00eda seguir\u00e1 debilit\u00e1ndose y perdiendo importancia a nivel mundial. Las medidas de <b>Jorge Juan<\/b> pasar\u00edan por realizar una fuerte reestructuraci\u00f3n del sector financiero y de las comunidades aut\u00f3nomas, una reforma laboral amplia y otras similares en sanidad, educaci\u00f3n y pensiones. Tambi\u00e9n intentan ofrecer soluciones para cambiar el modelo productivo de Espa\u00f1a.<\/div>\n<div class=\"MsoNormal\" style=\"font-family: inherit;text-align: left\"><\/div>\n<div class=\"MsoNormal\" style=\"font-family: inherit;text-align: left\">\u00a0 \u00a0Aunque no est\u00e9s de acuerdo con las reformas que ofrecen los autores y que podr\u00edan calificarse de <b>(neo)liberales<\/b>, el rigor es indiscutible, los temas est\u00e1n bien fundamentados y la argumentaci\u00f3n es buena. Todo lo necesario para sembrar el debate y discutir en torno a las propuestas.<\/div>\n<div><\/div>\n<div class=\"MsoNormal\" style=\"text-align: left\"><span style=\"font-family: inherit;font-size: x-small\">Jorge Juan, <i>Nada es gratis: C\u00f3mo evitar la d\u00e9cada perdida tras la d\u00e9cada prodigiosa<\/i>. Barcelona: Destino, 2011.<\/span><\/div>\n<div><\/div>\n<div>Foto de\u00a0<a href=\"https:\/\/unsplash.com\/es\/@dkoi?utm_content=creditCopyText&amp;utm_medium=referral&amp;utm_source=unsplash\">D koi<\/a>\u00a0en\u00a0<a href=\"https:\/\/unsplash.com\/es\/fotos\/una-persona-volando-por-el-aire-en-un-dia-nublado-_zFVwcKZh10?utm_content=creditCopyText&amp;utm_medium=referral&amp;utm_source=unsplash\">Unsplash<\/a><\/div>\n","protected":false},"excerpt":{"rendered":"<p>Beatriz Tejada \u00a0\u00a0 La crisis econ\u00f3mica que vivimos comenz\u00f3 en 2007 y en nuestro pa\u00eds est\u00e1 siendo especialmente dura debido a las cifras brutales de paro que no dejan de golpearnos. En la segunda entrega de este ciclo, Nada es gratis: c\u00f3mo evitar la d\u00e9cada perdida tras la d\u00e9cada prodigiosa, se analiza la encrucijada econ\u00f3mica [&hellip;]<\/p>\n","protected":false},"author":7847,"featured_media":6437,"comment_status":"open","ping_status":"closed","sticky":false,"template":"","format":"standard","meta":{"site-sidebar-layout":"default","site-content-layout":"","ast-site-content-layout":"default","site-content-style":"default","site-sidebar-style":"default","ast-global-header-display":"","ast-banner-title-visibility":"","ast-main-header-display":"","ast-hfb-above-header-display":"","ast-hfb-below-header-display":"","ast-hfb-mobile-header-display":"","site-post-title":"","ast-breadcrumbs-content":"","ast-featured-img":"","footer-sml-layout":"","ast-disable-related-posts":"","theme-transparent-header-meta":"","adv-header-id-meta":"","stick-header-meta":"","header-above-stick-meta":"","header-main-stick-meta":"","header-below-stick-meta":"","astra-migrate-meta-layouts":"default","ast-page-background-enabled":"default","ast-page-background-meta":{"desktop":{"background-color":"var(--ast-global-color-4)","background-image":"","background-repeat":"repeat","background-position":"center center","background-size":"auto","background-attachment":"scroll","background-type":"","background-media":"","overlay-type":"","overlay-color":"","overlay-opacity":"","overlay-gradient":""},"tablet":{"background-color":"","background-image":"","background-repeat":"repeat","background-position":"center center","background-size":"auto","background-attachment":"scroll","background-type":"","background-media":"","overlay-type":"","overlay-color":"","overlay-opacity":"","overlay-gradient":""},"mobile":{"background-color":"","background-image":"","background-repeat":"repeat","background-position":"center center","background-size":"auto","background-attachment":"scroll","background-type":"","background-media":"","overlay-type":"","overlay-color":"","overlay-opacity":"","overlay-gradient":""}},"ast-content-background-meta":{"desktop":{"background-color":"var(--ast-global-color-5)","background-image":"","background-repeat":"repeat","background-position":"center center","background-size":"auto","background-attachment":"scroll","background-type":"","background-media":"","overlay-type":"","overlay-color":"","overlay-opacity":"","overlay-gradient":""},"tablet":{"background-color":"var(--ast-global-color-5)","background-image":"","background-repeat":"repeat","background-position":"center center","background-size":"auto","background-attachment":"scroll","background-type":"","background-media":"","overlay-type":"","overlay-color":"","overlay-opacity":"","overlay-gradient":""},"mobile":{"background-color":"var(--ast-global-color-5)","background-image":"","background-repeat":"repeat","background-position":"center center","background-size":"auto","background-attachment":"scroll","background-type":"","background-media":"","overlay-type":"","overlay-color":"","overlay-opacity":"","overlay-gradient":""}},"footnotes":""},"categories":[331],"tags":[401,435],"class_list":["post-3019","post","type-post","status-publish","format-standard","has-post-thumbnail","hentry","category-uncategorized","tag-crisis-economica","tag-ensayo"],"_links":{"self":[{"href":"https:\/\/blogs.uned.es\/marcapaginas\/wp-json\/wp\/v2\/posts\/3019","targetHints":{"allow":["GET"]}}],"collection":[{"href":"https:\/\/blogs.uned.es\/marcapaginas\/wp-json\/wp\/v2\/posts"}],"about":[{"href":"https:\/\/blogs.uned.es\/marcapaginas\/wp-json\/wp\/v2\/types\/post"}],"author":[{"embeddable":true,"href":"https:\/\/blogs.uned.es\/marcapaginas\/wp-json\/wp\/v2\/users\/7847"}],"replies":[{"embeddable":true,"href":"https:\/\/blogs.uned.es\/marcapaginas\/wp-json\/wp\/v2\/comments?post=3019"}],"version-history":[{"count":2,"href":"https:\/\/blogs.uned.es\/marcapaginas\/wp-json\/wp\/v2\/posts\/3019\/revisions"}],"predecessor-version":[{"id":6439,"href":"https:\/\/blogs.uned.es\/marcapaginas\/wp-json\/wp\/v2\/posts\/3019\/revisions\/6439"}],"wp:featuredmedia":[{"embeddable":true,"href":"https:\/\/blogs.uned.es\/marcapaginas\/wp-json\/wp\/v2\/media\/6437"}],"wp:attachment":[{"href":"https:\/\/blogs.uned.es\/marcapaginas\/wp-json\/wp\/v2\/media?parent=3019"}],"wp:term":[{"taxonomy":"category","embeddable":true,"href":"https:\/\/blogs.uned.es\/marcapaginas\/wp-json\/wp\/v2\/categories?post=3019"},{"taxonomy":"post_tag","embeddable":true,"href":"https:\/\/blogs.uned.es\/marcapaginas\/wp-json\/wp\/v2\/tags?post=3019"}],"curies":[{"name":"wp","href":"https:\/\/api.w.org\/{rel}","templated":true}]}}