{"id":26,"date":"2017-06-05T11:27:00","date_gmt":"2017-06-05T11:27:00","guid":{"rendered":"https:\/\/marcapaginasuned.wordpress.com\/2017\/06\/05\/confrontando-el-mal-ensayos-sobre-memoria-violencia-y-democracia"},"modified":"2024-07-05T17:02:50","modified_gmt":"2024-07-05T15:02:50","slug":"confrontando-el-mal-ensayos-sobre-memoria-violencia-y-democracia","status":"publish","type":"post","link":"https:\/\/blogs.uned.es\/marcapaginas\/2017\/06\/05\/confrontando-el-mal-ensayos-sobre-memoria-violencia-y-democracia\/","title":{"rendered":"Confrontando el mal. Ensayos sobre memoria, violencia y democracia"},"content":{"rendered":"<div class=\"MsoNormal\" style=\"text-align: right\"><b>Paloma L. Sanz<\/b><\/div>\n<div class=\"MsoNormal\" style=\"text-align: right\"><b>\u00a0<\/b><\/div>\n<div class=\"MsoNormal\">Esta rese\u00f1a es para alivio intelectual de todos aquellos que tenemos gusto por la literatura, el cine o cualquier expresi\u00f3n art\u00edstica relacionada con el terror, los cr\u00edmenes, la violencia y, en general,\u00a0 las peores actividades que puede llevar a cabo el ser humano solo, o en compa\u00f1\u00eda de otros. Visto as\u00ed pudiera parecer que somos un reducido y extra\u00f1o grupo con alguna psicopatolog\u00eda, pero nada m\u00e1s lejos. Este tema, el mal, est\u00e1 presente cada d\u00eda en nuestras vidas. Tal vez no directamente, pero forma parte de nuestro d\u00eda a d\u00eda. Ya sea en conversaciones serias, en las que comentamos las \u00faltimas desgracias, individuales o colectivas vistas en los informativos, o en nuestro tiempo de ocio, en el que devoramos libros, pel\u00edculas o series de televisi\u00f3n cuyo tema principal y casi \u00fanico es esa capacidad de hacer da\u00f1o que adorna a la especie humana.<\/div>\n<div class=\"MsoNormal\"><\/div>\n<div class=\"separator\" style=\"clear: both;text-align: center\"><\/div>\n<div class=\"MsoNormal\"><\/div>\n<div class=\"MsoNormal\">\u00bfPor qu\u00e9 nos horroriza el mal a la vez que nos fascina? Ha ca\u00eddo en mis manos estos d\u00edas un libro de la colecci\u00f3n Moral Ciencia y Sociedad de la editorial Plaza y Vald\u00e9s. \u201c<a href=\"https:\/\/acortar.link\/wuAYMe\">Confrontando el mal. Ensayos sobre memoria,violencia y democraci<\/a>a\u201d, en el que los profesores Antonio G\u00f3mez Ramos y Cristina S\u00e1nchez Mu\u00f1oz han recogido el producto de sus investigaciones y las reflexiones, en forma de art\u00edculos, de diversos autores buenos conocedores de la materia. Y puesto que hablamos del mal como objeto de investigaci\u00f3n, los aspectos pol\u00edticos, jur\u00eddicos y socio-culturales son quiz\u00e1 los m\u00e1s interesantes que han movido a sus autores a la reflexi\u00f3n acerca de las v\u00edas por las que los individuos y las sociedades pueden comprender los conflictos de su pasado reciente y del presente m\u00e1s inmediato.<\/div>\n<div class=\"MsoNormal\">Parece un tema muy sencillo. Cada d\u00eda leemos sobre este tipo de acontecimientos y los hemos incorporado a nuestra vida con una normalidad que casi asusta. Comemos mientras observamos escenas atroces, cercanas o lejanas en el espacio o en el tiempo. A veces parece que se repiten c\u00edclicamente y nos resultan tan cotidianas.\u00a0 A menudo nos posicionamos mec\u00e1nicamente sin pensar m\u00e1s all\u00e1 de lo que nos marcan los l\u00edmites de nuestros prejuicios ideol\u00f3gicos, culturales o de cualquier tipo. Pero, \u00bfhemos reflexionado alguna vez sobre distintos aspectos de todo ese da\u00f1o del que somos testigos o protagonistas?<\/div>\n<div class=\"MsoNormal\"><\/div>\n<div class=\"MsoNormal\">El texto comienza intentando dar una explicaci\u00f3n conceptual sobre un tema que es inabarcable. La capacidad humana de profundizar en las formas de hacer mal es infinita y la posibilidad de catalogarlas, a pesar de los muchos intentos, es in\u00fatil.<\/div>\n<div class=\"MsoNormal\"><\/div>\n<div class=\"MsoNormal\">\u00bfC\u00f3mo se mide el mal? \u00bfPor el n\u00famero de v\u00edctimas? \u00bfPor la dimensi\u00f3n del da\u00f1o causado? \u00bfPor su duraci\u00f3n en el tiempo? \u00bfEs menor el sufrimiento si se infringe a un solo individuo? \u00bfEs mayor si se realiza a un colectivo?&#8230; \u00bfDe d\u00f3nde viene el mal? \u00bfCu\u00e1l es su origen? Una vez causado, \u00bfc\u00f3mo lo gestionamos?.<\/div>\n<div class=\"MsoNormal\"><\/div>\n<div class=\"MsoNormal\">Es un libro que plantea m\u00e1s preguntas que respuestas, que invita a la reflexi\u00f3n y a la discusi\u00f3n y ofrece para ello distintos art\u00edculos y referencias a otros textos y autores. Que nos sorprende con cuestiones que nos conciernen y comprometen a trav\u00e9s de ejemplos de nuestro pasado reciente. El da\u00f1o es un acontecimiento que se produce en un breve espacio de tiempo, sin embargo, sus consecuencias precisan de un largo per\u00edodo de tramitaci\u00f3n. La Guerra Civil dur\u00f3 unos tres a\u00f1os, y ya van dos generaciones afectadas y con problemas en la gesti\u00f3n de sus consecuencias. En Alemania, doce a\u00f1os de Nacional Socialismo\u00a0 han provocado dos o tres generaciones que sufren sus consecuencias.<\/div>\n<div class=\"MsoNormal\"><\/div>\n<div class=\"MsoNormal\">Las \u00faltimas reflexiones del libro son tambi\u00e9n las m\u00e1s interesantes y las que nos vinculan directamente con nuestra historia m\u00e1s reciente, las consecuencias del mal. La reparaci\u00f3n, la justicia, la memoria\u2026<\/div>\n<div class=\"MsoNormal\">El mal contin\u00faa. Siempre est\u00e1 ah\u00ed, al igual que sus efectos. Podemos utilizarlo en cualquiera de sus presentaciones para sobrecogernos, hacer subir nuestra adrenalina, quejarnos o ponernos de perfil. Pero como no podemos obviarlo, este \u201cConfrontando el mal\u201d nos puede ayudar a no verlo con superficialidad.<\/div>\n<div><\/div>\n<div>Foto de\u00a0<a href=\"https:\/\/unsplash.com\/es\/@sandro?utm_content=creditCopyText&amp;utm_medium=referral&amp;utm_source=unsplash\">Sandro Gonzalez<\/a>\u00a0en\u00a0<a href=\"https:\/\/unsplash.com\/es\/fotos\/hombre-con-mascara-de-halloween-G32RcLD7a_E?utm_content=creditCopyText&amp;utm_medium=referral&amp;utm_source=unsplash\">Unsplash<\/a><\/div>\n<div class=\"MsoNormal\"><\/div>\n<div class=\"MsoNormal\"><\/div>\n<div class=\"MsoNormal\"><\/div>\n","protected":false},"excerpt":{"rendered":"<p>Paloma L. Sanz \u00a0 Esta rese\u00f1a es para alivio intelectual de todos aquellos que tenemos gusto por la literatura, el cine o cualquier expresi\u00f3n art\u00edstica relacionada con el terror, los cr\u00edmenes, la violencia y, en general,\u00a0 las peores actividades que puede llevar a cabo el ser humano solo, o en compa\u00f1\u00eda de otros. Visto as\u00ed [&hellip;]<\/p>\n","protected":false},"author":7847,"featured_media":5769,"comment_status":"open","ping_status":"closed","sticky":false,"template":"","format":"standard","meta":{"site-sidebar-layout":"default","site-content-layout":"","ast-site-content-layout":"default","site-content-style":"default","site-sidebar-style":"default","ast-global-header-display":"","ast-banner-title-visibility":"","ast-main-header-display":"","ast-hfb-above-header-display":"","ast-hfb-below-header-display":"","ast-hfb-mobile-header-display":"","site-post-title":"","ast-breadcrumbs-content":"","ast-featured-img":"disabled","footer-sml-layout":"","ast-disable-related-posts":"","theme-transparent-header-meta":"","adv-header-id-meta":"","stick-header-meta":"","header-above-stick-meta":"","header-main-stick-meta":"","header-below-stick-meta":"","astra-migrate-meta-layouts":"default","ast-page-background-enabled":"default","ast-page-background-meta":{"desktop":{"background-color":"var(--ast-global-color-4)","background-image":"","background-repeat":"repeat","background-position":"center center","background-size":"auto","background-attachment":"scroll","background-type":"","background-media":"","overlay-type":"","overlay-color":"","overlay-opacity":"","overlay-gradient":""},"tablet":{"background-color":"","background-image":"","background-repeat":"repeat","background-position":"center center","background-size":"auto","background-attachment":"scroll","background-type":"","background-media":"","overlay-type":"","overlay-color":"","overlay-opacity":"","overlay-gradient":""},"mobile":{"background-color":"","background-image":"","background-repeat":"repeat","background-position":"center center","background-size":"auto","background-attachment":"scroll","background-type":"","background-media":"","overlay-type":"","overlay-color":"","overlay-opacity":"","overlay-gradient":""}},"ast-content-background-meta":{"desktop":{"background-color":"var(--ast-global-color-5)","background-image":"","background-repeat":"repeat","background-position":"center center","background-size":"auto","background-attachment":"scroll","background-type":"","background-media":"","overlay-type":"","overlay-color":"","overlay-opacity":"","overlay-gradient":""},"tablet":{"background-color":"var(--ast-global-color-5)","background-image":"","background-repeat":"repeat","background-position":"center center","background-size":"auto","background-attachment":"scroll","background-type":"","background-media":"","overlay-type":"","overlay-color":"","overlay-opacity":"","overlay-gradient":""},"mobile":{"background-color":"var(--ast-global-color-5)","background-image":"","background-repeat":"repeat","background-position":"center center","background-size":"auto","background-attachment":"scroll","background-type":"","background-media":"","overlay-type":"","overlay-color":"","overlay-opacity":"","overlay-gradient":""}},"footnotes":""},"categories":[1],"tags":[655,657,653],"class_list":["post-26","post","type-post","status-publish","format-standard","has-post-thumbnail","hentry","category-sin-categoria","tag-memoria","tag-terror","tag-violencia"],"_links":{"self":[{"href":"https:\/\/blogs.uned.es\/marcapaginas\/wp-json\/wp\/v2\/posts\/26","targetHints":{"allow":["GET"]}}],"collection":[{"href":"https:\/\/blogs.uned.es\/marcapaginas\/wp-json\/wp\/v2\/posts"}],"about":[{"href":"https:\/\/blogs.uned.es\/marcapaginas\/wp-json\/wp\/v2\/types\/post"}],"author":[{"embeddable":true,"href":"https:\/\/blogs.uned.es\/marcapaginas\/wp-json\/wp\/v2\/users\/7847"}],"replies":[{"embeddable":true,"href":"https:\/\/blogs.uned.es\/marcapaginas\/wp-json\/wp\/v2\/comments?post=26"}],"version-history":[{"count":2,"href":"https:\/\/blogs.uned.es\/marcapaginas\/wp-json\/wp\/v2\/posts\/26\/revisions"}],"predecessor-version":[{"id":5771,"href":"https:\/\/blogs.uned.es\/marcapaginas\/wp-json\/wp\/v2\/posts\/26\/revisions\/5771"}],"wp:featuredmedia":[{"embeddable":true,"href":"https:\/\/blogs.uned.es\/marcapaginas\/wp-json\/wp\/v2\/media\/5769"}],"wp:attachment":[{"href":"https:\/\/blogs.uned.es\/marcapaginas\/wp-json\/wp\/v2\/media?parent=26"}],"wp:term":[{"taxonomy":"category","embeddable":true,"href":"https:\/\/blogs.uned.es\/marcapaginas\/wp-json\/wp\/v2\/categories?post=26"},{"taxonomy":"post_tag","embeddable":true,"href":"https:\/\/blogs.uned.es\/marcapaginas\/wp-json\/wp\/v2\/tags?post=26"}],"curies":[{"name":"wp","href":"https:\/\/api.w.org\/{rel}","templated":true}]}}