{"id":1235,"date":"2010-10-13T15:35:00","date_gmt":"2010-10-13T13:35:00","guid":{"rendered":"https:\/\/blogs.uned.es\/marcapaginas\/2010\/10\/13\/cinemanuel-alexandre-in-memoriam\/"},"modified":"2024-09-06T18:18:13","modified_gmt":"2024-09-06T16:18:13","slug":"cinemanuel-alexandre-in-memoriam","status":"publish","type":"post","link":"https:\/\/blogs.uned.es\/marcapaginas\/2010\/10\/13\/cinemanuel-alexandre-in-memoriam\/","title":{"rendered":"CINE|MANUEL ALEXANDRE. In memoriam"},"content":{"rendered":"<div style=\"text-align: justify\"><a style=\"clear: left;float: left;margin-bottom: 1em;margin-right: 1em\" href=\"http:\/\/4.bp.blogspot.com\/__b4JlRcseus\/TLWrVCR01VI\/AAAAAAAABdQ\/mkiPNzKuNGI\/s1600\/Manuel+Alexandre+%283%29.jpg\"><img fetchpriority=\"high\" decoding=\"async\" src=\"http:\/\/4.bp.blogspot.com\/__b4JlRcseus\/TLWrVCR01VI\/AAAAAAAABdQ\/mkiPNzKuNGI\/s320\/Manuel+Alexandre+%283%29.jpg\" width=\"300\" height=\"300\" border=\"0\" \/><\/a><span style=\"font-size: small\">Desgraciadamente, hemos comenzado la semana con el fallecimiento de uno de nuestros actores m\u00e1s queridos: <a href=\"https:\/\/es.wikipedia.org\/wiki\/Manuel_Alexandre\">Manuel Alexandre<\/a>. Nacido en Madrid, hace 92 a\u00f1os, estaba considerado uno de nuestros mejores actores secundarios, aunque cuando aparec\u00eda en escena llenaba la pantalla como cualquier actor principal porque nos cautivaba con su peculiar y entra\u00f1able personalidad. <\/span><\/div>\n<div style=\",sans-serif;text-align: justify\"><span style=\"font-size: small\">Se inici\u00f3 en el cine en 1947 con los grandes directores del cine espa\u00f1ol:\u00a0 Bardem, Berlanga, Camus, Cuerda, Guti\u00e9rrez Arag\u00f3n&#8230; Abandon\u00f3 los estudios de Derecho y aparejador para convertirse en actor, mientras que los estudios de periodismo los tuvo que dejar al estallar la guerra civil espa\u00f1ola. Durante su etapa universitaria asisti\u00f3 a clases de declamaci\u00f3n en el Real Conservatorio de Madrid, con la famosa Carmen Seco, teniendo como compa\u00f1eros a Fernando Fern\u00e1n-G\u00f3mez, desde entonces \u00edntimo amigo suyo, y Rafael Alonso. Esa fue su gran base para posteriormente ejercer durante siete d\u00e9cadas su oficio, en el que se convirti\u00f3 en uno de los grandes actores de reparto de la televisi\u00f3n y del cine espa\u00f1ol, donde trabaj\u00f3 en m\u00e1s de 300 pel\u00edculas, as\u00ed como en un conocido y popular int\u00e9rprete de teatro. Entre los numerosos premios que recibi\u00f3 en su carrera hay que destacar el Goya de Honor en 2003 y Gran Cruz del Orden Civil de Alfonso X en 2009<\/span><span style=\",sans-serif;font-size: small\">.<\/span><\/div>\n<div style=\",sans-serif;text-align: justify\"><span style=\"font-size: small\">De su extensa filmograf\u00eda podemos destacar: <a href=\"https:\/\/acortar.link\/m14bKG\"><b><i>El bosque animado<\/i><\/b><\/a>,\u00a0 <a href=\"https:\/\/acortar.link\/XLBjhV\"><i><b>Amanece que no es poco<\/b><\/i><\/a>, <b><i>Pl\u00e1cido, <a href=\"https:\/\/acortar.link\/kyeHD3\">Atraco a las tres<\/a>, <a href=\"https:\/\/acortar.link\/M1uYpq\">Los jueves milagro<\/a>, <a href=\"https:\/\/acortar.link\/oSsryA\">Calabuch<\/a>, <a href=\"https:\/\/acortar.link\/rYoYhh\">Calle mayor<\/a>,<a href=\"https:\/\/acortar.link\/keA7Od\"> \u00bfY t\u00fa qui\u00e9n eres?<\/a>, y <a href=\"https:\/\/acortar.link\/KDxzFI\">Elsa y Fred <\/a><\/i><\/b>donde por fin actu\u00f3 como protagonista.<\/span><\/div>\n<div style=\",sans-serif;text-align: justify\"><span style=\"font-size: small\">Si le interesa conocer y visionar muchas de sus pel\u00edculas se encuentran disponibles en la Mediateca.<\/span><\/div>\n<div><\/div>\n<div>Foto de <span class=\"mw-mmv-author\"><a class=\"external text\" href=\"http:\/\/www.madripedia.es\/wiki\/Usuario:CastroJimenez\" rel=\"nofollow\">Antonio Castro Jim\u00e9nez<\/a><\/span>\u00a0&#8211;\u00a0<span class=\"mw-mmv-source\"><a class=\"external text\" href=\"http:\/\/www.madripedia.es\/wiki\/Imagen:Manuel\" rel=\"nofollow\">Alexandre.jpg Madripedia<\/a><\/span><\/div>\n","protected":false},"excerpt":{"rendered":"<p>Desgraciadamente, hemos comenzado la semana con el fallecimiento de uno de nuestros actores m\u00e1s queridos: Manuel Alexandre. Nacido en Madrid, hace 92 a\u00f1os, estaba considerado uno de nuestros mejores actores secundarios, aunque cuando aparec\u00eda en escena llenaba la pantalla como cualquier actor principal porque nos cautivaba con su peculiar y entra\u00f1able personalidad. Se inici\u00f3 en [&hellip;]<\/p>\n","protected":false},"author":7847,"featured_media":6093,"comment_status":"open","ping_status":"open","sticky":false,"template":"","format":"standard","meta":{"site-sidebar-layout":"default","site-content-layout":"","ast-site-content-layout":"default","site-content-style":"default","site-sidebar-style":"default","ast-global-header-display":"","ast-banner-title-visibility":"","ast-main-header-display":"","ast-hfb-above-header-display":"","ast-hfb-below-header-display":"","ast-hfb-mobile-header-display":"","site-post-title":"","ast-breadcrumbs-content":"","ast-featured-img":"","footer-sml-layout":"","ast-disable-related-posts":"","theme-transparent-header-meta":"","adv-header-id-meta":"","stick-header-meta":"","header-above-stick-meta":"","header-main-stick-meta":"","header-below-stick-meta":"","astra-migrate-meta-layouts":"default","ast-page-background-enabled":"default","ast-page-background-meta":{"desktop":{"background-color":"var(--ast-global-color-4)","background-image":"","background-repeat":"repeat","background-position":"center center","background-size":"auto","background-attachment":"scroll","background-type":"","background-media":"","overlay-type":"","overlay-color":"","overlay-opacity":"","overlay-gradient":""},"tablet":{"background-color":"","background-image":"","background-repeat":"repeat","background-position":"center center","background-size":"auto","background-attachment":"scroll","background-type":"","background-media":"","overlay-type":"","overlay-color":"","overlay-opacity":"","overlay-gradient":""},"mobile":{"background-color":"","background-image":"","background-repeat":"repeat","background-position":"center center","background-size":"auto","background-attachment":"scroll","background-type":"","background-media":"","overlay-type":"","overlay-color":"","overlay-opacity":"","overlay-gradient":""}},"ast-content-background-meta":{"desktop":{"background-color":"var(--ast-global-color-5)","background-image":"","background-repeat":"repeat","background-position":"center center","background-size":"auto","background-attachment":"scroll","background-type":"","background-media":"","overlay-type":"","overlay-color":"","overlay-opacity":"","overlay-gradient":""},"tablet":{"background-color":"var(--ast-global-color-5)","background-image":"","background-repeat":"repeat","background-position":"center center","background-size":"auto","background-attachment":"scroll","background-type":"","background-media":"","overlay-type":"","overlay-color":"","overlay-opacity":"","overlay-gradient":""},"mobile":{"background-color":"var(--ast-global-color-5)","background-image":"","background-repeat":"repeat","background-position":"center center","background-size":"auto","background-attachment":"scroll","background-type":"","background-media":"","overlay-type":"","overlay-color":"","overlay-opacity":"","overlay-gradient":""}},"footnotes":""},"categories":[1],"tags":[335,239,671],"class_list":["post-1235","post","type-post","status-publish","format-standard","has-post-thumbnail","hentry","category-sin-categoria","tag-actores","tag-cine","tag-in-memoriam"],"_links":{"self":[{"href":"https:\/\/blogs.uned.es\/marcapaginas\/wp-json\/wp\/v2\/posts\/1235","targetHints":{"allow":["GET"]}}],"collection":[{"href":"https:\/\/blogs.uned.es\/marcapaginas\/wp-json\/wp\/v2\/posts"}],"about":[{"href":"https:\/\/blogs.uned.es\/marcapaginas\/wp-json\/wp\/v2\/types\/post"}],"author":[{"embeddable":true,"href":"https:\/\/blogs.uned.es\/marcapaginas\/wp-json\/wp\/v2\/users\/7847"}],"replies":[{"embeddable":true,"href":"https:\/\/blogs.uned.es\/marcapaginas\/wp-json\/wp\/v2\/comments?post=1235"}],"version-history":[{"count":2,"href":"https:\/\/blogs.uned.es\/marcapaginas\/wp-json\/wp\/v2\/posts\/1235\/revisions"}],"predecessor-version":[{"id":6095,"href":"https:\/\/blogs.uned.es\/marcapaginas\/wp-json\/wp\/v2\/posts\/1235\/revisions\/6095"}],"wp:featuredmedia":[{"embeddable":true,"href":"https:\/\/blogs.uned.es\/marcapaginas\/wp-json\/wp\/v2\/media\/6093"}],"wp:attachment":[{"href":"https:\/\/blogs.uned.es\/marcapaginas\/wp-json\/wp\/v2\/media?parent=1235"}],"wp:term":[{"taxonomy":"category","embeddable":true,"href":"https:\/\/blogs.uned.es\/marcapaginas\/wp-json\/wp\/v2\/categories?post=1235"},{"taxonomy":"post_tag","embeddable":true,"href":"https:\/\/blogs.uned.es\/marcapaginas\/wp-json\/wp\/v2\/tags?post=1235"}],"curies":[{"name":"wp","href":"https:\/\/api.w.org\/{rel}","templated":true}]}}