{"id":83,"date":"2019-05-27T21:14:38","date_gmt":"2019-05-27T21:14:38","guid":{"rendered":"http:\/\/blogs.uned.es\/lhfc\/?p=83"},"modified":"2019-07-18T09:38:49","modified_gmt":"2019-07-18T09:38:49","slug":"convocatoria-plaza-catedratico-de-universidad","status":"publish","type":"post","link":"https:\/\/blogs.uned.es\/lhfc\/2019\/05\/27\/convocatoria-plaza-catedratico-de-universidad\/","title":{"rendered":"Convocatoria Plaza Catedr\u00e1tico de Universidad"},"content":{"rendered":"<p>El Dpto. de L\u00f3gica, Historia y Filosof\u00eda de la ciencia convoca una plaza de Catedr\u00e1tico de L\u00f3gica y Filosof\u00eda de la ciencia, <a href=\"https:\/\/www.boe.es\/boe\/dias\/2019\/05\/23\/index.php?d=123&amp;s=2\">BOE 23 de mayo de 2019<\/a><\/p>\n<p>El ejercicio se celebrar\u00e1 el 23 de septiembre de 2019, a las 10.00 en la Sala 06 del Edificio de Humanidades (Senda del rey 7)<script><\/p>\n<p><\/script><\/p>\n","protected":false},"excerpt":{"rendered":"<p>El Dpto. de L\u00f3gica, Historia y Filosof\u00eda de la ciencia convoca una plaza de Catedr\u00e1tico de L\u00f3gica y Filosof\u00eda de la ciencia, BOE 23 de mayo de 2019 El ejercicio se celebrar\u00e1 el 23 de septiembre de 2019, a las <a class=\"more-link\" href=\"https:\/\/blogs.uned.es\/lhfc\/2019\/05\/27\/convocatoria-plaza-catedratico-de-universidad\/\">Seguir leyendo <span class=\"meta-nav\">&rarr;<\/span><\/a><\/p>\n","protected":false},"author":291,"featured_media":0,"comment_status":"closed","ping_status":"closed","sticky":false,"template":"","format":"standard","meta":{"footnotes":""},"categories":[13],"tags":[],"class_list":["post-83","post","type-post","status-publish","format-standard","hentry","category-plazas"],"_links":{"self":[{"href":"https:\/\/blogs.uned.es\/lhfc\/wp-json\/wp\/v2\/posts\/83","targetHints":{"allow":["GET"]}}],"collection":[{"href":"https:\/\/blogs.uned.es\/lhfc\/wp-json\/wp\/v2\/posts"}],"about":[{"href":"https:\/\/blogs.uned.es\/lhfc\/wp-json\/wp\/v2\/types\/post"}],"author":[{"embeddable":true,"href":"https:\/\/blogs.uned.es\/lhfc\/wp-json\/wp\/v2\/users\/291"}],"replies":[{"embeddable":true,"href":"https:\/\/blogs.uned.es\/lhfc\/wp-json\/wp\/v2\/comments?post=83"}],"version-history":[{"count":3,"href":"https:\/\/blogs.uned.es\/lhfc\/wp-json\/wp\/v2\/posts\/83\/revisions"}],"predecessor-version":[{"id":97,"href":"https:\/\/blogs.uned.es\/lhfc\/wp-json\/wp\/v2\/posts\/83\/revisions\/97"}],"wp:attachment":[{"href":"https:\/\/blogs.uned.es\/lhfc\/wp-json\/wp\/v2\/media?parent=83"}],"wp:term":[{"taxonomy":"category","embeddable":true,"href":"https:\/\/blogs.uned.es\/lhfc\/wp-json\/wp\/v2\/categories?post=83"},{"taxonomy":"post_tag","embeddable":true,"href":"https:\/\/blogs.uned.es\/lhfc\/wp-json\/wp\/v2\/tags?post=83"}],"curies":[{"name":"wp","href":"https:\/\/api.w.org\/{rel}","templated":true}]}}