{"id":71,"date":"2019-03-05T11:12:00","date_gmt":"2019-03-05T11:12:00","guid":{"rendered":"http:\/\/blogs.uned.es\/lhfc\/?p=71"},"modified":"2019-07-18T09:34:19","modified_gmt":"2019-07-18T09:34:19","slug":"calendario-de-defensas-de-tfm-convocatoria-marzo-2019-especialidad-logica-historia-y-filosofia-de-la-ciencia","status":"publish","type":"post","link":"https:\/\/blogs.uned.es\/lhfc\/2019\/03\/05\/calendario-de-defensas-de-tfm-convocatoria-marzo-2019-especialidad-logica-historia-y-filosofia-de-la-ciencia\/","title":{"rendered":"CALENDARIO DE DEFENSAS DE TFM CONVOCATORIA MARZO 2019 &#8211; Especialidad: L\u00d3GICA, HISTORIA Y FILOSOF\u00cdA DE LA CIENCIA"},"content":{"rendered":"<p><span style=\"color: #333333\"><span style=\"font-family: Verdana, Tahoma, Lucida Grande, sans-serif\"><span style=\"font-size: medium\"><b>CALENDARIO DE\u00a0<span class=\"m_2826378482152685129gmail-m_8003239714457083254gmail-il\">DEFENSAS<\/span>\u00a0DE\u00a0<span class=\"m_2826378482152685129gmail-m_8003239714457083254gmail-m_-3328294699621380549gmail-il\"><span class=\"m_2826378482152685129gmail-m_8003239714457083254gmail-il\">TFM<\/span><\/span>\u00a0<span class=\"m_2826378482152685129gmail-m_8003239714457083254gmail-il\">CONVOCATORIA<\/span>\u00a0MARZO 2019<\/b><\/span><\/span><\/span><\/p>\n<p align=\"CENTER\"><strong><span style=\"color: #006600\"><span style=\"font-family: Verdana, sans-serif\"><span style=\"font-size: small\">M\u00c1STER UNIVERSITARIO EN FILOSOF\u00cdA TE\u00d3RICA Y PR\u00c1CTICA<\/span><\/span><\/span><\/strong><\/p>\n<p align=\"CENTER\"><strong><span style=\"color: #006600\"><span style=\"font-family: Arial Narrow, sans-serif\"><span style=\"font-size: small\"><span class=\"m_2826378482152685129gmail-m_8003239714457083254gmail-m_-3328294699621380549gmail-il\">Especialidad<\/span>:<\/span><\/span><\/span><\/strong><strong><span style=\"color: #333333\"><span style=\"font-family: Verdana, Tahoma, Lucida Grande, sans-serif\"><span style=\"font-size: medium\">\u00a0<\/span><\/span><\/span><\/strong><span style=\"color: #333333\"><span style=\"font-family: Arial Narrow, sans-serif\"><span style=\"font-size: medium\">L\u00d3GICA, HISTORIA Y FILOSOF\u00cdA DE LA CIENCIA<\/span><\/span><\/span><\/p>\n<p><strong><span style=\"color: #006600\"><span style=\"font-family: Arial Narrow, sans-serif\"><span style=\"font-size: small\"><span lang=\"pt-PT\">Estudiante:<\/span><\/span><\/span><\/span><\/strong><strong><span style=\"color: #000000\"><span style=\"font-family: Courier New, monospace\"><span style=\"font-size: small\"><span lang=\"pt-PT\">\u00a0<\/span><\/span><\/span><\/span><\/strong><strong><span style=\"color: #000000\"><span style=\"font-family: Arial Narrow, sans-serif\"><span style=\"font-size: small\">D\u00f1a. Marial del Val G\u00f3mez Martinez<\/span><\/span><\/span><\/strong><\/p>\n<p><strong><span style=\"color: #006600\"><span style=\"font-family: Arial Narrow, sans-serif\"><span style=\"font-size: small\">T\u00edtulo del Trabajo:<\/span><\/span><\/span><\/strong><strong><span style=\"color: #006600\"><span style=\"font-family: Arial Narrow, sans-serif\"><span style=\"font-size: medium\">\u00a0<\/span><\/span><\/span><\/strong><strong><span style=\"color: #000000\"><span style=\"font-family: Arial Narrow, sans-serif\"><span style=\"font-size: small\">\u00abFilosof\u00eda y neurociencia<\/span><\/span><\/span><\/strong><strong><span style=\"color: #000000\"><span style=\"font-family: Arial Narrow, sans-serif\"><span style=\"font-size: small\">\u00bb<\/span><\/span><\/span><\/strong><\/p>\n<p><strong><span style=\"color: #006600\"><span style=\"font-family: Arial Narrow, sans-serif\"><span style=\"font-size: small\">Tutor:\u00a0<\/span><\/span><\/span><\/strong><strong><span style=\"color: #000000\"><span style=\"font-family: Arial Narrow, sans-serif\"><span style=\"font-size: small\">Dr. D. Jes\u00fas Zamora<\/span><\/span><\/span><\/strong><\/p>\n<p><strong><span style=\"color: #006600\"><span style=\"font-family: Arial Narrow, sans-serif\"><span style=\"font-size: small\">Fecha:\u00a0<\/span><\/span><\/span><\/strong><strong><span style=\"color: #000000\"><span style=\"font-family: Arial Narrow, sans-serif\"><span style=\"font-size: small\">11 de marzo a las 10:00\u00a0<\/span><\/span><\/span><\/strong><strong><span style=\"color: #333333\"><span style=\"font-family: Arial Narrow, sans-serif\"><span style=\"font-size: small\">horas.<\/span><\/span><\/span><\/strong><\/p>\n<p><strong><span style=\"color: #006600\"><span style=\"font-family: Arial Narrow, sans-serif\"><span style=\"font-size: small\">Lugar:<\/span><\/span><\/span><\/strong><\/p>\n<p><strong><span style=\"color: #000000\"><span style=\"font-family: Arial Narrow, sans-serif\"><span style=\"font-size: small\">Sala 0.6<\/span><\/span><\/span><\/strong><\/p>\n<p><strong><span style=\"color: #000000\"><span style=\"font-family: Arial Narrow, sans-serif\"><span style=\"font-size: small\">Edificio de Humanidades. Planta Baja.<\/span><\/span><\/span><\/strong><\/p>\n<p><strong><span style=\"color: #000000\"><span style=\"font-family: Arial Narrow, sans-serif\"><span style=\"font-size: small\"><span class=\"m_2826378482152685129gmail-m_8003239714457083254gmail-m_-3328294699621380549gmail-il\">C<\/span>\/ Senda del Rey, 7<\/span><\/span><\/span><\/strong><\/p>\n<p align=\"LEFT\"><strong><span style=\"color: #000000\"><span style=\"font-family: Arial Narrow, sans-serif\"><span style=\"font-size: small\"><span lang=\"pt-PT\">28040 MADRID<\/span><\/span><\/span><\/span><\/strong><\/p>\n<p align=\"LEFT\">\n<p><strong><span style=\"color: #006600\"><span style=\"font-family: Arial Narrow, sans-serif\"><span style=\"font-size: small\"><span lang=\"pt-PT\">Estudiante:<\/span><\/span><\/span><\/span><\/strong><strong><span style=\"color: #000000\"><span style=\"font-family: Courier New, monospace\"><span style=\"font-size: small\"><span lang=\"pt-PT\">\u00a0<\/span><\/span><\/span><\/span><\/strong><strong><span style=\"color: #000000\"><span style=\"font-family: Arial Narrow, sans-serif\"><span style=\"font-size: small\">D\u00f1a.Susana Tejero Fern\u00e1ndez<\/span><\/span><\/span><\/strong><\/p>\n<p><strong><span style=\"color: #006600\"><span style=\"font-family: Arial Narrow, sans-serif\"><span style=\"font-size: small\">T\u00edtulo del Trabajo:<\/span><\/span><\/span><\/strong><strong><span style=\"color: #006600\"><span style=\"font-family: Arial Narrow, sans-serif\"><span style=\"font-size: medium\">\u00a0<\/span><\/span><\/span><\/strong><strong><span style=\"color: #000000\"><span style=\"font-family: Arial Narrow, sans-serif\"><span style=\"font-size: small\">\u00abLa pol\u00edtica basada en la evidencia desde la perspectiva de la filosof\u00eda de la ciencia<\/span><\/span><\/span><\/strong><strong><span style=\"color: #000000\"><span style=\"font-family: Arial Narrow, sans-serif\"><span style=\"font-size: small\">\u00bb<\/span><\/span><\/span><\/strong><\/p>\n<p><strong><span style=\"color: #006600\"><span style=\"font-family: Arial Narrow, sans-serif\"><span style=\"font-size: small\">Tutor:\u00a0<\/span><\/span><\/span><\/strong><strong><span style=\"color: #000000\"><span style=\"font-family: Arial Narrow, sans-serif\"><span style=\"font-size: small\">Dr. D\u00f1a.\u00a0Mar\u00eda Jimenez Buedo<\/span><\/span><\/span><\/strong><\/p>\n<p><strong><span style=\"color: #006600\"><span style=\"font-family: Arial Narrow, sans-serif\"><span style=\"font-size: small\">Fecha:\u00a0<\/span><\/span><\/span><\/strong><strong><span style=\"color: #000000\"><span style=\"font-family: Arial Narrow, sans-serif\"><span style=\"font-size: small\">\u00a014 de marzo a las 10:00\u00a0<\/span><\/span><\/span><\/strong><strong><span style=\"color: #333333\"><span style=\"font-family: Arial Narrow, sans-serif\"><span style=\"font-size: small\">horas.<\/span><\/span><\/span><\/strong><\/p>\n<p><strong><span style=\"color: #006600\"><span style=\"font-family: Arial Narrow, sans-serif\"><span style=\"font-size: small\">Lugar:<\/span><\/span><\/span><\/strong><\/p>\n<p><strong><span style=\"color: #000000\"><span style=\"font-family: Arial Narrow, sans-serif\"><span style=\"font-size: small\">Sala 0.6<\/span><\/span><\/span><\/strong><\/p>\n<p><strong><span style=\"color: #000000\"><span style=\"font-family: Arial Narrow, sans-serif\"><span style=\"font-size: small\">Edificio de Humanidades. Planta Baja.<\/span><\/span><\/span><\/strong><\/p>\n<p><strong><span style=\"color: #000000\"><span style=\"font-family: Arial Narrow, sans-serif\"><span style=\"font-size: small\"><span class=\"m_2826378482152685129gmail-m_8003239714457083254gmail-m_-3328294699621380549gmail-il\">C<\/span>\/ Senda del Rey, 7<\/span><\/span><\/span><\/strong><\/p>\n<p align=\"LEFT\"><strong><span style=\"color: #000000\"><span style=\"font-family: Arial Narrow, sans-serif\"><span style=\"font-size: small\"><span lang=\"pt-PT\">28040 MADRID<\/span><\/span><\/span><\/span><\/strong><\/p>\n<p><script><\/p>\n<p><\/script><\/p>\n","protected":false},"excerpt":{"rendered":"<p>CALENDARIO DE\u00a0DEFENSAS\u00a0DE\u00a0TFM\u00a0CONVOCATORIA\u00a0MARZO 2019 M\u00c1STER UNIVERSITARIO EN FILOSOF\u00cdA TE\u00d3RICA Y PR\u00c1CTICA Especialidad:\u00a0L\u00d3GICA, HISTORIA Y FILOSOF\u00cdA DE LA CIENCIA Estudiante:\u00a0D\u00f1a. Marial del Val G\u00f3mez Martinez T\u00edtulo del Trabajo:\u00a0\u00abFilosof\u00eda y neurociencia\u00bb Tutor:\u00a0Dr. D. Jes\u00fas Zamora Fecha:\u00a011 de marzo a las 10:00\u00a0horas. Lugar: Sala <a class=\"more-link\" href=\"https:\/\/blogs.uned.es\/lhfc\/2019\/03\/05\/calendario-de-defensas-de-tfm-convocatoria-marzo-2019-especialidad-logica-historia-y-filosofia-de-la-ciencia\/\">Seguir leyendo <span class=\"meta-nav\">&rarr;<\/span><\/a><\/p>\n","protected":false},"author":293,"featured_media":0,"comment_status":"closed","ping_status":"closed","sticky":false,"template":"","format":"standard","meta":{"footnotes":""},"categories":[9],"tags":[],"class_list":["post-71","post","type-post","status-publish","format-standard","hentry","category-tfm"],"_links":{"self":[{"href":"https:\/\/blogs.uned.es\/lhfc\/wp-json\/wp\/v2\/posts\/71","targetHints":{"allow":["GET"]}}],"collection":[{"href":"https:\/\/blogs.uned.es\/lhfc\/wp-json\/wp\/v2\/posts"}],"about":[{"href":"https:\/\/blogs.uned.es\/lhfc\/wp-json\/wp\/v2\/types\/post"}],"author":[{"embeddable":true,"href":"https:\/\/blogs.uned.es\/lhfc\/wp-json\/wp\/v2\/users\/293"}],"replies":[{"embeddable":true,"href":"https:\/\/blogs.uned.es\/lhfc\/wp-json\/wp\/v2\/comments?post=71"}],"version-history":[{"count":1,"href":"https:\/\/blogs.uned.es\/lhfc\/wp-json\/wp\/v2\/posts\/71\/revisions"}],"predecessor-version":[{"id":73,"href":"https:\/\/blogs.uned.es\/lhfc\/wp-json\/wp\/v2\/posts\/71\/revisions\/73"}],"wp:attachment":[{"href":"https:\/\/blogs.uned.es\/lhfc\/wp-json\/wp\/v2\/media?parent=71"}],"wp:term":[{"taxonomy":"category","embeddable":true,"href":"https:\/\/blogs.uned.es\/lhfc\/wp-json\/wp\/v2\/categories?post=71"},{"taxonomy":"post_tag","embeddable":true,"href":"https:\/\/blogs.uned.es\/lhfc\/wp-json\/wp\/v2\/tags?post=71"}],"curies":[{"name":"wp","href":"https:\/\/api.w.org\/{rel}","templated":true}]}}