{"id":753,"date":"2018-04-18T09:08:20","date_gmt":"2018-04-18T09:08:20","guid":{"rendered":"http:\/\/blogs.uned.es\/gesp\/?p=753"},"modified":"2018-04-18T09:09:08","modified_gmt":"2018-04-18T09:09:08","slug":"laboratorios-ciudadanos-por-la-paz","status":"publish","type":"post","link":"https:\/\/blogs.uned.es\/gesp\/laboratorios-ciudadanos-por-la-paz\/","title":{"rendered":"Laboratorios Ciudadanos por la Paz"},"content":{"rendered":"<p>18\/04\/2018 &#8211; Jorge Resina (Universidad Complutense de Madrid)<strong><br \/>\n<\/strong><\/p>\n<p><strong>\u00a0<\/strong>Desde Bogot\u00e1, Nari\u00f1o queda muy lejos. A pesar de que un vuelo dura poco m\u00e1s de hora y media, llegar a Pasto, la capital del Departamento, puede ser toda una aventura. Si el d\u00eda est\u00e1 nublado, lo cual es frecuente, el avi\u00f3n no aterriza y el viaje puede ser de ida y vuelta. Este \u201chacerse desear\u201d queda compensado cuando de lo que se trata es de retornar: si el cielo sigue encapotado, tampoco se despega. Cuentan los lugare\u00f1os que se han llegado a contar hasta diez d\u00edas para ver volar otra vez. Ante la incertidumbre, la alternativa m\u00e1s frecuente es viajar alrededor de ocho horas por tierra hasta Cali para, ya desde all\u00ed, buscar una nueva conexi\u00f3n a\u00e9rea.<\/p>\n<p>Atravesado por la cordillera de los Andes, frontera al sur con Ecuador y con costa Pac\u00edfico al oeste, el aislamiento de este Departamento no s\u00f3lo es territorial, sino tambi\u00e9n pol\u00edtico. Los Acuerdos de Paz entre el Gobierno de Juan Manuel Santos y las FARC son a\u00fan remotos en buena parte de Nari\u00f1o. Aunque puede hablarse de escenario de post-acuerdo, en ning\u00fan caso, puede denominarse post-conflicto.<\/p>\n<p><img loading=\"lazy\" decoding=\"async\" class=\"alignnone wp-image-761\" src=\"http:\/\/blogs.uned.es\/gesp\/wp-content\/uploads\/sites\/21\/2018\/04\/IMG-8417-300x225.jpg\" alt=\"\" width=\"467\" height=\"350\" srcset=\"https:\/\/blogs.uned.es\/gesp\/wp-content\/uploads\/sites\/21\/2018\/04\/IMG-8417-300x225.jpg 300w, https:\/\/blogs.uned.es\/gesp\/wp-content\/uploads\/sites\/21\/2018\/04\/IMG-8417-1024x768.jpg 1024w\" sizes=\"auto, (max-width: 467px) 100vw, 467px\" \/><\/p>\n<p>Tumaco es el ejemplo m\u00e1s patente de esta situaci\u00f3n. Triste protagonista en los \u00faltimos d\u00edas tras el secuestro en la zona y posterior <a href=\"http:\/\/www.elcomercio.com\/periodistas-en-la-frontera-norte\" target=\"_blank\" rel=\"noopener noreferrer\">asesinato de un periodista, un fot\u00f3grafo y un conductor ecuatorianos<\/a> del diario <a href=\"http:\/\/www.elcomercio.com\/\" target=\"_blank\" rel=\"noopener noreferrer\">El Comercio<\/a>, esta localidad costera de poblaci\u00f3n afrocolombiana es considerada el <a href=\"http:\/\/www.vistazo.com\/seccion\/pais\/actualidad-nacional\/tumaco-la-zona-con-mayor-concentracion-de-narcocultivos\" target=\"_blank\" rel=\"noopener noreferrer\">\u00e1rea de mayor concentraci\u00f3n de narc\u00f3ticos<\/a> del mundo. Se estima que desde sus puertos pasan <a href=\"http:\/\/caracol.com.co\/emisora\/2018\/03\/27\/pasto\/1522165435_136972.html\" target=\"_blank\" rel=\"noopener noreferrer\">el 80% de las rutas<\/a> que exportan droga hacia EEUU, Europa y Centroam\u00e9rica.<\/p>\n<p>La desmovilizaci\u00f3n de las FARC provoc\u00f3 que, ante la ausencia de Estado (el env\u00edo de los 9 mil miembros de fuerza p\u00fablica previstos para el Departamento se retrasaron casi un a\u00f1o), comenzase una disputa por el territorio liberado. Sin el enga\u00f1oso glamour que, en ocasiones, se desprende en la popular serie <em>Narcos<\/em>, pronto comenz\u00f3 una cruenta lucha por el control de la \u201cplaza\u201d, entre disidentes de la guerrilla, miembros del ELN, el Clan del Golfo y el c\u00e1rtel mexicano de Sinaloa. En 2017, se contabilizaron 222 asesinatos, a finales del mes de marzo del presente a\u00f1o, la cifra ya era de <a href=\"http:\/\/lasillavacia.com\/silla-pacifico\/mientras-las-disidencias-crecen-tumaco-sufre-65320\" target=\"_blank\" rel=\"noopener noreferrer\">67 muertos<\/a>.<\/p>\n<p>Aunque esta tesitura exige una respuesta r\u00e1pida de contenci\u00f3n, el recetario cl\u00e1sico no basta. La presencia militar, la securitizaci\u00f3n del espacio p\u00fablico o la fumigaci\u00f3n de plantaciones con glifosato no garantiza que se arranque la ra\u00edz del conflicto. M\u00e1s bien al contrario, puede provocar nuevas v\u00edctimas inocentes y generar un efecto avispero, similar al desencadenado en M\u00e9xico con<a href=\"https:\/\/www.nexos.com.mx\/?p=31818\" target=\"_blank\" rel=\"noopener noreferrer\"> la \u201cguerra contra las drogas\u201d<\/a> emprendida por el Presidente Felipe Calder\u00f3n (2006-2012). La superaci\u00f3n del conflicto requiere no s\u00f3lo de la mano derecha del Estado, sino tambi\u00e9n y sobre todo, de su mano izquierda: desde la sustituci\u00f3n de cultivos con alternativas reales hasta pol\u00edticas b\u00e1sicas en educaci\u00f3n, sanidad y trabajo que favorezcan la cohesi\u00f3n social.<\/p>\n<p>En este contexto puede resultar parad\u00f3jico -e incluso algo naif- hablar de un Laboratorio de Innovaci\u00f3n Ciudadana para la construcci\u00f3n de la paz (LABICxlaPAZ) como el <a href=\"https:\/\/elpais.com\/elpais\/2018\/02\/23\/planeta_futuro\/1519424815_470930.html\" target=\"_blank\" rel=\"noopener noreferrer\">celebrado en Nari\u00f1o el pasado mes de febrero<\/a>. Sin embargo, lejos de serlo, signific\u00f3 una ventana de aire fresco por la que ciudadan\u00eda de toda Am\u00e9rica Latina, Espa\u00f1a y Portugal acudi\u00f3 a participar durante casi quince d\u00edas en el desarrollo de 10 proyectos orientados a promover derechos, justicia y pr\u00e1cticas democr\u00e1ticas en el Departamento.<\/p>\n<p><img loading=\"lazy\" decoding=\"async\" class=\"alignnone wp-image-759\" src=\"http:\/\/blogs.uned.es\/gesp\/wp-content\/uploads\/sites\/21\/2018\/04\/IMG-8594-300x225.jpg\" alt=\"\" width=\"463\" height=\"347\" srcset=\"https:\/\/blogs.uned.es\/gesp\/wp-content\/uploads\/sites\/21\/2018\/04\/IMG-8594-300x225.jpg 300w, https:\/\/blogs.uned.es\/gesp\/wp-content\/uploads\/sites\/21\/2018\/04\/IMG-8594-1024x768.jpg 1024w\" sizes=\"auto, (max-width: 463px) 100vw, 463px\" \/><\/p>\n<p>Que el Laboratorio se celebrase en Nari\u00f1o no fue casualidad. Su Gobernador, Camilo Romero, destaca como una de las figuras pol\u00edticas m\u00e1s prometedoras del panorama colombiano (tiene 41 a\u00f1os). En 2010 fue elegido Senador, <a href=\"http:\/\/www.eltiempo.com\/archivo\/documento\/CMS-8187326\" target=\"_blank\" rel=\"noopener noreferrer\">el m\u00e1s joven del pa\u00eds<\/a>, y en 2015 gan\u00f3 las elecciones departamentales con el apoyo de Somos Nari\u00f1o, un movimiento c\u00edvico que se define como <a href=\"https:\/\/twitter.com\/somosnarino2015?lang=es\" target=\"_blank\" rel=\"noopener noreferrer\">\u201cProyecto de Inteligencia Colectiva desde el Sur\u201d<\/a>. Durante la campa\u00f1a, innov\u00f3 construyendo su Programa de Gobierno de forma participativa, que cont\u00f3 con tres grandes ejes: Gobierno Abierto, Econom\u00eda Colaborativa e Innovaci\u00f3n Social. Una vez en el Gobierno, este proceso de participaci\u00f3n continu\u00f3 con la elaboraci\u00f3n del Plan de Desarrollo \u00abNari\u00f1o, Coraz\u00f3n del Mundo 2016-2019\u00bb, <a href=\"http:\/\/xn--nario-rta.gov.co\/inicio\/index.php\/sala-de-prensa\/noticias\/528-plan-de-desarrollo-narino-corazon-del-mundo-elegido-como-el-mejor-de-colombia\" target=\"_blank\" rel=\"noopener noreferrer\">premiado por el Departamento Nacional de Planeaci\u00f3n<\/a> como el mejor del pa\u00eds.<\/p>\n<p>Entre las novedades institucionales que se introducen est\u00e1 el <a href=\"https:\/\/innovacionsocialnarino.com\/v2\/\">Centro de Innovaci\u00f3n Social de Nari\u00f1o (CISNA)<\/a>, un laboratorio de participaci\u00f3n ciudadana inspirado en <a href=\"https:\/\/www.medialab-prado.es\/\" target=\"_blank\" rel=\"noopener noreferrer\">Medialab-Prado<\/a> que adquiere su propios rasgos con la creaci\u00f3n de nuevas metodolog\u00edas, como el <a href=\"http:\/\/lohiceconfeeling.com\/\" target=\"_blank\" rel=\"noopener noreferrer\"><em>feeling<\/em><\/a> (una adaptaci\u00f3n aut\u00f3ctona del <em>design thinking<\/em>), y que apuesta por reconstruir las instituciones en base a la creaci\u00f3n de espacios de encuentro entre ciudadan\u00eda, empleados p\u00fablicos y representantes para el co-dise\u00f1o y la co-producci\u00f3n de pol\u00edticas.<\/p>\n<p>Este tejido previo, sin duda, favoreci\u00f3 el desembarco del Laboratorio de Innovaci\u00f3n Ciudadana,<a href=\"https:\/\/www.innovacionciudadana.org\/\" target=\"_blank\" rel=\"noopener noreferrer\"> un proyecto de la Secretar\u00eda General Iberoamericana<\/a> (SEGIB) que, antes de Nari\u00f1o, hab\u00eda celebrado tres ediciones: en Veracruz, M\u00e9xico (2014); en R\u00edo de Janeiro, Brasil (2015) y en Cartagena, en la propia Colombia (2016). El tercer actor institucional clave detr\u00e1s de la celebraci\u00f3n del LABICxlaPAZ fue la <a href=\"http:\/\/www.posconflicto.gov.co\" target=\"_blank\" rel=\"noopener noreferrer\">Alta Consejer\u00eda para el Postconflicto<\/a>, organismo colombiano encargado de articular la visi\u00f3n en conjunto del proceso de paz y de asesorar al Gobierno.<\/p>\n<p><img loading=\"lazy\" decoding=\"async\" class=\"alignnone wp-image-757\" src=\"http:\/\/blogs.uned.es\/gesp\/wp-content\/uploads\/sites\/21\/2018\/04\/IMG-8544-300x225.jpg\" alt=\"\" width=\"463\" height=\"347\" srcset=\"https:\/\/blogs.uned.es\/gesp\/wp-content\/uploads\/sites\/21\/2018\/04\/IMG-8544-300x225.jpg 300w, https:\/\/blogs.uned.es\/gesp\/wp-content\/uploads\/sites\/21\/2018\/04\/IMG-8544-1024x768.jpg 1024w\" sizes=\"auto, (max-width: 463px) 100vw, 463px\" \/><\/p>\n<p>El compromiso de estas tres instituciones permiti\u00f3 sacar adelante el Laboratorio, aunque fue la propia ciudadan\u00eda quien lo hizo posible. El proceso comenz\u00f3 con la apertura de una convocatoria p\u00fablica donde cualquier persona o colectivo pudiera presentar un proyecto, con el \u00fanico requisito de que estuviese orientado a la construcci\u00f3n de la paz. De entre los <a href=\"https:\/\/www.innovacionciudadana.org\/colaboradores-labicxlapaz\/\" target=\"_blank\" rel=\"noopener noreferrer\">proyectos presentados, se escogieron diez<\/a>, en base a las propias demandas de la comunidades locales de Nari\u00f1o. El siguiente paso fue abrir otro llamado para aquellas personas que quisieran ser colaboradoras de uno de los diez proyectos elegidos y que, por su perfil y experiencia, pudiesen aportar al desarrollo del mismo. De esta forma, se promov\u00eda el encuentro entre ideas creativas, necesidades reales de la poblaci\u00f3n y conocimientos en torno a una problem\u00e1tica com\u00fan.<\/p>\n<p>M\u00e1s de cien personas de toda Iberoam\u00e9rica (de un total de 700 que se hab\u00edan postulado) se desplazaron durante quince d\u00edas a Nari\u00f1o (13 al 25 de febrero), con el \u00e1nimo de contribuir a la paz en Colombia, en muchos casos pag\u00e1ndose ellas mismas su pasaje y pidiendo d\u00edas de vacaciones en su trabajo. Los diez proyectos que se trabajaron abarcaron distintos \u00e1mbitos: el desarrollo de pr\u00f3tesis 3D de bajo coste para v\u00edctimas y personas desplazadas por el conflicto, el dise\u00f1o de una Plataforma que mejore el sistema educativo en Tumaco, la soluci\u00f3n de problemas rurales y agrarios mediante mecanismos autosostenibles, la recuperaci\u00f3n de memoria de mujeres y de pueblos ind\u00edgenas, el fomento de redes de movilizaci\u00f3n social o la creaci\u00f3n de espacios de ludoteca y aprendizaje para adolescentes, ni\u00f1as y ni\u00f1os.<\/p>\n<p><img loading=\"lazy\" decoding=\"async\" class=\"alignnone wp-image-755\" src=\"http:\/\/blogs.uned.es\/gesp\/wp-content\/uploads\/sites\/21\/2018\/04\/IMG-8501-300x225.jpg\" alt=\"\" width=\"467\" height=\"350\" srcset=\"https:\/\/blogs.uned.es\/gesp\/wp-content\/uploads\/sites\/21\/2018\/04\/IMG-8501-300x225.jpg 300w, https:\/\/blogs.uned.es\/gesp\/wp-content\/uploads\/sites\/21\/2018\/04\/IMG-8501-1024x768.jpg 1024w\" sizes=\"auto, (max-width: 467px) 100vw, 467px\" \/><\/p>\n<p>El LABICxlaPAZ supuso un escal\u00f3n m\u00e1s en la evoluci\u00f3n de los Laboratorios de Innovaci\u00f3n Ciudadana, cuyos rasgos m\u00e1s genuinos son:<\/p>\n<p>1.- La creaci\u00f3n de nuevos arquetipos institucionales que, desde su propia forma hasta su contenido, son espacios de continua experimentaci\u00f3n, desestructurados, abiertos a la espontaneidad pero que, al mismo tiempo, permiten confluir y generar aprendizajes y ponen en contacto a distintos actores sociales, pol\u00edticos e institucionales.<\/p>\n<p>2.- El trabajo colaborativo que permite no solo buscar una soluci\u00f3n a un problema sino definir en com\u00fan y de forma poli\u00e9drica el propio problema. Dentro del Laboratorio el trabajo es colectivo, basado en la cooperaci\u00f3n y el respeto mutuo. Los participantes trabajan con las comunidades de afectados, codo con codo, y en plano de igualdad.<\/p>\n<p>3.- La escucha y el di\u00e1logo, aspectos fundamentales para su funcionamiento. En la misma l\u00ednea al punto anterior, el Laboratorio se convierte en un espacio de convivencia, con una fuerte dimensi\u00f3n experiencial para quienes participan.<\/p>\n<p>4.- La innovaci\u00f3n ciudadana y abierta que<a href=\"http:\/\/juanfreire.com\/innovacion-social-vs-innovacion-ciudadana\/\" target=\"_blank\" rel=\"noopener noreferrer\">, a diferencia de la innovaci\u00f3n social cl\u00e1sica, <\/a>no se basa tanto en el \u201csolucionismo tecnol\u00f3gico\u201d sino en la conjugaci\u00f3n de los distintos saberes, a partir de las propias capacidades de cada persona, y surge como resultado de la interacci\u00f3n entre ciudadanos con bagajes muy diversos. A pesar de llamarse Laboratorio, su l\u00f3gica es la contraria, no hay que ser \u201cexperto\u201d para participar ni se trata de un espacio cerrado, aunque conserva su rasgo fundamental: experimentar.<\/p>\n<p>5.- La <a href=\"http:\/\/laaventuradeaprender.educalab.es\/documents\/10184\/64755\/Como-hacer-un-prototipo.pdf\" target=\"_blank\" rel=\"noopener noreferrer\">creaci\u00f3n de un prototipo<\/a> como exploraci\u00f3n material y expresi\u00f3n de sostenibilidad, una soluci\u00f3n concreta a un problema espec\u00edfico que se gu\u00ede por los criterios del procom\u00fan y el c\u00f3digo abierto, y que sea escalable y pueda adaptarse a distintos contextos.<\/p>\n<p>La inevitable pregunta que surge despu\u00e9s de la celebraci\u00f3n del Laboratorio es \u00bfy ahora qu\u00e9 sigue? El Alto Consejero para el Postconflicto, Rafael Pardo, en el acto de clausura explicaba que lo importante del LABIC no era tanto los resultados de los proyectos (que, argumentaba, podr\u00edan haber sido encargados a una consultora) como el proceso que hab\u00eda implicado, el tejido social que se hab\u00eda generado y la sensaci\u00f3n para muchas comunidades que, por primera vez, hab\u00edan sentido no solo que se las escuchaba sino que adem\u00e1s eran part\u00edcipes de las decisiones que las afectaba.<\/p>\n<p>Quiz\u00e1, gracias al LABIC, Nari\u00f1o no quede hoy tan lejos.<\/p>\n<p>Im\u00e1genes de Jorge Resina<script><\/p>\n<p><\/script><\/p>\n","protected":false},"excerpt":{"rendered":"<p>18\/04\/2018 &#8211; Jorge Resina (Universidad Complutense de Madrid) \u00a0Desde Bogot\u00e1, Nari\u00f1o queda muy lejos. A pesar de que un vuelo dura poco m\u00e1s de hora y media, llegar a Pasto, la capital del Departamento, puede ser toda una aventura. Si el d\u00eda est\u00e1 nublado, lo cual es frecuente, el avi\u00f3n no aterriza y el viaje<\/p>\n<div class=\"read-more\"><a href=\"https:\/\/blogs.uned.es\/gesp\/laboratorios-ciudadanos-por-la-paz\/\" title=\"Leer M\u00e1s\">Leer M\u00e1s<\/a><\/div>\n","protected":false},"author":29,"featured_media":763,"comment_status":"open","ping_status":"open","sticky":false,"template":"","format":"standard","meta":{"footnotes":""},"categories":[7],"tags":[83,87,99,89,91,93,95,97,85],"class_list":{"0":"post-753","1":"post","2":"type-post","3":"status-publish","4":"format-standard","5":"has-post-thumbnail","7":"category-blog","8":"tag-colombia","9":"tag-dialogo","10":"tag-farc","11":"tag-innovacion-ciudadana","12":"tag-labic","13":"tag-narino","14":"tag-paz","15":"tag-proceso-de-paz","16":"tag-trabajo-colaborativo"},"yoast_head":"<!-- This site is optimized with the Yoast SEO plugin v27.2 - https:\/\/yoast.com\/product\/yoast-seo-wordpress\/ -->\n<title>Laboratorios Ciudadanos por la Paz - Grupo de Estudios sobre Sociedad y Pol\u00edtica<\/title>\n<meta name=\"robots\" content=\"index, follow, max-snippet:-1, max-image-preview:large, max-video-preview:-1\" \/>\n<link rel=\"canonical\" href=\"https:\/\/blogs.uned.es\/gesp\/laboratorios-ciudadanos-por-la-paz\/\" \/>\n<meta property=\"og:locale\" content=\"es_ES\" \/>\n<meta property=\"og:type\" content=\"article\" \/>\n<meta property=\"og:title\" content=\"Laboratorios Ciudadanos por la Paz - Grupo de Estudios sobre Sociedad y Pol\u00edtica\" \/>\n<meta property=\"og:description\" content=\"18\/04\/2018 &#8211; Jorge Resina (Universidad Complutense de Madrid) \u00a0Desde Bogot\u00e1, Nari\u00f1o queda muy lejos. A pesar de que un vuelo dura poco m\u00e1s de hora y media, llegar a Pasto, la capital del Departamento, puede ser toda una aventura. Si el d\u00eda est\u00e1 nublado, lo cual es frecuente, el avi\u00f3n no aterriza y el viajeLeer M\u00e1s\" \/>\n<meta property=\"og:url\" content=\"https:\/\/blogs.uned.es\/gesp\/laboratorios-ciudadanos-por-la-paz\/\" \/>\n<meta property=\"og:site_name\" content=\"Grupo de Estudios sobre Sociedad y Pol\u00edtica\" \/>\n<meta property=\"article:published_time\" content=\"2018-04-18T09:08:20+00:00\" \/>\n<meta property=\"article:modified_time\" content=\"2018-04-18T09:09:08+00:00\" \/>\n<meta property=\"og:image\" content=\"https:\/\/blogs.uned.es\/gesp\/wp-content\/uploads\/sites\/21\/2018\/04\/IMG-8452-1024x768.jpg\" \/>\n\t<meta property=\"og:image:width\" content=\"1024\" \/>\n\t<meta property=\"og:image:height\" content=\"768\" \/>\n\t<meta property=\"og:image:type\" content=\"image\/jpeg\" \/>\n<meta name=\"author\" content=\"GESP\" \/>\n<meta name=\"twitter:card\" content=\"summary_large_image\" \/>\n<meta name=\"twitter:label1\" content=\"Escrito por\" \/>\n\t<meta name=\"twitter:data1\" content=\"GESP\" \/>\n\t<meta name=\"twitter:label2\" content=\"Tiempo de lectura\" \/>\n\t<meta name=\"twitter:data2\" content=\"8 minutos\" \/>\n<script type=\"application\/ld+json\" class=\"yoast-schema-graph\">{\"@context\":\"https:\/\/schema.org\",\"@graph\":[{\"@type\":\"Article\",\"@id\":\"https:\/\/blogs.uned.es\/gesp\/laboratorios-ciudadanos-por-la-paz\/#article\",\"isPartOf\":{\"@id\":\"https:\/\/blogs.uned.es\/gesp\/laboratorios-ciudadanos-por-la-paz\/\"},\"author\":{\"name\":\"GESP\",\"@id\":\"https:\/\/blogs.uned.es\/gesp\/#\/schema\/person\/ecd18a39405b70f35f53c2f5fed98526\"},\"headline\":\"Laboratorios Ciudadanos por la Paz\",\"datePublished\":\"2018-04-18T09:08:20+00:00\",\"dateModified\":\"2018-04-18T09:09:08+00:00\",\"mainEntityOfPage\":{\"@id\":\"https:\/\/blogs.uned.es\/gesp\/laboratorios-ciudadanos-por-la-paz\/\"},\"wordCount\":1649,\"commentCount\":0,\"image\":{\"@id\":\"https:\/\/blogs.uned.es\/gesp\/laboratorios-ciudadanos-por-la-paz\/#primaryimage\"},\"thumbnailUrl\":\"https:\/\/blogs.uned.es\/gesp\/wp-content\/uploads\/sites\/21\/2018\/04\/IMG-8452.jpg\",\"keywords\":[\"Colombia\",\"di\u00e1logo\",\"FARC\",\"innovaci\u00f3n ciudadana\",\"LABIC\",\"Nari\u00f1o\",\"paz\",\"proceso de paz\",\"trabajo colaborativo\"],\"articleSection\":[\"BLOG\"],\"inLanguage\":\"es\",\"potentialAction\":[{\"@type\":\"CommentAction\",\"name\":\"Comment\",\"target\":[\"https:\/\/blogs.uned.es\/gesp\/laboratorios-ciudadanos-por-la-paz\/#respond\"]}]},{\"@type\":\"WebPage\",\"@id\":\"https:\/\/blogs.uned.es\/gesp\/laboratorios-ciudadanos-por-la-paz\/\",\"url\":\"https:\/\/blogs.uned.es\/gesp\/laboratorios-ciudadanos-por-la-paz\/\",\"name\":\"Laboratorios Ciudadanos por la Paz - Grupo de Estudios sobre Sociedad y Pol\u00edtica\",\"isPartOf\":{\"@id\":\"https:\/\/blogs.uned.es\/gesp\/#website\"},\"primaryImageOfPage\":{\"@id\":\"https:\/\/blogs.uned.es\/gesp\/laboratorios-ciudadanos-por-la-paz\/#primaryimage\"},\"image\":{\"@id\":\"https:\/\/blogs.uned.es\/gesp\/laboratorios-ciudadanos-por-la-paz\/#primaryimage\"},\"thumbnailUrl\":\"https:\/\/blogs.uned.es\/gesp\/wp-content\/uploads\/sites\/21\/2018\/04\/IMG-8452.jpg\",\"datePublished\":\"2018-04-18T09:08:20+00:00\",\"dateModified\":\"2018-04-18T09:09:08+00:00\",\"author\":{\"@id\":\"https:\/\/blogs.uned.es\/gesp\/#\/schema\/person\/ecd18a39405b70f35f53c2f5fed98526\"},\"breadcrumb\":{\"@id\":\"https:\/\/blogs.uned.es\/gesp\/laboratorios-ciudadanos-por-la-paz\/#breadcrumb\"},\"inLanguage\":\"es\",\"potentialAction\":[{\"@type\":\"ReadAction\",\"target\":[\"https:\/\/blogs.uned.es\/gesp\/laboratorios-ciudadanos-por-la-paz\/\"]}]},{\"@type\":\"ImageObject\",\"inLanguage\":\"es\",\"@id\":\"https:\/\/blogs.uned.es\/gesp\/laboratorios-ciudadanos-por-la-paz\/#primaryimage\",\"url\":\"https:\/\/blogs.uned.es\/gesp\/wp-content\/uploads\/sites\/21\/2018\/04\/IMG-8452.jpg\",\"contentUrl\":\"https:\/\/blogs.uned.es\/gesp\/wp-content\/uploads\/sites\/21\/2018\/04\/IMG-8452.jpg\",\"width\":4032,\"height\":3024},{\"@type\":\"BreadcrumbList\",\"@id\":\"https:\/\/blogs.uned.es\/gesp\/laboratorios-ciudadanos-por-la-paz\/#breadcrumb\",\"itemListElement\":[{\"@type\":\"ListItem\",\"position\":1,\"name\":\"Portada\",\"item\":\"https:\/\/blogs.uned.es\/gesp\/\"},{\"@type\":\"ListItem\",\"position\":2,\"name\":\"Laboratorios Ciudadanos por la Paz\"}]},{\"@type\":\"WebSite\",\"@id\":\"https:\/\/blogs.uned.es\/gesp\/#website\",\"url\":\"https:\/\/blogs.uned.es\/gesp\/\",\"name\":\"Grupo de Estudios sobre Sociedad y Pol\u00edtica\",\"description\":\"P\u00e1gina web del Grupo de Estudios sobre Sociedad y Pol\u00edtica (GESP)\",\"potentialAction\":[{\"@type\":\"SearchAction\",\"target\":{\"@type\":\"EntryPoint\",\"urlTemplate\":\"https:\/\/blogs.uned.es\/gesp\/?s={search_term_string}\"},\"query-input\":{\"@type\":\"PropertyValueSpecification\",\"valueRequired\":true,\"valueName\":\"search_term_string\"}}],\"inLanguage\":\"es\"},{\"@type\":\"Person\",\"@id\":\"https:\/\/blogs.uned.es\/gesp\/#\/schema\/person\/ecd18a39405b70f35f53c2f5fed98526\",\"name\":\"GESP\",\"url\":\"https:\/\/blogs.uned.es\/gesp\/author\/jagil\/\"}]}<\/script>\n<!-- \/ Yoast SEO plugin. -->","yoast_head_json":{"title":"Laboratorios Ciudadanos por la Paz - Grupo de Estudios sobre Sociedad y Pol\u00edtica","robots":{"index":"index","follow":"follow","max-snippet":"max-snippet:-1","max-image-preview":"max-image-preview:large","max-video-preview":"max-video-preview:-1"},"canonical":"https:\/\/blogs.uned.es\/gesp\/laboratorios-ciudadanos-por-la-paz\/","og_locale":"es_ES","og_type":"article","og_title":"Laboratorios Ciudadanos por la Paz - Grupo de Estudios sobre Sociedad y Pol\u00edtica","og_description":"18\/04\/2018 &#8211; Jorge Resina (Universidad Complutense de Madrid) \u00a0Desde Bogot\u00e1, Nari\u00f1o queda muy lejos. A pesar de que un vuelo dura poco m\u00e1s de hora y media, llegar a Pasto, la capital del Departamento, puede ser toda una aventura. Si el d\u00eda est\u00e1 nublado, lo cual es frecuente, el avi\u00f3n no aterriza y el viajeLeer M\u00e1s","og_url":"https:\/\/blogs.uned.es\/gesp\/laboratorios-ciudadanos-por-la-paz\/","og_site_name":"Grupo de Estudios sobre Sociedad y Pol\u00edtica","article_published_time":"2018-04-18T09:08:20+00:00","article_modified_time":"2018-04-18T09:09:08+00:00","og_image":[{"width":1024,"height":768,"url":"https:\/\/blogs.uned.es\/gesp\/wp-content\/uploads\/sites\/21\/2018\/04\/IMG-8452-1024x768.jpg","type":"image\/jpeg"}],"author":"GESP","twitter_card":"summary_large_image","twitter_misc":{"Escrito por":"GESP","Tiempo de lectura":"8 minutos"},"schema":{"@context":"https:\/\/schema.org","@graph":[{"@type":"Article","@id":"https:\/\/blogs.uned.es\/gesp\/laboratorios-ciudadanos-por-la-paz\/#article","isPartOf":{"@id":"https:\/\/blogs.uned.es\/gesp\/laboratorios-ciudadanos-por-la-paz\/"},"author":{"name":"GESP","@id":"https:\/\/blogs.uned.es\/gesp\/#\/schema\/person\/ecd18a39405b70f35f53c2f5fed98526"},"headline":"Laboratorios Ciudadanos por la Paz","datePublished":"2018-04-18T09:08:20+00:00","dateModified":"2018-04-18T09:09:08+00:00","mainEntityOfPage":{"@id":"https:\/\/blogs.uned.es\/gesp\/laboratorios-ciudadanos-por-la-paz\/"},"wordCount":1649,"commentCount":0,"image":{"@id":"https:\/\/blogs.uned.es\/gesp\/laboratorios-ciudadanos-por-la-paz\/#primaryimage"},"thumbnailUrl":"https:\/\/blogs.uned.es\/gesp\/wp-content\/uploads\/sites\/21\/2018\/04\/IMG-8452.jpg","keywords":["Colombia","di\u00e1logo","FARC","innovaci\u00f3n ciudadana","LABIC","Nari\u00f1o","paz","proceso de paz","trabajo colaborativo"],"articleSection":["BLOG"],"inLanguage":"es","potentialAction":[{"@type":"CommentAction","name":"Comment","target":["https:\/\/blogs.uned.es\/gesp\/laboratorios-ciudadanos-por-la-paz\/#respond"]}]},{"@type":"WebPage","@id":"https:\/\/blogs.uned.es\/gesp\/laboratorios-ciudadanos-por-la-paz\/","url":"https:\/\/blogs.uned.es\/gesp\/laboratorios-ciudadanos-por-la-paz\/","name":"Laboratorios Ciudadanos por la Paz - Grupo de Estudios sobre Sociedad y Pol\u00edtica","isPartOf":{"@id":"https:\/\/blogs.uned.es\/gesp\/#website"},"primaryImageOfPage":{"@id":"https:\/\/blogs.uned.es\/gesp\/laboratorios-ciudadanos-por-la-paz\/#primaryimage"},"image":{"@id":"https:\/\/blogs.uned.es\/gesp\/laboratorios-ciudadanos-por-la-paz\/#primaryimage"},"thumbnailUrl":"https:\/\/blogs.uned.es\/gesp\/wp-content\/uploads\/sites\/21\/2018\/04\/IMG-8452.jpg","datePublished":"2018-04-18T09:08:20+00:00","dateModified":"2018-04-18T09:09:08+00:00","author":{"@id":"https:\/\/blogs.uned.es\/gesp\/#\/schema\/person\/ecd18a39405b70f35f53c2f5fed98526"},"breadcrumb":{"@id":"https:\/\/blogs.uned.es\/gesp\/laboratorios-ciudadanos-por-la-paz\/#breadcrumb"},"inLanguage":"es","potentialAction":[{"@type":"ReadAction","target":["https:\/\/blogs.uned.es\/gesp\/laboratorios-ciudadanos-por-la-paz\/"]}]},{"@type":"ImageObject","inLanguage":"es","@id":"https:\/\/blogs.uned.es\/gesp\/laboratorios-ciudadanos-por-la-paz\/#primaryimage","url":"https:\/\/blogs.uned.es\/gesp\/wp-content\/uploads\/sites\/21\/2018\/04\/IMG-8452.jpg","contentUrl":"https:\/\/blogs.uned.es\/gesp\/wp-content\/uploads\/sites\/21\/2018\/04\/IMG-8452.jpg","width":4032,"height":3024},{"@type":"BreadcrumbList","@id":"https:\/\/blogs.uned.es\/gesp\/laboratorios-ciudadanos-por-la-paz\/#breadcrumb","itemListElement":[{"@type":"ListItem","position":1,"name":"Portada","item":"https:\/\/blogs.uned.es\/gesp\/"},{"@type":"ListItem","position":2,"name":"Laboratorios Ciudadanos por la Paz"}]},{"@type":"WebSite","@id":"https:\/\/blogs.uned.es\/gesp\/#website","url":"https:\/\/blogs.uned.es\/gesp\/","name":"Grupo de Estudios sobre Sociedad y Pol\u00edtica","description":"P\u00e1gina web del Grupo de Estudios sobre Sociedad y Pol\u00edtica (GESP)","potentialAction":[{"@type":"SearchAction","target":{"@type":"EntryPoint","urlTemplate":"https:\/\/blogs.uned.es\/gesp\/?s={search_term_string}"},"query-input":{"@type":"PropertyValueSpecification","valueRequired":true,"valueName":"search_term_string"}}],"inLanguage":"es"},{"@type":"Person","@id":"https:\/\/blogs.uned.es\/gesp\/#\/schema\/person\/ecd18a39405b70f35f53c2f5fed98526","name":"GESP","url":"https:\/\/blogs.uned.es\/gesp\/author\/jagil\/"}]}},"_links":{"self":[{"href":"https:\/\/blogs.uned.es\/gesp\/wp-json\/wp\/v2\/posts\/753","targetHints":{"allow":["GET"]}}],"collection":[{"href":"https:\/\/blogs.uned.es\/gesp\/wp-json\/wp\/v2\/posts"}],"about":[{"href":"https:\/\/blogs.uned.es\/gesp\/wp-json\/wp\/v2\/types\/post"}],"author":[{"embeddable":true,"href":"https:\/\/blogs.uned.es\/gesp\/wp-json\/wp\/v2\/users\/29"}],"replies":[{"embeddable":true,"href":"https:\/\/blogs.uned.es\/gesp\/wp-json\/wp\/v2\/comments?post=753"}],"version-history":[{"count":3,"href":"https:\/\/blogs.uned.es\/gesp\/wp-json\/wp\/v2\/posts\/753\/revisions"}],"predecessor-version":[{"id":769,"href":"https:\/\/blogs.uned.es\/gesp\/wp-json\/wp\/v2\/posts\/753\/revisions\/769"}],"wp:featuredmedia":[{"embeddable":true,"href":"https:\/\/blogs.uned.es\/gesp\/wp-json\/wp\/v2\/media\/763"}],"wp:attachment":[{"href":"https:\/\/blogs.uned.es\/gesp\/wp-json\/wp\/v2\/media?parent=753"}],"wp:term":[{"taxonomy":"category","embeddable":true,"href":"https:\/\/blogs.uned.es\/gesp\/wp-json\/wp\/v2\/categories?post=753"},{"taxonomy":"post_tag","embeddable":true,"href":"https:\/\/blogs.uned.es\/gesp\/wp-json\/wp\/v2\/tags?post=753"}],"curies":[{"name":"wp","href":"https:\/\/api.w.org\/{rel}","templated":true}]}}