{"id":2021,"date":"2022-05-30T07:08:06","date_gmt":"2022-05-30T07:08:06","guid":{"rendered":"https:\/\/blogs.uned.es\/gesp\/?p=2021"},"modified":"2022-05-30T07:08:08","modified_gmt":"2022-05-30T07:08:08","slug":"que-impacto-ha-tenido-la-pandemia-en-los-activismos-juveniles-un-analisis-exploratorio-para-el-caso-espanol","status":"publish","type":"post","link":"https:\/\/blogs.uned.es\/gesp\/que-impacto-ha-tenido-la-pandemia-en-los-activismos-juveniles-un-analisis-exploratorio-para-el-caso-espanol\/","title":{"rendered":"\u00bfQu\u00e9 impacto ha tenido la pandemia en los activismos juveniles? Un an\u00e1lisis exploratorio para el caso espa\u00f1ol"},"content":{"rendered":"\n<p>30\/05\/2022 &#8211; Gomer Betancor Nuez (UNED)<\/p>\n\n\n\n<p>Desde la irrupci\u00f3n de la pandemia en marzo de 2020, la limitaci\u00f3n de aforos y de movilidad restringieron mucho la libre circulaci\u00f3n en la calle y, por tanto, la acci\u00f3n de los movimientos sociales (uno de cuyos rasgos definitorios, y m\u00e1s desde el Ciclo 15M, es la ocupaci\u00f3n del espacio p\u00fablico). Este corte en el tiempo de la libre circulaci\u00f3n se dio de manera especialmente acuciante en Espa\u00f1a, donde un dur\u00edsimo estado de alarma decretado por el Gobierno implic\u00f3 un confinamiento domiciliario de los m\u00e1s largos de la pandemia a nivel global. Por ello, cuando estaba empezando la pandemia y est\u00e1bamos en la etapa de mayores restricciones, un grupo de acad\u00e9micas y acad\u00e9micos nos preguntamos qu\u00e9 impactos iba a tener la pandemia sobre la acci\u00f3n colectiva.<\/p>\n\n\n\n<p>La investigaci\u00f3n de la que parte esta reflexi\u00f3n tiene dos fases diferenciadas. Una primera coordinada por CLACSO y en la que participaron de seis pa\u00edses de Am\u00e9rica Latina (Argentina, Brasil, Colombia, Chile, Ecuador, y M\u00e9xico), adem\u00e1s de Espa\u00f1a. Esta consisti\u00f3 en la confecci\u00f3n de un cuestionario que fue cumplimentado por colectivos juveniles, o en los que la presencia de j\u00f3venes fuera alta, tipos diferentes: estudiantiles, sindicales, feministas, partidistas, ambientalistas, y socio-comunitarios. Los resultados m\u00e1s destacados de esta investigaci\u00f3n internacional, que se pueden ver en el art\u00edculo de este blog \u201c<a href=\"https:\/\/blogs.uned.es\/gesp\/acciones-colectivas-juveniles-durante-la-pandemia-una-vision-comparada\/\">Acciones colectivas juveniles durante la pandemia: una visi\u00f3n comparada<\/a>\u201d, mostraban algunas novedades en este laboratorio social <em>cronot\u00f3pico<\/em> que era la pandemia.<\/p>\n\n\n\n<p>As\u00ed, sus autoras destacaban que \u201cse producen peque\u00f1as innovaciones o desplazamientos\u201d en las agendas y los repertorios de movilizaci\u00f3n de las personas j\u00f3venes. Tambi\u00e9n rese\u00f1aban el cambio que significaba la pandemia para ciclos de movilizaci\u00f3n, que taponaba algunos ciclos ascendentes (como el del activismo clim\u00e1tico o las movilizaciones feministas en Espa\u00f1a) y resignificaba otros (como el estallido social chileno). El an\u00e1lisis del material producido durante la primera fase de la investigaci\u00f3n confirm\u00f3 la hip\u00f3tesis de que la pandemia y las medidas tomadas estaban afectando al activismo juvenil tanto en lo organizativo como en los repertorios de acci\u00f3n y en la agenda tem\u00e1tica.<\/p>\n\n\n\n<p>Partimos de la hip\u00f3tesis que coincide con la que manejaban otros trabajos publicados en la primera etapa de la pandemia: que las medidas tomadas por los gobiernos (confinamientos, restricciones del uso del espacio p\u00fablico, medidas sanitarias\u2026) para contener la pandemia producida por el COVID-19 deb\u00edan tener efectos claros sobre la acci\u00f3n colectiva, con una innovaci\u00f3n de sus formas como respuesta al estrecho marco de actuaci\u00f3n de los estados de alarmas y decretos estatales (Bringel y Pleyers, 2020). Nos preguntamos sobre la acci\u00f3n colectiva y los activismos de las personas j\u00f3venes, una edad en la que el activismo se forma y puede llegar a ser fundamental para la construcci\u00f3n del ciudadano\/a. Consideramos que el efecto de la pandemia no puede s\u00f3lo medirse en la disminuci\u00f3n, aunque tambi\u00e9n, de acciones colectivas en el espacio p\u00fablico, sino que tambi\u00e9n puede tener consecuencias sobre las formas de organizaci\u00f3n en las que la relaci\u00f3n es un elemento fundamental (Mart\u00ednez, 2018), as\u00ed como en los temas de reivindicaci\u00f3n de los activismos j\u00f3venes.<\/p>\n\n\n\n<p>Para ello, dise\u00f1amos una investigaci\u00f3n cualitativa en base a entrevistas en profundidad semi-dirigidas. Seleccionamos tres tipos de colectivos: feministas, ambientalistas y socio-comunitarios. La selecci\u00f3n respond\u00eda al siguiente criterio: las movilizaciones feministas y ambientalistas (ecologistas) hab\u00edan tenido un auge significativo justo antes de la pandemia (recordemos las huelgas feministas y las manifestaciones del 8-M, as\u00ed como los Fridays for Future y el activismo clim\u00e1tico) en las que las personas j\u00f3venes hab\u00edan tenido un papel relevante (Gald\u00f3n, 2018). En la contra parte, los colectivos socio-comunitarios han tenido un papel central durante la pandemia, creando redes de apoyo vecinales y barriales y en los que, de nuevo, las personas j\u00f3venes han desempe\u00f1ado un rol central.<\/p>\n\n\n\n<p><strong>Tras m\u00e1s de dos a\u00f1os de pandemia, \u00bfha habido transformaciones coyunturales o estructurales en los activismos?<\/strong><\/p>\n\n\n\n<p>Tras el an\u00e1lisis de las entrevistas realizadas, tenemos que ser cautos a la hora de debatir si los impactos de la pandemia en estos activismos han sido coyunturales, o m\u00e1s bien estructurales. Primero, por la propia historicidad de la investigaci\u00f3n, cuyo campo se hace entre enero y sigue en marcha en mayo de 2022 (algo m\u00e1s de 2 a\u00f1os del impacto de la pandemia). Segundo, porque nos focalizamos en los activismos en colectivos juveniles, que tienen como uno de los rasgos distintivos estar en una fase de transici\u00f3n a la vida adulta cada vez m\u00e1s incierta en las sociedades actuales.<\/p>\n\n\n\n<p>No obstante, a continuaci\u00f3n, detallamos y discutimos algunos impactos a corto-medio plazo que hemos hallado a partir de las m\u00e1s de 15 entrevistas realizadas a colectivos juveniles, diferenciando en ellos los tres tipos de colectivos: colectivos socio-comunitarios; colectivos ecologistas; colectivos feministas. Como se puede ver en la siguiente figura, tambi\u00e9n diferenciamos tres tipos de impactos: impactos organizacionales; impactos en la agenda tem\u00e1tica; impactos en los repertorios de acci\u00f3n.<\/p>\n\n\n\n<p><strong>Tabla I<\/strong>. Tipos de impactos por cada tipo de colectivo<\/p>\n\n\n\n<figure class=\"wp-block-image size-full\"><img loading=\"lazy\" decoding=\"async\" width=\"796\" height=\"261\" src=\"https:\/\/blogs.uned.es\/gesp\/wp-content\/uploads\/sites\/21\/2022\/05\/asd.png\" alt=\"\" class=\"wp-image-2023\" srcset=\"https:\/\/blogs.uned.es\/gesp\/wp-content\/uploads\/sites\/21\/2022\/05\/asd.png 796w, https:\/\/blogs.uned.es\/gesp\/wp-content\/uploads\/sites\/21\/2022\/05\/asd-300x98.png 300w, https:\/\/blogs.uned.es\/gesp\/wp-content\/uploads\/sites\/21\/2022\/05\/asd-768x252.png 768w\" sizes=\"auto, (max-width: 796px) 100vw, 796px\" \/><\/figure>\n\n\n\n<p><em>Impactos de la pandemia por tipo de colectivo<\/em><\/p>\n\n\n\n<p>La pandemia ha impactado de lleno en los colectivos ecologistas y feministas que estaban en ese ciclo creciente de movilizaci\u00f3n, porque desactiva todas las acciones colectivas que ven\u00edan desarrollando. As\u00ed, en el caso de los colectivos feministas, la convocatoria del 8M de 2020 fue masiva, aunque con menor convocatoria que a\u00f1os anteriores, y con una gran criminalizaci\u00f3n por parte de muchos medios de comunicaci\u00f3n y partidos de derechas que lo planteaban como alto foco de contagio (mensaje lanzado por grupos de ultraderecha como Vox, que paralelamente contraprogramaba el 8M de 2020 con un mitin en Vistalegre que llenaba el reciento, sin medida alguna de seguridad).<\/p>\n\n\n\n<p>El confinamiento supuso un largo periplo durante varios meses de replantear de forma <em>online<\/em> todas las reuniones, al igual que para el activismo ecologista. Asimismo, para el tipo de activismo feminista que requiere de muchas reuniones y asambleas y el planteamiento de acciones presenciales, la pandemia supuso un par\u00f3n de algunas actividades. Y el sufrimiento asociado la cotidianidad de la pandemia, con el sesgo de g\u00e9nero que implica (intensificaci\u00f3n de cuidados, tareas dom\u00e9sticas, dificultad de conciliar etc.), ha facilitado la incorporaci\u00f3n de la salud mental como un nuevo eje estrat\u00e9gico necesario, seg\u00fan nos relatan varias activistas.<\/p>\n\n\n\n<p>En el caso del activismo clim\u00e1tico, la pandemia supuso una interrupci\u00f3n de muchas acciones colectivas en la calle. Muchas de estas acciones supon\u00edan una gran repercusi\u00f3n medi\u00e1tica y la entrada en la agenda de nuevos temas en la agenda, como la justicia clim\u00e1tica, con una gran <em>espectacularizaci\u00f3n<\/em> de algunas acciones mediante la desobediencia civil pac\u00edfica (cortes del tr\u00e1fico, boicot de cumbres internacionales etc.), pero la llegada del confinamiento y las restricciones siguientes a la circulaci\u00f3n en la v\u00eda p\u00fablica desactivaron durante casi un a\u00f1o las acciones desobedientes en la calle y par\u00f3 un ritmo intenso de actividades de denuncia p\u00fablica. Como se\u00f1ala una informante,<\/p>\n\n\n\n<p class=\"has-text-align-right\">\u201ccon la pandemia se ha hecho mucho m\u00e1s palpable, y sobre todo en temas, por ejemplo, de desobediencia civil, que tambi\u00e9n es una manera de hacer acciones disruptivas y que suenen mucho sin la necesidad de tener que aglomerar mucha gente. Yo creo que se ha notado mucho\u201d (Fridays for Future).<\/p>\n\n\n\n<p>En lo organizacional, supuso la reconfiguraci\u00f3n organizativa en dos aspectos: por un lado, fue un par\u00f3n en las carreras activistas, que bajaron la intensidad organizativa de colectivos; por otro lado, supuso el fortalecimiento del funcionamiento en red del Movimiento Ecologista, al necesitar mejor organizaci\u00f3n y log\u00edstica en las acciones de denuncia en las acciones en la calle (entrevistas a informantes ecologistas). Esta pauta es comentada tambi\u00e9n por los colectivos socio-comunitarios, ya que las necesidades de ayuda detectadas en el confinamiento implicaron un aumento <em>de facto<\/em> de las alianzas entre movimientos sociales, ONGs y organizaciones estatales (Nel\u00b7lo, et al., 2022).<\/p>\n\n\n\n<p>En lo referente a los colectivos socio-territoriales, los impactos se refieren m\u00e1s a la intensificaci\u00f3n de una actividad cotidiana, antes poco visible. Y en la mayor\u00eda de los casos a reorientar las actividades de solidaridad y apoyo mutuo a lo inmediato, sobre todo en la primera fase: redes comunitarias de apoyo a vecinos y ancianos para tener alimentos, para hacer compras o para ir a centros sanitarios; alianzas con entidades del Tercer Sector y administraciones para desarrollar ayuda b\u00e1sica a vecinos, como bancos de alimentos. Esto implic\u00f3 la realizaci\u00f3n de actividades novedosas, como fue las redes de recados a vecinas necesitadas, para lo cual fue importante el trabajo en red de diferentes organizaciones y colectivos que antes funcionaban fragmentariamente.<\/p>\n\n\n\n<p>Ha sido igualmente importante las redes de apoyo mutuo en barrios y localidades, algunas de las cuales surgieron gracias al apoyo del movimiento vecinal (asaciones de vecinos\/as), o eran redes recuperadas de las iniciativas de la crisis de hace una d\u00e9cada, como las referentes a los bancos de alimentos (Tangente, 2022). Asimismo, ha sido importante la incorporaci\u00f3n de la represi\u00f3n institucional y policial como eje de denuncia, ya que en las primeras fases de la pandemia hubieron muchos abusos policiales a trav\u00e9s de denuncias arbitrarias a viandantes, ciudadanos\/as y activistas, como ha expuesto Emilio Silvestre en una <a href=\"https:\/\/blogs.uned.es\/gesp\/represion-en-tiempos-de-pandemia-otro-virus-que-se-expande\/\">entrada anterior de este blog<\/a>.<\/p>\n\n\n\n<p>Otras de las cuestiones m\u00e1s visible y que adem\u00e1s sirve para todo tipo de activismo, como se\u00f1ala en su <a href=\"https:\/\/blogs.uned.es\/gesp\/que-sera-de-los-activismos-juveniles-en-la-generacion-covid-una-decada-del-15m\/\">an\u00e1lisis de datos en este blog<\/a> Francisco Fern\u00e1ndez-Trujillo, es que \u201clos activismos digitales se han reforzado, lo que las limitaciones de para eventos sociales que genera la pandemia COVID-19 consolida y hace proclive un activismo que sea llevado a cabo a trav\u00e9s de Internet y redes sociales\u201d. Y en esta dimensi\u00f3n la brecha que nos encontramos es generacional, ya que en varias entrevistas los y las j\u00f3venes nos relataban lo complicado que era la comunicaci\u00f3n online con colectivos y organizaciones en los que personas de avanzada edad ten\u00edan mucha presencia.<\/p>\n\n\n\n<p><strong>\u00bfImpactos coyunturales, o estructurales?<\/strong><strong><\/strong><\/p>\n\n\n\n<p>Nuestra pregunta de investigaci\u00f3n se cuestionaba sobre los impactos a medio plazo que ha tenido la pandemia en los activismos juveniles (en sus demandas, en sus formas organizativas y en sus repertorios de acci\u00f3n). En este sentido, las conclusiones que presentamos son abiertas, pues hace falta un estudio longitudinal dentro de unos a\u00f1os para ver los impactos a largo plazo.<\/p>\n\n\n\n<p>Pero algunos impactos pueden valorarse como estructurales, a ra\u00edz de lo vivido por los colectivos entrevistados. Como se puede ver en la figura siguiente, destaca en primer lugar el impacto que tiene una gran crisis en los movimientos sociales cuando est\u00e1n en ciclos \u00e1lgidos de movilizaci\u00f3n, ya que se ha observado que el confinamiento total desactiv\u00f3 a muchas personas en el activismo y cort\u00f3 temporalmente los ciclos del activismo clim\u00e1tico y del movimiento feminista (Mart\u00ednez y Gonz\u00e1lez, 2021). En esto influye de forma decidida en la constricci\u00f3n de la disponibilidad biogr\u00e1fica, entendida como la ausencia de restricciones personales que pueden aumentar los costes y los riesgos de la participaci\u00f3n en el movimiento (McAdam, 1988). Y tambi\u00e9n en la suspensi\u00f3n o interrupci\u00f3n de carreas militantes (Agrikoliansky, 2017), que en el caso de activismos juveniles es m\u00e1s vol\u00e1til y que ha coadyuvado a la desactivaci\u00f3n en los momentos m\u00e1s duros, como nos se\u00f1alan algunas informantes. Este fen\u00f3meno de suspensi\u00f3n temporal de las carreras militantes es especialmente crucial en las personas j\u00f3venes, pues se encuentran en un estadio vital de socializaci\u00f3n pol\u00edtica y cuyos efectos est\u00e1n por ver. En este sentido, algunos colectivos de estudiantes nos relatan el efecto de corte de la memoria de lucha militante en el activismo estudiantil que ha supuesto dos cursos seguidos de restricciones en la movilidad y las condiciones de socializaci\u00f3n juvenil.<\/p>\n\n\n\n<p><strong>Figura I<\/strong>. Impactos de la pandemia en el activismo, a partir del eje cambios coyunturales-cambios estructurales<\/p>\n\n\n\n<figure class=\"wp-block-image size-full\"><img loading=\"lazy\" decoding=\"async\" width=\"886\" height=\"525\" src=\"https:\/\/blogs.uned.es\/gesp\/wp-content\/uploads\/sites\/21\/2022\/05\/image.png\" alt=\"\" class=\"wp-image-2025\" srcset=\"https:\/\/blogs.uned.es\/gesp\/wp-content\/uploads\/sites\/21\/2022\/05\/image.png 886w, https:\/\/blogs.uned.es\/gesp\/wp-content\/uploads\/sites\/21\/2022\/05\/image-300x178.png 300w, https:\/\/blogs.uned.es\/gesp\/wp-content\/uploads\/sites\/21\/2022\/05\/image-768x455.png 768w\" sizes=\"auto, (max-width: 886px) 100vw, 886px\" \/><\/figure>\n\n\n\n<p>Los impactos estructurales m\u00e1s inmediatos, a primera vista, tienen relaci\u00f3n directa con la salud mental de los activistas y se refieren tambi\u00e9n a c\u00f3mo afrontar la represi\u00f3n, a la necesidad de cuidados grupales y de introducir la salud mental como eje transversal en los colectivos (entrevistas a colectivos feministas y ecologistas). Esto anticipa un cambio interno que se ven\u00edan sedimentando en los movimientos sociales en los \u00faltimos a\u00f1os, algunos de los cu\u00e1les ya hab\u00edan transversalizado la praxis feminista de los cuidados, que se complejiza con la necesidad de hablar de la salud mental.<\/p>\n\n\n\n<p>Tambi\u00e9n supone el aumento de la represi\u00f3n y, sobre todo, la <em>burorepresi\u00f3n<\/em> a los activistas, entendida como \u201c<a href=\"https:\/\/burorresistiendo.wordpress.com\/que-es-la-burorrepresion\/\">forma de represi\u00f3n basada en las sanciones administrativas indiscriminadas a personas por ejercer sus derechos fundamentales<\/a>\u201d, cuyo ejemplo ilustrativo es la gran cantidad de multas como desincentivo de la participaci\u00f3n en actividades en la calle durante el per\u00edodo de restricciones. Est\u00e1n por ver sus efectos a medio-largo plazo, pero las miles de multas sin fundamento legal a viandantes en la pandemia, denunciadas por organizaciones de derechos humanos y derecho a la protesta, no presagian precisamente un escenario \u00f3ptimo para las libertades civiles. Un informante se\u00f1ala, al hilo de la represi\u00f3n creciente en las manifestaciones en el post-confinamiento, que<\/p>\n\n\n\n<p class=\"has-text-align-right\">\u201cpor toda la represi\u00f3n que se ha vivido en las manifestaciones, al final, entiendo que de miedo. Que de miedo ir a manifestaciones pues te est\u00e1s jugando multas y golpes. Y, por otro lado, porque el discurso [criminalizador]de alguna forma u otra, pues cala\u201d (Colectivo Karraka).<\/p>\n\n\n\n<p>Pasados dos a\u00f1os de la irrupci\u00f3n de la pandemia, estos cambios prefiguran unas condiciones nuevas para los movimientos sociales en Espa\u00f1a. Y lo hace en un contexto de cierto <em>impasse<\/em> movilizador, pero con una posible recesi\u00f3n econ\u00f3mica duradera a la vuelta de la esquina y la anunciada vuelta de la ortodoxia neoliberal por parte de la Comisi\u00f3n Europea (las consabidas recetas de recortes sociales y ajuste estructural, que tanto dolor gener\u00f3 hace algo m\u00e1s de una d\u00e9cada), despu\u00e9s de la performance keynesiana de gasto p\u00fablico obligada por la pandemia. La bajada en el volumen de la movilizaci\u00f3n propia de la pandemia, adem\u00e1s de estos efectos generados, tambi\u00e9n han creado el caldo de cultivo necesario para lo que Antonio Melucci (1989) denomina como el <em>estado latente<\/em> de las <em>redes sumergidas<\/em> de los movimientos sociales, que son esos momentos en los que las redes activistas replantean estrat\u00e9gicamente los conflictos sociales y las ideas nuevas que quieren introducir en la sociedad. Solo pasado unos a\u00f1os podremos ver los efectos duraderos que ha tenido la pandemia en los procesos de movilizaci\u00f3n, y comprobar as\u00ed si estos nuevos ejes de lucha anunciados han venido para quedarse en la agenda activista (Mart\u00ednez, 2018).<\/p>\n\n\n\n<p><strong>Bibliograf\u00eda<\/strong><strong><\/strong><\/p>\n\n\n\n<p>Agrikoliansky, \u00c9., (2017). Las \u00abcarreras militantes\u00bb: Port\u00e9e et limites d\u2019un concept narratif. En O. Fillieule, (Ed), <em>Sociologie plurielle des comportements politiques<\/em>. Paris: Presses de Sciences Po.<\/p>\n\n\n\n<p>Bringel, B., y Pleyers, G. (Eds.) (2020). <em>Alerta global. Pol\u00edticas, movimientos sociales y futuros en disputa en tiempos de pandemia<\/em>. Buenos Aires y Lima: CLACSO y ALAS.<\/p>\n\n\n\n<p>Gald\u00f3n, C. (2018). Cosmovisiones feministas en clave generacional. Del movimiento 15M a la Huelga Feminista del 8M. <em>Encrucijadas. Revista cr\u00edtica de Ciencias Sociales<\/em>, 16.<\/p>\n\n\n\n<p>Mart\u00ednez, M. (2018). Reiteraciones relacionales y activaciones emocionales: hacia una radicalizaci\u00f3n de la procesualidad de las identidades colectivas<em>. Athenea Digital<\/em>, 18(1), 293-317.<\/p>\n\n\n\n<p>Mart\u00ednez, M. y Gonz\u00e1lez, R. (2021). Acci\u00f3n colectiva durante la crisis pand\u00e9mica en Espa\u00f1a (2020-2021) (en l\u00ednea) <a href=\"http:\/\/www.fundacionbetiko.org\">www.fundacionbetiko.org<\/a>&nbsp;&nbsp;&nbsp;&nbsp;&nbsp;&nbsp;&nbsp;<\/p>\n\n\n\n<p>Melucci, A. (1989). <em>Nomads of the Present: Social Movements and Individual Needs in Contemporary Society<\/em>. California: Hutchinson Radius.<\/p>\n\n\n\n<p>McAdam, D. (1988). <em>Freedom Summer<\/em>. New York: Oxford University Press.<\/p>\n\n\n\n<p>Nel\u00b7lo, O., Blanco, I., Gom\u00e1. R. (Eds.) (2022). <em>El apoyo mutuo en tiempos de crisis. La solidaridad ciudadana durante la pandemia Covid-19<\/em>. Buenos Aires: CLACSO.<\/p>\n\n\n\n<p>Tangente (2022). Solidaridades de proximidad. Ayuda mutua y cuidados frente a la Covid-19. Informe de investigaci\u00f3n.<\/p>\n","protected":false},"excerpt":{"rendered":"<p>30\/05\/2022 &#8211; Gomer Betancor Nuez (UNED) Desde la irrupci\u00f3n de la pandemia en marzo de 2020, la limitaci\u00f3n de aforos y de movilidad restringieron mucho la libre circulaci\u00f3n en la calle y, por tanto, la acci\u00f3n de los movimientos sociales (uno de cuyos rasgos definitorios, y m\u00e1s desde el Ciclo 15M, es la ocupaci\u00f3n del<\/p>\n<div class=\"read-more\"><a href=\"https:\/\/blogs.uned.es\/gesp\/que-impacto-ha-tenido-la-pandemia-en-los-activismos-juveniles-un-analisis-exploratorio-para-el-caso-espanol\/\" title=\"Leer M\u00e1s\">Leer M\u00e1s<\/a><\/div>\n","protected":false},"author":29,"featured_media":2027,"comment_status":"open","ping_status":"open","sticky":false,"template":"","format":"standard","meta":{"footnotes":""},"categories":[7,203,209],"tags":[77,135],"class_list":{"0":"post-2021","1":"post","2":"type-post","3":"status-publish","4":"format-standard","5":"has-post-thumbnail","7":"category-blog","8":"category-movilizaciones","9":"category-participacion","10":"tag-jovenes","11":"tag-participacion"},"yoast_head":"<!-- This site is optimized with the Yoast SEO plugin v27.2 - https:\/\/yoast.com\/product\/yoast-seo-wordpress\/ -->\n<title>\u00bfQu\u00e9 impacto ha tenido la pandemia en los activismos juveniles? Un an\u00e1lisis exploratorio para el caso espa\u00f1ol - Grupo de Estudios sobre Sociedad y Pol\u00edtica<\/title>\n<meta name=\"robots\" content=\"index, follow, max-snippet:-1, max-image-preview:large, max-video-preview:-1\" \/>\n<link rel=\"canonical\" href=\"https:\/\/blogs.uned.es\/gesp\/que-impacto-ha-tenido-la-pandemia-en-los-activismos-juveniles-un-analisis-exploratorio-para-el-caso-espanol\/\" \/>\n<meta property=\"og:locale\" content=\"es_ES\" \/>\n<meta property=\"og:type\" content=\"article\" \/>\n<meta property=\"og:title\" content=\"\u00bfQu\u00e9 impacto ha tenido la pandemia en los activismos juveniles? Un an\u00e1lisis exploratorio para el caso espa\u00f1ol - Grupo de Estudios sobre Sociedad y Pol\u00edtica\" \/>\n<meta property=\"og:description\" content=\"30\/05\/2022 &#8211; Gomer Betancor Nuez (UNED) Desde la irrupci\u00f3n de la pandemia en marzo de 2020, la limitaci\u00f3n de aforos y de movilidad restringieron mucho la libre circulaci\u00f3n en la calle y, por tanto, la acci\u00f3n de los movimientos sociales (uno de cuyos rasgos definitorios, y m\u00e1s desde el Ciclo 15M, es la ocupaci\u00f3n delLeer M\u00e1s\" \/>\n<meta property=\"og:url\" content=\"https:\/\/blogs.uned.es\/gesp\/que-impacto-ha-tenido-la-pandemia-en-los-activismos-juveniles-un-analisis-exploratorio-para-el-caso-espanol\/\" \/>\n<meta property=\"og:site_name\" content=\"Grupo de Estudios sobre Sociedad y Pol\u00edtica\" \/>\n<meta property=\"article:published_time\" content=\"2022-05-30T07:08:06+00:00\" \/>\n<meta property=\"article:modified_time\" content=\"2022-05-30T07:08:08+00:00\" \/>\n<meta property=\"og:image\" content=\"https:\/\/blogs.uned.es\/gesp\/wp-content\/uploads\/sites\/21\/2022\/05\/pexels-photo-4613878.jpeg\" \/>\n\t<meta property=\"og:image:width\" content=\"1125\" \/>\n\t<meta property=\"og:image:height\" content=\"750\" \/>\n\t<meta property=\"og:image:type\" content=\"image\/jpeg\" \/>\n<meta name=\"author\" content=\"GESP\" \/>\n<meta name=\"twitter:card\" content=\"summary_large_image\" \/>\n<meta name=\"twitter:label1\" content=\"Escrito por\" \/>\n\t<meta name=\"twitter:data1\" content=\"GESP\" \/>\n\t<meta name=\"twitter:label2\" content=\"Tiempo de lectura\" \/>\n\t<meta name=\"twitter:data2\" content=\"14 minutos\" \/>\n<script type=\"application\/ld+json\" class=\"yoast-schema-graph\">{\"@context\":\"https:\/\/schema.org\",\"@graph\":[{\"@type\":\"Article\",\"@id\":\"https:\/\/blogs.uned.es\/gesp\/que-impacto-ha-tenido-la-pandemia-en-los-activismos-juveniles-un-analisis-exploratorio-para-el-caso-espanol\/#article\",\"isPartOf\":{\"@id\":\"https:\/\/blogs.uned.es\/gesp\/que-impacto-ha-tenido-la-pandemia-en-los-activismos-juveniles-un-analisis-exploratorio-para-el-caso-espanol\/\"},\"author\":{\"name\":\"GESP\",\"@id\":\"https:\/\/blogs.uned.es\/gesp\/#\/schema\/person\/ecd18a39405b70f35f53c2f5fed98526\"},\"headline\":\"\u00bfQu\u00e9 impacto ha tenido la pandemia en los activismos juveniles? Un an\u00e1lisis exploratorio para el caso espa\u00f1ol\",\"datePublished\":\"2022-05-30T07:08:06+00:00\",\"dateModified\":\"2022-05-30T07:08:08+00:00\",\"mainEntityOfPage\":{\"@id\":\"https:\/\/blogs.uned.es\/gesp\/que-impacto-ha-tenido-la-pandemia-en-los-activismos-juveniles-un-analisis-exploratorio-para-el-caso-espanol\/\"},\"wordCount\":2775,\"commentCount\":0,\"image\":{\"@id\":\"https:\/\/blogs.uned.es\/gesp\/que-impacto-ha-tenido-la-pandemia-en-los-activismos-juveniles-un-analisis-exploratorio-para-el-caso-espanol\/#primaryimage\"},\"thumbnailUrl\":\"https:\/\/blogs.uned.es\/gesp\/wp-content\/uploads\/sites\/21\/2022\/05\/pexels-photo-4613878.jpeg\",\"keywords\":[\"j\u00f3venes\",\"participaci\u00f3n\"],\"articleSection\":[\"BLOG\",\"Movilizaciones\",\"Participaci\u00f3n\"],\"inLanguage\":\"es\",\"potentialAction\":[{\"@type\":\"CommentAction\",\"name\":\"Comment\",\"target\":[\"https:\/\/blogs.uned.es\/gesp\/que-impacto-ha-tenido-la-pandemia-en-los-activismos-juveniles-un-analisis-exploratorio-para-el-caso-espanol\/#respond\"]}]},{\"@type\":\"WebPage\",\"@id\":\"https:\/\/blogs.uned.es\/gesp\/que-impacto-ha-tenido-la-pandemia-en-los-activismos-juveniles-un-analisis-exploratorio-para-el-caso-espanol\/\",\"url\":\"https:\/\/blogs.uned.es\/gesp\/que-impacto-ha-tenido-la-pandemia-en-los-activismos-juveniles-un-analisis-exploratorio-para-el-caso-espanol\/\",\"name\":\"\u00bfQu\u00e9 impacto ha tenido la pandemia en los activismos juveniles? Un an\u00e1lisis exploratorio para el caso espa\u00f1ol - Grupo de Estudios sobre Sociedad y Pol\u00edtica\",\"isPartOf\":{\"@id\":\"https:\/\/blogs.uned.es\/gesp\/#website\"},\"primaryImageOfPage\":{\"@id\":\"https:\/\/blogs.uned.es\/gesp\/que-impacto-ha-tenido-la-pandemia-en-los-activismos-juveniles-un-analisis-exploratorio-para-el-caso-espanol\/#primaryimage\"},\"image\":{\"@id\":\"https:\/\/blogs.uned.es\/gesp\/que-impacto-ha-tenido-la-pandemia-en-los-activismos-juveniles-un-analisis-exploratorio-para-el-caso-espanol\/#primaryimage\"},\"thumbnailUrl\":\"https:\/\/blogs.uned.es\/gesp\/wp-content\/uploads\/sites\/21\/2022\/05\/pexels-photo-4613878.jpeg\",\"datePublished\":\"2022-05-30T07:08:06+00:00\",\"dateModified\":\"2022-05-30T07:08:08+00:00\",\"author\":{\"@id\":\"https:\/\/blogs.uned.es\/gesp\/#\/schema\/person\/ecd18a39405b70f35f53c2f5fed98526\"},\"breadcrumb\":{\"@id\":\"https:\/\/blogs.uned.es\/gesp\/que-impacto-ha-tenido-la-pandemia-en-los-activismos-juveniles-un-analisis-exploratorio-para-el-caso-espanol\/#breadcrumb\"},\"inLanguage\":\"es\",\"potentialAction\":[{\"@type\":\"ReadAction\",\"target\":[\"https:\/\/blogs.uned.es\/gesp\/que-impacto-ha-tenido-la-pandemia-en-los-activismos-juveniles-un-analisis-exploratorio-para-el-caso-espanol\/\"]}]},{\"@type\":\"ImageObject\",\"inLanguage\":\"es\",\"@id\":\"https:\/\/blogs.uned.es\/gesp\/que-impacto-ha-tenido-la-pandemia-en-los-activismos-juveniles-un-analisis-exploratorio-para-el-caso-espanol\/#primaryimage\",\"url\":\"https:\/\/blogs.uned.es\/gesp\/wp-content\/uploads\/sites\/21\/2022\/05\/pexels-photo-4613878.jpeg\",\"contentUrl\":\"https:\/\/blogs.uned.es\/gesp\/wp-content\/uploads\/sites\/21\/2022\/05\/pexels-photo-4613878.jpeg\",\"width\":1125,\"height\":750},{\"@type\":\"BreadcrumbList\",\"@id\":\"https:\/\/blogs.uned.es\/gesp\/que-impacto-ha-tenido-la-pandemia-en-los-activismos-juveniles-un-analisis-exploratorio-para-el-caso-espanol\/#breadcrumb\",\"itemListElement\":[{\"@type\":\"ListItem\",\"position\":1,\"name\":\"Portada\",\"item\":\"https:\/\/blogs.uned.es\/gesp\/\"},{\"@type\":\"ListItem\",\"position\":2,\"name\":\"\u00bfQu\u00e9 impacto ha tenido la pandemia en los activismos juveniles? Un an\u00e1lisis exploratorio para el caso espa\u00f1ol\"}]},{\"@type\":\"WebSite\",\"@id\":\"https:\/\/blogs.uned.es\/gesp\/#website\",\"url\":\"https:\/\/blogs.uned.es\/gesp\/\",\"name\":\"Grupo de Estudios sobre Sociedad y Pol\u00edtica\",\"description\":\"P\u00e1gina web del Grupo de Estudios sobre Sociedad y Pol\u00edtica (GESP)\",\"potentialAction\":[{\"@type\":\"SearchAction\",\"target\":{\"@type\":\"EntryPoint\",\"urlTemplate\":\"https:\/\/blogs.uned.es\/gesp\/?s={search_term_string}\"},\"query-input\":{\"@type\":\"PropertyValueSpecification\",\"valueRequired\":true,\"valueName\":\"search_term_string\"}}],\"inLanguage\":\"es\"},{\"@type\":\"Person\",\"@id\":\"https:\/\/blogs.uned.es\/gesp\/#\/schema\/person\/ecd18a39405b70f35f53c2f5fed98526\",\"name\":\"GESP\",\"url\":\"https:\/\/blogs.uned.es\/gesp\/author\/jagil\/\"}]}<\/script>\n<!-- \/ Yoast SEO plugin. -->","yoast_head_json":{"title":"\u00bfQu\u00e9 impacto ha tenido la pandemia en los activismos juveniles? Un an\u00e1lisis exploratorio para el caso espa\u00f1ol - Grupo de Estudios sobre Sociedad y Pol\u00edtica","robots":{"index":"index","follow":"follow","max-snippet":"max-snippet:-1","max-image-preview":"max-image-preview:large","max-video-preview":"max-video-preview:-1"},"canonical":"https:\/\/blogs.uned.es\/gesp\/que-impacto-ha-tenido-la-pandemia-en-los-activismos-juveniles-un-analisis-exploratorio-para-el-caso-espanol\/","og_locale":"es_ES","og_type":"article","og_title":"\u00bfQu\u00e9 impacto ha tenido la pandemia en los activismos juveniles? Un an\u00e1lisis exploratorio para el caso espa\u00f1ol - Grupo de Estudios sobre Sociedad y Pol\u00edtica","og_description":"30\/05\/2022 &#8211; Gomer Betancor Nuez (UNED) Desde la irrupci\u00f3n de la pandemia en marzo de 2020, la limitaci\u00f3n de aforos y de movilidad restringieron mucho la libre circulaci\u00f3n en la calle y, por tanto, la acci\u00f3n de los movimientos sociales (uno de cuyos rasgos definitorios, y m\u00e1s desde el Ciclo 15M, es la ocupaci\u00f3n delLeer M\u00e1s","og_url":"https:\/\/blogs.uned.es\/gesp\/que-impacto-ha-tenido-la-pandemia-en-los-activismos-juveniles-un-analisis-exploratorio-para-el-caso-espanol\/","og_site_name":"Grupo de Estudios sobre Sociedad y Pol\u00edtica","article_published_time":"2022-05-30T07:08:06+00:00","article_modified_time":"2022-05-30T07:08:08+00:00","og_image":[{"width":1125,"height":750,"url":"https:\/\/blogs.uned.es\/gesp\/wp-content\/uploads\/sites\/21\/2022\/05\/pexels-photo-4613878.jpeg","type":"image\/jpeg"}],"author":"GESP","twitter_card":"summary_large_image","twitter_misc":{"Escrito por":"GESP","Tiempo de lectura":"14 minutos"},"schema":{"@context":"https:\/\/schema.org","@graph":[{"@type":"Article","@id":"https:\/\/blogs.uned.es\/gesp\/que-impacto-ha-tenido-la-pandemia-en-los-activismos-juveniles-un-analisis-exploratorio-para-el-caso-espanol\/#article","isPartOf":{"@id":"https:\/\/blogs.uned.es\/gesp\/que-impacto-ha-tenido-la-pandemia-en-los-activismos-juveniles-un-analisis-exploratorio-para-el-caso-espanol\/"},"author":{"name":"GESP","@id":"https:\/\/blogs.uned.es\/gesp\/#\/schema\/person\/ecd18a39405b70f35f53c2f5fed98526"},"headline":"\u00bfQu\u00e9 impacto ha tenido la pandemia en los activismos juveniles? Un an\u00e1lisis exploratorio para el caso espa\u00f1ol","datePublished":"2022-05-30T07:08:06+00:00","dateModified":"2022-05-30T07:08:08+00:00","mainEntityOfPage":{"@id":"https:\/\/blogs.uned.es\/gesp\/que-impacto-ha-tenido-la-pandemia-en-los-activismos-juveniles-un-analisis-exploratorio-para-el-caso-espanol\/"},"wordCount":2775,"commentCount":0,"image":{"@id":"https:\/\/blogs.uned.es\/gesp\/que-impacto-ha-tenido-la-pandemia-en-los-activismos-juveniles-un-analisis-exploratorio-para-el-caso-espanol\/#primaryimage"},"thumbnailUrl":"https:\/\/blogs.uned.es\/gesp\/wp-content\/uploads\/sites\/21\/2022\/05\/pexels-photo-4613878.jpeg","keywords":["j\u00f3venes","participaci\u00f3n"],"articleSection":["BLOG","Movilizaciones","Participaci\u00f3n"],"inLanguage":"es","potentialAction":[{"@type":"CommentAction","name":"Comment","target":["https:\/\/blogs.uned.es\/gesp\/que-impacto-ha-tenido-la-pandemia-en-los-activismos-juveniles-un-analisis-exploratorio-para-el-caso-espanol\/#respond"]}]},{"@type":"WebPage","@id":"https:\/\/blogs.uned.es\/gesp\/que-impacto-ha-tenido-la-pandemia-en-los-activismos-juveniles-un-analisis-exploratorio-para-el-caso-espanol\/","url":"https:\/\/blogs.uned.es\/gesp\/que-impacto-ha-tenido-la-pandemia-en-los-activismos-juveniles-un-analisis-exploratorio-para-el-caso-espanol\/","name":"\u00bfQu\u00e9 impacto ha tenido la pandemia en los activismos juveniles? Un an\u00e1lisis exploratorio para el caso espa\u00f1ol - Grupo de Estudios sobre Sociedad y Pol\u00edtica","isPartOf":{"@id":"https:\/\/blogs.uned.es\/gesp\/#website"},"primaryImageOfPage":{"@id":"https:\/\/blogs.uned.es\/gesp\/que-impacto-ha-tenido-la-pandemia-en-los-activismos-juveniles-un-analisis-exploratorio-para-el-caso-espanol\/#primaryimage"},"image":{"@id":"https:\/\/blogs.uned.es\/gesp\/que-impacto-ha-tenido-la-pandemia-en-los-activismos-juveniles-un-analisis-exploratorio-para-el-caso-espanol\/#primaryimage"},"thumbnailUrl":"https:\/\/blogs.uned.es\/gesp\/wp-content\/uploads\/sites\/21\/2022\/05\/pexels-photo-4613878.jpeg","datePublished":"2022-05-30T07:08:06+00:00","dateModified":"2022-05-30T07:08:08+00:00","author":{"@id":"https:\/\/blogs.uned.es\/gesp\/#\/schema\/person\/ecd18a39405b70f35f53c2f5fed98526"},"breadcrumb":{"@id":"https:\/\/blogs.uned.es\/gesp\/que-impacto-ha-tenido-la-pandemia-en-los-activismos-juveniles-un-analisis-exploratorio-para-el-caso-espanol\/#breadcrumb"},"inLanguage":"es","potentialAction":[{"@type":"ReadAction","target":["https:\/\/blogs.uned.es\/gesp\/que-impacto-ha-tenido-la-pandemia-en-los-activismos-juveniles-un-analisis-exploratorio-para-el-caso-espanol\/"]}]},{"@type":"ImageObject","inLanguage":"es","@id":"https:\/\/blogs.uned.es\/gesp\/que-impacto-ha-tenido-la-pandemia-en-los-activismos-juveniles-un-analisis-exploratorio-para-el-caso-espanol\/#primaryimage","url":"https:\/\/blogs.uned.es\/gesp\/wp-content\/uploads\/sites\/21\/2022\/05\/pexels-photo-4613878.jpeg","contentUrl":"https:\/\/blogs.uned.es\/gesp\/wp-content\/uploads\/sites\/21\/2022\/05\/pexels-photo-4613878.jpeg","width":1125,"height":750},{"@type":"BreadcrumbList","@id":"https:\/\/blogs.uned.es\/gesp\/que-impacto-ha-tenido-la-pandemia-en-los-activismos-juveniles-un-analisis-exploratorio-para-el-caso-espanol\/#breadcrumb","itemListElement":[{"@type":"ListItem","position":1,"name":"Portada","item":"https:\/\/blogs.uned.es\/gesp\/"},{"@type":"ListItem","position":2,"name":"\u00bfQu\u00e9 impacto ha tenido la pandemia en los activismos juveniles? Un an\u00e1lisis exploratorio para el caso espa\u00f1ol"}]},{"@type":"WebSite","@id":"https:\/\/blogs.uned.es\/gesp\/#website","url":"https:\/\/blogs.uned.es\/gesp\/","name":"Grupo de Estudios sobre Sociedad y Pol\u00edtica","description":"P\u00e1gina web del Grupo de Estudios sobre Sociedad y Pol\u00edtica (GESP)","potentialAction":[{"@type":"SearchAction","target":{"@type":"EntryPoint","urlTemplate":"https:\/\/blogs.uned.es\/gesp\/?s={search_term_string}"},"query-input":{"@type":"PropertyValueSpecification","valueRequired":true,"valueName":"search_term_string"}}],"inLanguage":"es"},{"@type":"Person","@id":"https:\/\/blogs.uned.es\/gesp\/#\/schema\/person\/ecd18a39405b70f35f53c2f5fed98526","name":"GESP","url":"https:\/\/blogs.uned.es\/gesp\/author\/jagil\/"}]}},"_links":{"self":[{"href":"https:\/\/blogs.uned.es\/gesp\/wp-json\/wp\/v2\/posts\/2021","targetHints":{"allow":["GET"]}}],"collection":[{"href":"https:\/\/blogs.uned.es\/gesp\/wp-json\/wp\/v2\/posts"}],"about":[{"href":"https:\/\/blogs.uned.es\/gesp\/wp-json\/wp\/v2\/types\/post"}],"author":[{"embeddable":true,"href":"https:\/\/blogs.uned.es\/gesp\/wp-json\/wp\/v2\/users\/29"}],"replies":[{"embeddable":true,"href":"https:\/\/blogs.uned.es\/gesp\/wp-json\/wp\/v2\/comments?post=2021"}],"version-history":[{"count":1,"href":"https:\/\/blogs.uned.es\/gesp\/wp-json\/wp\/v2\/posts\/2021\/revisions"}],"predecessor-version":[{"id":2029,"href":"https:\/\/blogs.uned.es\/gesp\/wp-json\/wp\/v2\/posts\/2021\/revisions\/2029"}],"wp:featuredmedia":[{"embeddable":true,"href":"https:\/\/blogs.uned.es\/gesp\/wp-json\/wp\/v2\/media\/2027"}],"wp:attachment":[{"href":"https:\/\/blogs.uned.es\/gesp\/wp-json\/wp\/v2\/media?parent=2021"}],"wp:term":[{"taxonomy":"category","embeddable":true,"href":"https:\/\/blogs.uned.es\/gesp\/wp-json\/wp\/v2\/categories?post=2021"},{"taxonomy":"post_tag","embeddable":true,"href":"https:\/\/blogs.uned.es\/gesp\/wp-json\/wp\/v2\/tags?post=2021"}],"curies":[{"name":"wp","href":"https:\/\/api.w.org\/{rel}","templated":true}]}}