{"id":1959,"date":"2022-04-04T08:59:18","date_gmt":"2022-04-04T08:59:18","guid":{"rendered":"https:\/\/blogs.uned.es\/gesp\/?p=1959"},"modified":"2022-04-04T11:05:56","modified_gmt":"2022-04-04T11:05:56","slug":"poner-la-mirada-en-las-articulaciones","status":"publish","type":"post","link":"https:\/\/blogs.uned.es\/gesp\/poner-la-mirada-en-las-articulaciones\/","title":{"rendered":"Poner la mirada en las articulaciones"},"content":{"rendered":"\n<p>04\/04\/2022 &#8211; Patricia Garc\u00eda-Esp\u00edn (UGR)<\/p>\n\n\n\n<p>Cuando analizamos la participaci\u00f3n en entidades asociativas, en movimientos sociales o, incluso, en instituciones de tipo municipal solemos poner el foco en las dimensiones de la cultura pol\u00edtica, en el dise\u00f1o organizativo o en la desigualdad de recursos entre los agentes que toman parte.<\/p>\n\n\n\n<p>Desde el primer enfoque, la implicaci\u00f3n se entiende a partir de los significados culturales que los sujetos comparten o disputan. Nos referimos a los rasgos de su identidad, sus conflictos, los discursos que movilizan en torno a una causa, las motivaciones, sentimientos o actitudes hacia los hechos pol\u00edticos. Esta aproximaci\u00f3n se concentra en la cultura pol\u00edtica, en lo simb\u00f3lico y lo discursivo. Podr\u00edamos ejemplificarla a trav\u00e9s de los estudios de los marcos de injusticia de Gamson (1992) y su relaci\u00f3n con el papel de la prensa, la cultura popular o la experiencia personal cotidiana.<\/p>\n\n\n\n<p>Desde el segundo enfoque centrado en la cuesti\u00f3n organizativa, la implicaci\u00f3n se aborda a partir del entramado de \u00f3rganos, estructuras, relaciones formales e informales y pr\u00e1cticas deliberativas entre los miembros de un colectivo. Por ejemplo, Paul Lichterman (1998) en \u201cWhat do movements mean?\u201d examina lo que se entiende por democracia en distintos grupos. Mientras que para unos se trata de estructuras jerarquizadas con pr\u00e1cticas de debate y acuerdos sobre unos objetivos comunes, en otros casos se prioriza el trabajo asambleario y horizontal. Algo similar nos muestra Francesca Polletta en <em>Fredom is an endless meeting<\/em>. La observaci\u00f3n minuciosa de las pr\u00e1cticas organizativas revela aspectos de la actividad sociopol\u00edtica que los discursos no necesariamente expresan.<\/p>\n\n\n\n<p>Un tercer enfoque es el que prioriza el an\u00e1lisis de los recursos para la movilizaci\u00f3n. Se entiende as\u00ed que las organizaciones y los espacios participativos demandan una serie de recursos sociopol\u00edticos que permiten a algunas personas prosperar con mayor facilidad; tambi\u00e9n generan bienes colectivos que son socializados. Podr\u00edamos pensar aqu\u00ed en la obra cl\u00e1sica de Verba, Schlozman y Brady (<em>Voice &amp; Equality<\/em>, 1995) y su modelo del voluntarismo c\u00edvico que nos recuerda la existencia de algunos bienes especiales -y distribuidos desigualmente &#8211; como el dinero, el tiempo libre, el inter\u00e9s pol\u00edtico o los contactos, que predisponen en mayor o menor grado al involucramiento.<\/p>\n\n\n\n<p>Estas tres perspectivas ofrecen marcos te\u00f3ricos generales para entender la participaci\u00f3n sociopol\u00edtica en sus modalidades no electorales, es decir, aquellas con una estructura de costes exigente. Sin embargo, el campo de la investigaci\u00f3n no acaba ah\u00ed y es plausible pensar en otros modelos adicionales. Me refiero aqu\u00ed concretamente al enfoque de las articulaciones que desarrollo con m\u00e1s detalle en el libro \u201c<a href=\"https:\/\/libreria.cis.es\/libros\/las-articulaciones-de-la-participacion\/9788474768633\/\">Las articulaciones de la participaci\u00f3n<\/a>\u201d (2021).<\/p>\n\n\n\n<p><em><strong>El concepto<\/strong><\/em><\/p>\n\n\n\n<p>El concepto de articulaci\u00f3n hace referencia a los v\u00ednculos, ligaduras o lazos de la implicaci\u00f3n sociopol\u00edtica con otras regiones de la vida social, particularmente el trabajo, el hogar y el ocio. Esta noci\u00f3n no es completamente nueva (de hecho, ocupa un lugar destacado en el modelo del voluntarismo c\u00edvico), pero subraya una dimensi\u00f3n poco explorada a pesar de su trascendencia. Implica poner la mirada sobre esos intersticios que vinculan la actividad sociopol\u00edtica con esos \u201cotros lugares\u201d vitales a los que dedicamos buena parte de la jornada.<\/p>\n\n\n\n<p>La idea de articulaci\u00f3n tiene or\u00edgenes antiguos. Podr\u00edamos decir que Alexis de Tocqueville en su <em>Democracia en Am\u00e9rica<\/em> (1835) hace una clara apuesta por entender esas articulaciones, sobre todo entre la institucionalidad pol\u00edtica y la vida econ\u00f3mica. El autor se preguntaba, por ejemplo \u201c\u00bfC\u00f3mo afecta la modalidad de gobierno a los salarios, a la vivienda o la igualdad entre hombres y mujeres?\u201d, girando su atenci\u00f3n hacia esos cruces de lo pol\u00edtico con otras instancias vitales.<\/p>\n\n\n\n<p>Pero es claramente el marxismo de los a\u00f1os setenta en adelante el que pone la bombilla sobre el concepto de articulaci\u00f3n (Poulatzas, 1972; Therborn, 2015). Stuart Hall (1996), por ejemplo, la define como una \u201cuna met\u00e1fora usada para indicar las relaciones de vinculaci\u00f3n y efectividad entre diferentes niveles\u201d. Tambi\u00e9n como el conjunto de \u201cmecanismos\u201d que conectan instancias sociales formando una unidad compleja. Esta puede ser representada como un \u201cveh\u00edculo articulado\u201d cuyas piezas de inserci\u00f3n conviene examinar. As\u00ed, esta herramienta conceptual es valiosa si queremos abordar el amarre de la acci\u00f3n participativa con \u201clas condiciones materiales de existencia\u201d, con la producci\u00f3n y reproducci\u00f3n de la vida, si bien las formas de amarre no son sencillas, ni evidentes a priori.<\/p>\n\n\n\n<p>El feminismo tambi\u00e9n ha desarrollado esta noci\u00f3n al estudiar c\u00f3mo la implicaci\u00f3n pol\u00edtica se compatibiliza con las responsabilidades dom\u00e9sticas, en lo que Marina Sagastizabal (2019) ha denominado \u201cla triple presencia\u201d de las mujeres. Las articulaciones son entendidas aqu\u00ed c\u00f3mo la posibilidad de compaginar (o no) la carga dom\u00e9stica con una vida pol\u00edtica activa. Engloban estrategias de conciliaci\u00f3n, compartir la tarea con otros familiares (sobre todo mujeres), la organizaci\u00f3n minuciosa del horario y las tareas, la autodisciplina en su realizaci\u00f3n, la resistencia ante la fatiga\u2026 Estrategias de articulaci\u00f3n casi siempre dif\u00edciles.<\/p>\n\n\n\n<p>Finalmente, Bourdieu (1981) y su teor\u00eda de la dominaci\u00f3n pol\u00edtica tambi\u00e9n ayuda a perfilar ese modelo de an\u00e1lisis concentrado en las articulaciones. Para este autor, los capitales (bienes especiales asociados a un campo) viajan y circulan entre espacios de acci\u00f3n diferentes. A modo de ilustraci\u00f3n, las competencias, saberes o contactos que se adquieren en el mundo de los negocios pueden usarse con enorme rentabilidad en lo pol\u00edtico. Esas competencias y recursos viajan, modific\u00e1ndose por el camino y adapt\u00e1ndose a las reglas del nuevo escenario. Bourdieu aporta una visi\u00f3n de las articulaciones como proceso de circulaci\u00f3n de competencias entre unos espacios sociales y otros.<\/p>\n\n\n\n<p><em><strong>Encajes cotidianos e hist\u00f3ricos<\/strong><\/em><\/p>\n\n\n\n<p>Al final, estas herramientas te\u00f3ricas nos llevan a pensar la implicaci\u00f3n sociopol\u00edtica como ese \u201cveh\u00edculo articulado\u201d de Hall, que debe encajar de alguna manera con el trabajo retribuido, la carga dom\u00e9stica y el ocio. Pero esos encajes tienen dos caracter\u00edsticas: <em>a) <\/em>se dan en el d\u00eda a d\u00eda, en nuestras pr\u00e1cticas cotidianas y <em>b)<\/em> son radicalmente hist\u00f3ricos, var\u00edan seg\u00fan la \u00e9poca. En este sentido, cabe hacer algunas consideraciones sobre las articulaciones actuales.<\/p>\n\n\n\n<p>Primero, en cuanto al trabajo retribuido, no debemos olvidar que ocupa entre 7,7 y 6,7 horas de media entre las personas adultas en situaci\u00f3n de empleo,<a href=\"#_ftn1\" id=\"_ftnref1\">[1]<\/a> es decir, alrededor de un tercio de la jornada (de lunes a viernes) y con un creciente peso de los desplazamientos. \u00bfC\u00f3mo se conecta, entonces, con la implicaci\u00f3n? Pues bien, al menos en el caso de la participaci\u00f3n comunitaria de tipo institucional que yo he observado con especial atenci\u00f3n, vemos el gran valor que se otorga a las competencias de tipo profesional, t\u00e9cnico y\/o burocr\u00e1tico asociadas a oficios con elevada certificaci\u00f3n escolar (por ej.: la abogac\u00eda). Esas habilidades tienden a viajar al escenario participativo deparando posiciones dominantes. Otra observaci\u00f3n es el mejor encaje de la implicaci\u00f3n con trabajos de horario flexible y gestionados con autonom\u00eda. Estos v\u00ednculos nos alertan sobre la dificultad de tomar parte cuando se tienen horarios extensos, inflexibles y en oficios actualmente menos prestigiados.<\/p>\n\n\n\n<p>Segundo, aunque numerosos estudios ponen de relieve el problema de conciliar los cuidados y una participaci\u00f3n sociopol\u00edtica activa, tambi\u00e9n identificamos estrategias y propuestas que desmienten que esa tensi\u00f3n sea inevitable. En el caso estudiado de los concejos abiertos alaveses, por ejemplo, se expon\u00eda la necesidad de servicios de atenci\u00f3n a la dependencia flexibles y fiables que permitieran liberar tiempo a las personas con esas responsabilidades. Pensemos, por ejemplo, en la creaci\u00f3n de una red flexible de profesionales de cuidados, a la que pudiera acudirse para actividades de participaci\u00f3n. \u00bfPor qu\u00e9 no podr\u00eda existir ese servicio de manera profesionalizada, con garant\u00edas y acreditado por las instituciones p\u00fablicas?<\/p>\n\n\n\n<p>Menos problem\u00e1tica es, finalmente, la articulaci\u00f3n con el tiempo de ocio. De hecho, de manera recurrente observamos que participar da lugar a relaciones amistosas, v\u00ednculos de confianza, de apoyo mutuo y contactos sociales. Tambi\u00e9n produce otras actividades de ocio adicionales (pensemos, por ejemplo, en la asociaci\u00f3n de vecinos\/as que consigue que el Ayuntamiento habilite un parque infantil o que se mantenga un festejo barrial). Los efectos relacionales y de ocio que resultan de la implicaci\u00f3n est\u00e1n adquiriendo creciente importancia, especialmente en el marco de unas sociedades que se perciben solitarias tanto en las ciudades como en el medio rural.<\/p>\n\n\n\n<p>En suma, cuando pensamos los fen\u00f3menos participativos conviene no solo analizarlos desde la cultura pol\u00edtica, las formas organizativas o los recursos para la acci\u00f3n, sino que tambi\u00e9n es provechoso poner la mirada en esos intersticios que unen la implicaci\u00f3n con la vida laboral, dom\u00e9stica y el recreo.<\/p>\n\n\n\n<p><strong>Bibliograf\u00eda<\/strong><\/p>\n\n\n\n<p>Bourdieu, Pierre. \u00abLa repr\u00e9sentation politique.\u00bb&nbsp;<em>Actes de la recherche en sciences sociales<\/em>&nbsp;36.1 (1981): 3-24.<\/p>\n\n\n\n<p>Gamson, William A., et al.&nbsp;<em>Talking politics<\/em>. Cambridge university press, 1992.<\/p>\n\n\n\n<p>Garc\u00eda-Esp\u00edn, Patricia.&nbsp;<em>Las articulaciones de la participaci\u00f3n: Una etnograf\u00eda de la democracia directa en concejos abiertos<\/em>. Vol. 324. CIS-Centro de Investigaciones Sociol\u00f3gicas, 2021.<\/p>\n\n\n\n<p>Hall, Stuart. \u201cRace, Articulation, and Societies Structured\u201d. En: <em>Baker, Houston A. et al. (1996). Black British cultural studies: A reader<\/em>. Chicago: University of Chicago Press.<\/p>\n\n\n\n<p>Lichterman, Paul. \u00abWhat do movements mean? The value of participant-observation.\u00bb&nbsp;<em>Qualitative Sociology<\/em>&nbsp;21.4 (1998): 401-418.<\/p>\n\n\n\n<p>Poulantzas, Nicos.&nbsp;<em>Poder pol\u00edtico y clases sociales en el Estado capitalista<\/em>. Siglo xxi, 1972.<\/p>\n\n\n\n<p>Sagastizabal, Marina. \u00abLa triple presencia. Un acercamiento a la participaci\u00f3n sociopol\u00edtica desde una perspectiva feminista.\u00bb&nbsp;<em>Pol\u00edtica y Sociedad<\/em>&nbsp;56.3 (2019): 779.<\/p>\n\n\n\n<p>Therborn, Goran. La ideolog\u00eda del poder y el poder de la ideolog\u00eda. Siglo XXI (Sociologia y pol\u00edtica), 2015.<\/p>\n\n\n\n<p>Tocqueville, Alexis de.&nbsp;<em>La democracia en Am\u00e9rica<\/em>. Fondo de Cultura Econ\u00f3mica, 2020 [1835].<\/p>\n\n\n\n<p>Verba, Sidney, Kay Lehman Schlozman, and Henry E. Brady.\u00a0<em>Voice and equality: Civic voluntarism in American politics<\/em>. Harvard University Press, 1995.<\/p>\n\n\n\n<p>Fuente foto: Juan Ram\u00f3n, Flickr 19\/07\/2013<\/p>\n\n\n\n<hr class=\"wp-block-separator\" \/>\n\n\n\n<hr class=\"wp-block-separator\" \/>\n\n\n\n<p><a href=\"#_ftnref1\" id=\"_ftn1\">[1]<\/a> Hombres y mujeres, respectivamente. Datos del INE, Encuesta de Poblaci\u00f3n Activa 2020.<\/p>\n","protected":false},"excerpt":{"rendered":"<p>04\/04\/2022 &#8211; Patricia Garc\u00eda-Esp\u00edn (UGR) Cuando analizamos la participaci\u00f3n en entidades asociativas, en movimientos sociales o, incluso, en instituciones de tipo municipal solemos poner el foco en las dimensiones de la cultura pol\u00edtica, en el dise\u00f1o organizativo o en la desigualdad de recursos entre los agentes que toman parte. Desde el primer enfoque, la implicaci\u00f3n<\/p>\n<div class=\"read-more\"><a href=\"https:\/\/blogs.uned.es\/gesp\/poner-la-mirada-en-las-articulaciones\/\" title=\"Leer M\u00e1s\">Leer M\u00e1s<\/a><\/div>\n","protected":false},"author":29,"featured_media":1961,"comment_status":"open","ping_status":"open","sticky":false,"template":"","format":"standard","meta":{"footnotes":""},"categories":[7,4],"tags":[],"class_list":{"0":"post-1959","1":"post","2":"type-post","3":"status-publish","4":"format-standard","5":"has-post-thumbnail","7":"category-blog","8":"category-sociologia-politica"},"yoast_head":"<!-- This site is optimized with the Yoast SEO plugin v27.2 - https:\/\/yoast.com\/product\/yoast-seo-wordpress\/ -->\n<title>Poner la mirada en las articulaciones - Grupo de Estudios sobre Sociedad y Pol\u00edtica<\/title>\n<meta name=\"robots\" content=\"index, follow, max-snippet:-1, max-image-preview:large, max-video-preview:-1\" \/>\n<link rel=\"canonical\" href=\"https:\/\/blogs.uned.es\/gesp\/poner-la-mirada-en-las-articulaciones\/\" \/>\n<meta property=\"og:locale\" content=\"es_ES\" \/>\n<meta property=\"og:type\" content=\"article\" \/>\n<meta property=\"og:title\" content=\"Poner la mirada en las articulaciones - Grupo de Estudios sobre Sociedad y Pol\u00edtica\" \/>\n<meta property=\"og:description\" content=\"04\/04\/2022 &#8211; Patricia Garc\u00eda-Esp\u00edn (UGR) Cuando analizamos la participaci\u00f3n en entidades asociativas, en movimientos sociales o, incluso, en instituciones de tipo municipal solemos poner el foco en las dimensiones de la cultura pol\u00edtica, en el dise\u00f1o organizativo o en la desigualdad de recursos entre los agentes que toman parte. Desde el primer enfoque, la implicaci\u00f3nLeer M\u00e1s\" \/>\n<meta property=\"og:url\" content=\"https:\/\/blogs.uned.es\/gesp\/poner-la-mirada-en-las-articulaciones\/\" \/>\n<meta property=\"og:site_name\" content=\"Grupo de Estudios sobre Sociedad y Pol\u00edtica\" \/>\n<meta property=\"article:published_time\" content=\"2022-04-04T08:59:18+00:00\" \/>\n<meta property=\"article:modified_time\" content=\"2022-04-04T11:05:56+00:00\" \/>\n<meta property=\"og:image\" content=\"https:\/\/blogs.uned.es\/gesp\/wp-content\/uploads\/sites\/21\/2022\/04\/Articulacion.jpg\" \/>\n\t<meta property=\"og:image:width\" content=\"1023\" \/>\n\t<meta property=\"og:image:height\" content=\"696\" \/>\n\t<meta property=\"og:image:type\" content=\"image\/jpeg\" \/>\n<meta name=\"author\" content=\"GESP\" \/>\n<meta name=\"twitter:card\" content=\"summary_large_image\" \/>\n<meta name=\"twitter:label1\" content=\"Escrito por\" \/>\n\t<meta name=\"twitter:data1\" content=\"GESP\" \/>\n\t<meta name=\"twitter:label2\" content=\"Tiempo de lectura\" \/>\n\t<meta name=\"twitter:data2\" content=\"9 minutos\" \/>\n<script type=\"application\/ld+json\" class=\"yoast-schema-graph\">{\"@context\":\"https:\/\/schema.org\",\"@graph\":[{\"@type\":\"Article\",\"@id\":\"https:\/\/blogs.uned.es\/gesp\/poner-la-mirada-en-las-articulaciones\/#article\",\"isPartOf\":{\"@id\":\"https:\/\/blogs.uned.es\/gesp\/poner-la-mirada-en-las-articulaciones\/\"},\"author\":{\"name\":\"GESP\",\"@id\":\"https:\/\/blogs.uned.es\/gesp\/#\/schema\/person\/ecd18a39405b70f35f53c2f5fed98526\"},\"headline\":\"Poner la mirada en las articulaciones\",\"datePublished\":\"2022-04-04T08:59:18+00:00\",\"dateModified\":\"2022-04-04T11:05:56+00:00\",\"mainEntityOfPage\":{\"@id\":\"https:\/\/blogs.uned.es\/gesp\/poner-la-mirada-en-las-articulaciones\/\"},\"wordCount\":1719,\"commentCount\":0,\"image\":{\"@id\":\"https:\/\/blogs.uned.es\/gesp\/poner-la-mirada-en-las-articulaciones\/#primaryimage\"},\"thumbnailUrl\":\"https:\/\/blogs.uned.es\/gesp\/wp-content\/uploads\/sites\/21\/2022\/04\/Articulacion.jpg\",\"articleSection\":[\"BLOG\",\"Sociolog\u00eda pol\u00edtica\"],\"inLanguage\":\"es\",\"potentialAction\":[{\"@type\":\"CommentAction\",\"name\":\"Comment\",\"target\":[\"https:\/\/blogs.uned.es\/gesp\/poner-la-mirada-en-las-articulaciones\/#respond\"]}]},{\"@type\":\"WebPage\",\"@id\":\"https:\/\/blogs.uned.es\/gesp\/poner-la-mirada-en-las-articulaciones\/\",\"url\":\"https:\/\/blogs.uned.es\/gesp\/poner-la-mirada-en-las-articulaciones\/\",\"name\":\"Poner la mirada en las articulaciones - Grupo de Estudios sobre Sociedad y Pol\u00edtica\",\"isPartOf\":{\"@id\":\"https:\/\/blogs.uned.es\/gesp\/#website\"},\"primaryImageOfPage\":{\"@id\":\"https:\/\/blogs.uned.es\/gesp\/poner-la-mirada-en-las-articulaciones\/#primaryimage\"},\"image\":{\"@id\":\"https:\/\/blogs.uned.es\/gesp\/poner-la-mirada-en-las-articulaciones\/#primaryimage\"},\"thumbnailUrl\":\"https:\/\/blogs.uned.es\/gesp\/wp-content\/uploads\/sites\/21\/2022\/04\/Articulacion.jpg\",\"datePublished\":\"2022-04-04T08:59:18+00:00\",\"dateModified\":\"2022-04-04T11:05:56+00:00\",\"author\":{\"@id\":\"https:\/\/blogs.uned.es\/gesp\/#\/schema\/person\/ecd18a39405b70f35f53c2f5fed98526\"},\"breadcrumb\":{\"@id\":\"https:\/\/blogs.uned.es\/gesp\/poner-la-mirada-en-las-articulaciones\/#breadcrumb\"},\"inLanguage\":\"es\",\"potentialAction\":[{\"@type\":\"ReadAction\",\"target\":[\"https:\/\/blogs.uned.es\/gesp\/poner-la-mirada-en-las-articulaciones\/\"]}]},{\"@type\":\"ImageObject\",\"inLanguage\":\"es\",\"@id\":\"https:\/\/blogs.uned.es\/gesp\/poner-la-mirada-en-las-articulaciones\/#primaryimage\",\"url\":\"https:\/\/blogs.uned.es\/gesp\/wp-content\/uploads\/sites\/21\/2022\/04\/Articulacion.jpg\",\"contentUrl\":\"https:\/\/blogs.uned.es\/gesp\/wp-content\/uploads\/sites\/21\/2022\/04\/Articulacion.jpg\",\"width\":1023,\"height\":696},{\"@type\":\"BreadcrumbList\",\"@id\":\"https:\/\/blogs.uned.es\/gesp\/poner-la-mirada-en-las-articulaciones\/#breadcrumb\",\"itemListElement\":[{\"@type\":\"ListItem\",\"position\":1,\"name\":\"Portada\",\"item\":\"https:\/\/blogs.uned.es\/gesp\/\"},{\"@type\":\"ListItem\",\"position\":2,\"name\":\"Poner la mirada en las articulaciones\"}]},{\"@type\":\"WebSite\",\"@id\":\"https:\/\/blogs.uned.es\/gesp\/#website\",\"url\":\"https:\/\/blogs.uned.es\/gesp\/\",\"name\":\"Grupo de Estudios sobre Sociedad y Pol\u00edtica\",\"description\":\"P\u00e1gina web del Grupo de Estudios sobre Sociedad y Pol\u00edtica (GESP)\",\"potentialAction\":[{\"@type\":\"SearchAction\",\"target\":{\"@type\":\"EntryPoint\",\"urlTemplate\":\"https:\/\/blogs.uned.es\/gesp\/?s={search_term_string}\"},\"query-input\":{\"@type\":\"PropertyValueSpecification\",\"valueRequired\":true,\"valueName\":\"search_term_string\"}}],\"inLanguage\":\"es\"},{\"@type\":\"Person\",\"@id\":\"https:\/\/blogs.uned.es\/gesp\/#\/schema\/person\/ecd18a39405b70f35f53c2f5fed98526\",\"name\":\"GESP\",\"url\":\"https:\/\/blogs.uned.es\/gesp\/author\/jagil\/\"}]}<\/script>\n<!-- \/ Yoast SEO plugin. -->","yoast_head_json":{"title":"Poner la mirada en las articulaciones - Grupo de Estudios sobre Sociedad y Pol\u00edtica","robots":{"index":"index","follow":"follow","max-snippet":"max-snippet:-1","max-image-preview":"max-image-preview:large","max-video-preview":"max-video-preview:-1"},"canonical":"https:\/\/blogs.uned.es\/gesp\/poner-la-mirada-en-las-articulaciones\/","og_locale":"es_ES","og_type":"article","og_title":"Poner la mirada en las articulaciones - Grupo de Estudios sobre Sociedad y Pol\u00edtica","og_description":"04\/04\/2022 &#8211; Patricia Garc\u00eda-Esp\u00edn (UGR) Cuando analizamos la participaci\u00f3n en entidades asociativas, en movimientos sociales o, incluso, en instituciones de tipo municipal solemos poner el foco en las dimensiones de la cultura pol\u00edtica, en el dise\u00f1o organizativo o en la desigualdad de recursos entre los agentes que toman parte. Desde el primer enfoque, la implicaci\u00f3nLeer M\u00e1s","og_url":"https:\/\/blogs.uned.es\/gesp\/poner-la-mirada-en-las-articulaciones\/","og_site_name":"Grupo de Estudios sobre Sociedad y Pol\u00edtica","article_published_time":"2022-04-04T08:59:18+00:00","article_modified_time":"2022-04-04T11:05:56+00:00","og_image":[{"width":1023,"height":696,"url":"https:\/\/blogs.uned.es\/gesp\/wp-content\/uploads\/sites\/21\/2022\/04\/Articulacion.jpg","type":"image\/jpeg"}],"author":"GESP","twitter_card":"summary_large_image","twitter_misc":{"Escrito por":"GESP","Tiempo de lectura":"9 minutos"},"schema":{"@context":"https:\/\/schema.org","@graph":[{"@type":"Article","@id":"https:\/\/blogs.uned.es\/gesp\/poner-la-mirada-en-las-articulaciones\/#article","isPartOf":{"@id":"https:\/\/blogs.uned.es\/gesp\/poner-la-mirada-en-las-articulaciones\/"},"author":{"name":"GESP","@id":"https:\/\/blogs.uned.es\/gesp\/#\/schema\/person\/ecd18a39405b70f35f53c2f5fed98526"},"headline":"Poner la mirada en las articulaciones","datePublished":"2022-04-04T08:59:18+00:00","dateModified":"2022-04-04T11:05:56+00:00","mainEntityOfPage":{"@id":"https:\/\/blogs.uned.es\/gesp\/poner-la-mirada-en-las-articulaciones\/"},"wordCount":1719,"commentCount":0,"image":{"@id":"https:\/\/blogs.uned.es\/gesp\/poner-la-mirada-en-las-articulaciones\/#primaryimage"},"thumbnailUrl":"https:\/\/blogs.uned.es\/gesp\/wp-content\/uploads\/sites\/21\/2022\/04\/Articulacion.jpg","articleSection":["BLOG","Sociolog\u00eda pol\u00edtica"],"inLanguage":"es","potentialAction":[{"@type":"CommentAction","name":"Comment","target":["https:\/\/blogs.uned.es\/gesp\/poner-la-mirada-en-las-articulaciones\/#respond"]}]},{"@type":"WebPage","@id":"https:\/\/blogs.uned.es\/gesp\/poner-la-mirada-en-las-articulaciones\/","url":"https:\/\/blogs.uned.es\/gesp\/poner-la-mirada-en-las-articulaciones\/","name":"Poner la mirada en las articulaciones - Grupo de Estudios sobre Sociedad y Pol\u00edtica","isPartOf":{"@id":"https:\/\/blogs.uned.es\/gesp\/#website"},"primaryImageOfPage":{"@id":"https:\/\/blogs.uned.es\/gesp\/poner-la-mirada-en-las-articulaciones\/#primaryimage"},"image":{"@id":"https:\/\/blogs.uned.es\/gesp\/poner-la-mirada-en-las-articulaciones\/#primaryimage"},"thumbnailUrl":"https:\/\/blogs.uned.es\/gesp\/wp-content\/uploads\/sites\/21\/2022\/04\/Articulacion.jpg","datePublished":"2022-04-04T08:59:18+00:00","dateModified":"2022-04-04T11:05:56+00:00","author":{"@id":"https:\/\/blogs.uned.es\/gesp\/#\/schema\/person\/ecd18a39405b70f35f53c2f5fed98526"},"breadcrumb":{"@id":"https:\/\/blogs.uned.es\/gesp\/poner-la-mirada-en-las-articulaciones\/#breadcrumb"},"inLanguage":"es","potentialAction":[{"@type":"ReadAction","target":["https:\/\/blogs.uned.es\/gesp\/poner-la-mirada-en-las-articulaciones\/"]}]},{"@type":"ImageObject","inLanguage":"es","@id":"https:\/\/blogs.uned.es\/gesp\/poner-la-mirada-en-las-articulaciones\/#primaryimage","url":"https:\/\/blogs.uned.es\/gesp\/wp-content\/uploads\/sites\/21\/2022\/04\/Articulacion.jpg","contentUrl":"https:\/\/blogs.uned.es\/gesp\/wp-content\/uploads\/sites\/21\/2022\/04\/Articulacion.jpg","width":1023,"height":696},{"@type":"BreadcrumbList","@id":"https:\/\/blogs.uned.es\/gesp\/poner-la-mirada-en-las-articulaciones\/#breadcrumb","itemListElement":[{"@type":"ListItem","position":1,"name":"Portada","item":"https:\/\/blogs.uned.es\/gesp\/"},{"@type":"ListItem","position":2,"name":"Poner la mirada en las articulaciones"}]},{"@type":"WebSite","@id":"https:\/\/blogs.uned.es\/gesp\/#website","url":"https:\/\/blogs.uned.es\/gesp\/","name":"Grupo de Estudios sobre Sociedad y Pol\u00edtica","description":"P\u00e1gina web del Grupo de Estudios sobre Sociedad y Pol\u00edtica (GESP)","potentialAction":[{"@type":"SearchAction","target":{"@type":"EntryPoint","urlTemplate":"https:\/\/blogs.uned.es\/gesp\/?s={search_term_string}"},"query-input":{"@type":"PropertyValueSpecification","valueRequired":true,"valueName":"search_term_string"}}],"inLanguage":"es"},{"@type":"Person","@id":"https:\/\/blogs.uned.es\/gesp\/#\/schema\/person\/ecd18a39405b70f35f53c2f5fed98526","name":"GESP","url":"https:\/\/blogs.uned.es\/gesp\/author\/jagil\/"}]}},"_links":{"self":[{"href":"https:\/\/blogs.uned.es\/gesp\/wp-json\/wp\/v2\/posts\/1959","targetHints":{"allow":["GET"]}}],"collection":[{"href":"https:\/\/blogs.uned.es\/gesp\/wp-json\/wp\/v2\/posts"}],"about":[{"href":"https:\/\/blogs.uned.es\/gesp\/wp-json\/wp\/v2\/types\/post"}],"author":[{"embeddable":true,"href":"https:\/\/blogs.uned.es\/gesp\/wp-json\/wp\/v2\/users\/29"}],"replies":[{"embeddable":true,"href":"https:\/\/blogs.uned.es\/gesp\/wp-json\/wp\/v2\/comments?post=1959"}],"version-history":[{"count":2,"href":"https:\/\/blogs.uned.es\/gesp\/wp-json\/wp\/v2\/posts\/1959\/revisions"}],"predecessor-version":[{"id":1979,"href":"https:\/\/blogs.uned.es\/gesp\/wp-json\/wp\/v2\/posts\/1959\/revisions\/1979"}],"wp:featuredmedia":[{"embeddable":true,"href":"https:\/\/blogs.uned.es\/gesp\/wp-json\/wp\/v2\/media\/1961"}],"wp:attachment":[{"href":"https:\/\/blogs.uned.es\/gesp\/wp-json\/wp\/v2\/media?parent=1959"}],"wp:term":[{"taxonomy":"category","embeddable":true,"href":"https:\/\/blogs.uned.es\/gesp\/wp-json\/wp\/v2\/categories?post=1959"},{"taxonomy":"post_tag","embeddable":true,"href":"https:\/\/blogs.uned.es\/gesp\/wp-json\/wp\/v2\/tags?post=1959"}],"curies":[{"name":"wp","href":"https:\/\/api.w.org\/{rel}","templated":true}]}}