{"id":1849,"date":"2021-12-30T08:33:39","date_gmt":"2021-12-30T08:33:39","guid":{"rendered":"https:\/\/blogs.uned.es\/gesp\/?p=1849"},"modified":"2021-12-31T09:35:55","modified_gmt":"2021-12-31T09:35:55","slug":"que-sera-de-los-activismos-juveniles-en-la-generacion-covid-una-decada-del-15m","status":"publish","type":"post","link":"https:\/\/blogs.uned.es\/gesp\/que-sera-de-los-activismos-juveniles-en-la-generacion-covid-una-decada-del-15m\/","title":{"rendered":"\u00bfQu\u00e9 ser\u00e1 de los activismos juveniles en la Generaci\u00f3n Covid?: una d\u00e9cada del 15M"},"content":{"rendered":"\n<p>30\/12\/2021 &#8211; Francisco Fern\u00e1ndez-Trujillo (UNED)<\/p>\n\n\n\n<p>En este a\u00f1o que se cumpl\u00edan 10 a\u00f1os del estallido del 15M se han publicado diferentes trabajos que trataban el propio Movimiento de los Indignados, as\u00ed como las consecuencias que tuvo sobre la movilizaci\u00f3n. Algunos de estos t\u00edtulos son <a href=\"https:\/\/www.bellaterra.coop\/es\/libros\/diez-anos-construyendo-ciudadania-en-movimiento-s\">Diez a\u00f1os construyendo ciudadan\u00eda en movimiento(s): El 15M y otras luchas hermanas<\/a>, coordinado por Gomer Betancor y Adriana Razquin; <a href=\"https:\/\/editorial.csic.es\/publicaciones\/libros\/13445\/0\/el-descontento-movilizador-cultura-y-discursos-sob.html\">El descontento movilizador: cultura y discursos sobre la pol\u00edtica en un marco de crisis (2011-2013)<\/a>, editado por Mar\u00eda Jes\u00fas Funes, Ernesto Ganuza y Patricia Garc\u00eda-Esp\u00edn; T<a href=\"https:\/\/www.gedisa.com\/ficha.aspx?idcol=1019&amp;cod=891054&amp;titulo=Tras-la-indignaci\u00f3n.-El-15M%3a-miradas-desde-el-presente&amp;aut=Monge,%20Cristina%20\/%20Bergua,%20Jos\u00e9%20\u00c1ngel%20\/%20Minguij\u00f3n%20Pablo,%20Jaime%20\/%20Pac%20Salas,%20David#.YcudeWjMLIU\">ras la indignaci\u00f3n. El 15M: miradas desde el presente<\/a> de Cristina Monge, Jos\u00e9 \u00c1ngel Bergua, Jaime Minguij\u00f3n y David Pac Salas; <a href=\"https:\/\/www.akal.com\/libro\/la-fuerza-de-los-debiles_51538\/\">La fuerza de los d\u00e9biles. El 15M en el laberinto espa\u00f1ol. Un ensayo sobre la eficacia pol\u00edtica<\/a> de Amador Fern\u00e1ndez Savater entre otros y numerosos art\u00edculos. Estas publicaciones han analizado c\u00f3mo este movimiento impact\u00f3 profundamente en las formas de movilizaci\u00f3n en Espa\u00f1a en m\u00faltiples aspectos y c\u00f3mo el activismo incorpor\u00f3 multitud de elementos novedosos en las formas, as\u00ed como su implicaci\u00f3n en t\u00e9rminos de ciclo, constituyendo un periodo duradero en el que los activismos aumentaron su presencia como elemento relevante en la vida pol\u00edtica, pero que tambi\u00e9n alteraron sus formas.<br>Una de las cuestiones tratadas como clave en este proceso es c\u00f3mo la presencia de la juventud en la movilizaci\u00f3n y su relaci\u00f3n con el activismo ha experimentado transformaciones. La incorporaci\u00f3n de nuevas generaciones a la movilizaci\u00f3n y el activismo pol\u00edtico y social en la \u00faltima d\u00e9cada ha llevado cambio de paradigma en la participaci\u00f3n pol\u00edtica juvenil marcado por lo masivo, especialmente en el momento del 15M y en los a\u00f1os inmediatos.<br>En esta entrada, abordamos a partir de datos estad\u00edsticos algunos de los cambios producidos desde el 2011 con el estallido del 15M hasta las movilizaciones recientes antes de la pandemia. Esto forma parte de una investigaci\u00f3n m\u00e1s amplia que se enmarca en el Proyecto de Investigaci\u00f3n titulado \u201cCompromisos sociopol\u00edticos y activismos juveniles en una sociedad individualizada. Formas, significados y procesos de transformaci\u00f3n\u201d, dirigido por Jorge Benedicto (UNED).<br>A trav\u00e9s de una exploraci\u00f3n estad\u00edstica de fuentes secundarias como son los bar\u00f3metros del Centro de Investigaciones Sociol\u00f3gicas (Estudio 3326 CIS del 2021), la European Social Survey (ESS 6 de 2012 y 9 de 2018) y la Encuesta Nacional de Juventud (Encuesta de Juventud de INJUVE de 2012, 2016 y 2020) hemos podido observar los primeros indicios con respecto a los diferentes aspectos de los cambios en el activismo juvenil en la \u00faltima d\u00e9cada y abordar la cuesti\u00f3n de la pandemia de la Covid como un hito que ha supuesto un elemento que haya marcado a la movilizaci\u00f3n de la juventud.<br>Esta exploraci\u00f3n aborda con datos estad\u00edsticos los cambios de tendencia mencionados anteriormente a lo largo de la d\u00e9cada. Como veremos, algunos de los cambios observables m\u00e1s relevantes son la adscripci\u00f3n y compromiso sociopol\u00edtico a la movilizaci\u00f3n, a trav\u00e9s la asistencia a manifestaciones o la pertenencia a movimientos sociales; el cambio de tendencia en la centralidad de los temas a los que se presta atenci\u00f3n; y las formas y v\u00edas del activismo, pasando a tener una presencia creciente el uso de las tecnolog\u00edas.<br>Con el 15M en 2011, los j\u00f3venes tomaron una gran relevancia en la movilizaci\u00f3n, especialmente en t\u00e9rminos comparativos con periodos anteriores, lo que supuso que estos nuevos activistas pusieran en cuesti\u00f3n las l\u00f3gicas y formas establecidas a trav\u00e9s de sus pr\u00e1cticas. Estas han estado marcadas por lo subjetivo, la utilizaci\u00f3n masiva de herramientas virtuales a la vez que se manten\u00edan las redes y espacios f\u00edsicos, la incorporaci\u00f3n de estilos novedosos de tomar el espacio p\u00fablico para visibilizar de cara a la poblaci\u00f3n sus demandas (D\u00edez y Lara\u00f1a 2017) y de posicionar en la agenda temas fundamentales para la juventud en el debate p\u00fablico. Esto pasaba por un aumento de la presencia de temas como la problem\u00e1tica de la vivienda digna, la renovaci\u00f3n de los movimientos feministas o abordar la precariedad laboral espec\u00edficamente para los y las j\u00f3venes y la frustraci\u00f3n de expectativas en t\u00e9rminos generacionales. De igual manera, este activismo juvenil con m\u00e1s presencia y diversificado ha implicado procesos que van m\u00e1s all\u00e1 de la propia incorporaci\u00f3n de nuevos activistas j\u00f3venes a la movilizaci\u00f3n como la innovaci\u00f3n pol\u00edtica, su inclusi\u00f3n en las instituciones pol\u00edticas, los cambios en los nuevos valores sociales insertos en las nuevas formas de participaci\u00f3n o la entrada de la tecnopol\u00edtica en la vida pol\u00edtica y social.<\/p>\n\n\n\n<figure class=\"wp-block-image size-full\"><img loading=\"lazy\" decoding=\"async\" width=\"590\" height=\"392\" src=\"https:\/\/blogs.uned.es\/gesp\/wp-content\/uploads\/sites\/21\/2021\/12\/image.png\" alt=\"\" class=\"wp-image-1851\" srcset=\"https:\/\/blogs.uned.es\/gesp\/wp-content\/uploads\/sites\/21\/2021\/12\/image.png 590w, https:\/\/blogs.uned.es\/gesp\/wp-content\/uploads\/sites\/21\/2021\/12\/image-300x199.png 300w\" sizes=\"auto, (max-width: 590px) 100vw, 590px\" \/><\/figure>\n\n\n\n<p>La fortaleza de las movilizaciones generada a partir del 15M en 2011 perdur\u00f3 en altos niveles hasta el a\u00f1o 2014, que debido a varios posibles motivos como la institucionalizaci\u00f3n del malestar con el llamado \u201cAsalto Institucional\u201d supondr\u00eda un descenso en los niveles de movilizaci\u00f3n. En esta entrada en las instituciones fue fundamental la composici\u00f3n y presencia juvenil de nuevos partidos y candidaturas, marcadas por la incorporaci\u00f3n de nuevas formas de comunicaci\u00f3n pol\u00edtica provenientes de los registros del activismo de los a\u00f1os anteriores.<br>Sin embargo, la relevancia de las reivindicaciones feministas, rasgo distintivo del 15M, no solo se mantuvo vigente, sino que fue ganando importancia incorpor\u00e1ndose a los elementos fundamentales de la pol\u00edtica institucional y en su presencia en las calles.<br>Si bien las percepciones y actitudes dadas durante estallido del 15M estaban marcadas por el descontento con las condiciones socioecon\u00f3micas de la crisis de 2008 y por un alto nivel de desconfianza institucional e insatisfacci\u00f3n con la gesti\u00f3n de la crisis (crisis econ\u00f3mica y crisis de representaci\u00f3n) eran fundamentales para entender, no eran los \u00fanicos factores. En este sentido, debemos tener en cuenta que la edad fue uno de los factores determinantes en la apertura del ciclo iniciado con el 15M. El perjuicio de esta situaci\u00f3n sobre la juventud fue determinante para llevarles a la indignaci\u00f3n y a una mayor insatisfacci\u00f3n con la situaci\u00f3n.<br>Con respecto al tipo de participaci\u00f3n pol\u00edtica vemos diferencias entre las formas que implican m\u00e1s compromiso (asistir a manifestaciones, participar en actividades ilegales de protesta, la huelga o enviar mensajes sobre temas pol\u00edticos a trav\u00e9s del m\u00f3vil, redes sociales) y las que podr\u00edamos considerar menos comprometidas (boicot, donar dinero, votar o participar en foros de discusi\u00f3n pol\u00edtica). En este sentido, entre los j\u00f3venes que dicen haber llevado a cabo acciones m\u00e1s t\u00edpicamente activistas o que implican m\u00e1s compromiso vemos que hay semejanzas en 2012 y 2019 y que bajan en 2016. Sin embargo, entre las menos comprometidas es mayor la frecuencia las y los j\u00f3venes que dicen haber participado a trav\u00e9s de acciones m\u00e1s comunicativas, como la utilizaci\u00f3n de redes sociales para mensajes pol\u00edticos o participaci\u00f3n en foros de discusi\u00f3n, y la participaci\u00f3n electoral.<\/p>\n\n\n\n<figure class=\"wp-block-image size-large\"><img loading=\"lazy\" decoding=\"async\" width=\"1024\" height=\"531\" src=\"https:\/\/blogs.uned.es\/gesp\/wp-content\/uploads\/sites\/21\/2021\/12\/image-1-1024x531.png\" alt=\"\" class=\"wp-image-1853\" srcset=\"https:\/\/blogs.uned.es\/gesp\/wp-content\/uploads\/sites\/21\/2021\/12\/image-1-1024x531.png 1024w, https:\/\/blogs.uned.es\/gesp\/wp-content\/uploads\/sites\/21\/2021\/12\/image-1-300x156.png 300w, https:\/\/blogs.uned.es\/gesp\/wp-content\/uploads\/sites\/21\/2021\/12\/image-1-768x399.png 768w, https:\/\/blogs.uned.es\/gesp\/wp-content\/uploads\/sites\/21\/2021\/12\/image-1.png 1239w\" sizes=\"auto, (max-width: 1024px) 100vw, 1024px\" \/><\/figure>\n\n\n\n<p>Durante los a\u00f1os anteriores a la pandemia, movilizaciones como el 8M o las huelgas feministas fueron un ejemplo de cambio en la acci\u00f3n colectiva feminista. En este sentido el empuje de las nuevas generaciones de feministas supuso una expansi\u00f3n de las demandas, discursos, organizaci\u00f3n y movilizaci\u00f3n, atravesando as\u00ed el feminismo otras problem\u00e1ticas como ocurr\u00eda en el 15M (Gald\u00f3n 2018).<\/p>\n\n\n\n<figure class=\"wp-block-image size-full\"><img loading=\"lazy\" decoding=\"async\" width=\"886\" height=\"365\" src=\"https:\/\/blogs.uned.es\/gesp\/wp-content\/uploads\/sites\/21\/2021\/12\/image-2.png\" alt=\"\" class=\"wp-image-1855\" srcset=\"https:\/\/blogs.uned.es\/gesp\/wp-content\/uploads\/sites\/21\/2021\/12\/image-2.png 886w, https:\/\/blogs.uned.es\/gesp\/wp-content\/uploads\/sites\/21\/2021\/12\/image-2-300x124.png 300w, https:\/\/blogs.uned.es\/gesp\/wp-content\/uploads\/sites\/21\/2021\/12\/image-2-768x316.png 768w\" sizes=\"auto, (max-width: 886px) 100vw, 886px\" \/><\/figure>\n\n\n\n<p>Esta nueva generaci\u00f3n ha tejido alianzas entre diferentes colectivos con una creciente presencia en el activismo y la movilizaci\u00f3n como son los colectivos feministas (como hemos visto), los LGTBI (Trujillo, 2016) o los movimientos en contra del cambio clim\u00e1tico (Soler-i-Mart\u00ed et al. 2020). En este sentido, asistimos a una reproblematizaci\u00f3n de dos temas fundamentales en los Nuevos Movimientos Sociales desde una nueva ola de los feminismos y la preocupaci\u00f3n por el clima y el medioambiente.<br>Sin embargo, con la llegada de la Covid y las medidas sanitarias establecidas en los dos \u00faltimos a\u00f1os asistimos a una nueva realidad. Entre otras muchas realidades, la pandemia tabi\u00e9n ha tenido consecuencias sobre el activismo debido a la crisis sanitaria, econ\u00f3mica e institucional. En este sentido cabe plantear si es probable la apertura de nuevos escenarios similares, diferentes o improbables de un nuevo ciclo de movilizaci\u00f3n. Si atendemos a la insatisfacci\u00f3n de los perfiles marcados por factores socioecon\u00f3micos, pol\u00edticos y sus actitudes que fueron determinantes en 2011, como la edad o el posicionamiento pol\u00edtico, nos planteamos la posibilidad de apertura de un nuevo proceso de movilizaci\u00f3n en el marco de la actual crisis.<\/p>\n\n\n\n<figure class=\"wp-block-image size-full\"><img loading=\"lazy\" decoding=\"async\" width=\"886\" height=\"349\" src=\"https:\/\/blogs.uned.es\/gesp\/wp-content\/uploads\/sites\/21\/2021\/12\/image-3.png\" alt=\"\" class=\"wp-image-1857\" srcset=\"https:\/\/blogs.uned.es\/gesp\/wp-content\/uploads\/sites\/21\/2021\/12\/image-3.png 886w, https:\/\/blogs.uned.es\/gesp\/wp-content\/uploads\/sites\/21\/2021\/12\/image-3-300x118.png 300w, https:\/\/blogs.uned.es\/gesp\/wp-content\/uploads\/sites\/21\/2021\/12\/image-3-768x303.png 768w\" sizes=\"auto, (max-width: 886px) 100vw, 886px\" \/><\/figure>\n\n\n\n<p>Atendiendo a los niveles medios de satisfacci\u00f3n sobre 10 puntos diferenciando entre mayores y menores de 30 a\u00f1os y en funci\u00f3n del posicionamiento pol\u00edtico, encontramos que entre la juventud de izquierdas (quienes m\u00e1s se movilizaron en el 15M) se muestran con mayores grados de insatisfacci\u00f3n especialmente con la democracia y con la situaci\u00f3n econ\u00f3mica personal, en otras palabras, quienes se muestran m\u00e1s descontento con la situaci\u00f3n generada con la actual crisis y que fueron elementos de relevancia en 2011 para el estallido del 15M.<\/p>\n\n\n\n<p>Algunas l\u00edneas que podemos extraer de los datos explorados es que la incorporaci\u00f3n de la juventud en la \u00faltima d\u00e9cada a la movilizaci\u00f3n ha sido fundamental, tanto en n\u00famero de j\u00f3venes que pasan a estar presentes en el activismo, como en su papel en los cambios de las formas. En el sentido de esto \u00faltimo, los activismos digitales se han reforzado, lo que las limitaciones de para eventos sociales que genera la pandemia COVID-19 consolida y hace proclive un activismo que sea llevado a cabo a trav\u00e9s de Internet y redes sociales.<br>Tambi\u00e9n vemos que en la cuesti\u00f3n de los temas que llevan a la movilizaci\u00f3n, los niveles de insatisfacci\u00f3n que llevan a la movilizaci\u00f3n est\u00e1n atravesados cada vez en mayor medida por cuestiones que han ido ganando un cada vez mayor peso, como solo el feminismo, las identidades y el cambio clim\u00e1tico. Estas \u00faltimas no tan presentes en las movilizaciones de 2011 y, sin embargo, siendo junto a las de los movimientos feministas las m\u00e1s importantes en el a\u00f1o antes de la pandemia, con las convocatorias contra la emergencia clim\u00e1tica protagonizada por j\u00f3venes.<\/p>\n\n\n\n<p>REFERENCIAS<\/p>\n\n\n\n<p>Benedicto, J. (Dir.). 2017. Informe Juventud en Espa\u00f1a 2016. Madrid: INJUVE.<br>Betancor, G. y D. Prieto. 2018. \u201cEl 15M y las juventudes: entrada y salida en los espacios activistas e impactos biogr\u00e1ficos del activismo\u201d.Pensamiento al Margen, 8: 161-190.<br>Centro de Investigaciones Sociol\u00f3gicas (CIS). 2021. Bar\u00f3metro 3326. Centro de Investigaciones Sociol\u00f3gicas.<br>D\u00edez, R. y E. Lara\u00f1a. 2017. Democracia, dignidad y movimientos sociales. El surgimiento de la cultura c\u00edvica y la irrupci\u00f3n de los \u00abindignados\u00bb en la vida p\u00fablica. Madrid: CIS.<br>European Social Survey (ESS). Oleada 6 y 9. Encuesta Social Europea.<br>Gald\u00f3n, C. 2018. \u201cCosmovisiones feministas en clave generacional. Del movimiento 15M a la Huelga Feminista del 8M\u201d. Encrucijadas: Revista Cr\u00edtica de Ciencias Sociales, 16: 1-26.<br>Gutierrez-Barroso, J.; A.J. B\u00e1ez-Garc\u00eda. y E. Torrado Mart\u00edn-Palomino. 2021. \u201cPolitical participation of macaronesian youth before the 2020 pandemic: The case of Las Palmas de Gran Canaria\u201d. Youth Voice Journal, vol. 11:1-22.<br>INJUVE. 2012. Informe de la Juventud de Espa\u00f1a 2012. Madrid: INJUVE.<br>INJUVE. 2016. Dataset del Informe de la Juventud de Espa\u00f1a 2016.<br>INJUVE. 2020. Dataset del Informe de la Juventud de Espa\u00f1a 2020.<br>P\u00e9res Diaz, M. T. (Dir.) 2021. Informe Juventud en Espa\u00f1a 2020. Madrid: INJUVE.<br>Soler-i-Mart\u00ed, R, M. Ferrer-Fons y L. Terren. 2020. \u201cThe interdependency of online and offline activism: A case study of Fridays For Future-Barcelona in the context of the COVID-19 lockdown\u201d. Hipertext.net, 21: 105-114. DOI: https:\/\/doi.org\/10.31009\/hipertext.net.2020.i21.09<br>Trujillo, G. 2016. La protesta dentro de la protesta. Activismos queer\/cuir y feministas en el 15M, Encrucijadas. Revista Cr\u00edtica de Ciencias Sociales, 12, a1202:1-18.<\/p>\n","protected":false},"excerpt":{"rendered":"<p>30\/12\/2021 &#8211; Francisco Fern\u00e1ndez-Trujillo (UNED) En este a\u00f1o que se cumpl\u00edan 10 a\u00f1os del estallido del 15M se han publicado diferentes trabajos que trataban el propio Movimiento de los Indignados, as\u00ed como las consecuencias que tuvo sobre la movilizaci\u00f3n. Algunos de estos t\u00edtulos son Diez a\u00f1os construyendo ciudadan\u00eda en movimiento(s): El 15M y otras luchas<\/p>\n<div class=\"read-more\"><a href=\"https:\/\/blogs.uned.es\/gesp\/que-sera-de-los-activismos-juveniles-en-la-generacion-covid-una-decada-del-15m\/\" title=\"Leer M\u00e1s\">Leer M\u00e1s<\/a><\/div>\n","protected":false},"author":29,"featured_media":1859,"comment_status":"open","ping_status":"open","sticky":false,"template":"","format":"standard","meta":{"footnotes":""},"categories":[7,203],"tags":[],"class_list":{"0":"post-1849","1":"post","2":"type-post","3":"status-publish","4":"format-standard","5":"has-post-thumbnail","7":"category-blog","8":"category-movilizaciones"},"yoast_head":"<!-- This site is optimized with the Yoast SEO plugin v27.2 - https:\/\/yoast.com\/product\/yoast-seo-wordpress\/ -->\n<title>\u00bfQu\u00e9 ser\u00e1 de los activismos juveniles en la Generaci\u00f3n Covid?: una d\u00e9cada del 15M - Grupo de Estudios sobre Sociedad y Pol\u00edtica<\/title>\n<meta name=\"robots\" content=\"index, follow, max-snippet:-1, max-image-preview:large, max-video-preview:-1\" \/>\n<link rel=\"canonical\" href=\"https:\/\/blogs.uned.es\/gesp\/que-sera-de-los-activismos-juveniles-en-la-generacion-covid-una-decada-del-15m\/\" \/>\n<meta property=\"og:locale\" content=\"es_ES\" \/>\n<meta property=\"og:type\" content=\"article\" \/>\n<meta property=\"og:title\" content=\"\u00bfQu\u00e9 ser\u00e1 de los activismos juveniles en la Generaci\u00f3n Covid?: una d\u00e9cada del 15M - Grupo de Estudios sobre Sociedad y Pol\u00edtica\" \/>\n<meta property=\"og:description\" content=\"30\/12\/2021 &#8211; Francisco Fern\u00e1ndez-Trujillo (UNED) En este a\u00f1o que se cumpl\u00edan 10 a\u00f1os del estallido del 15M se han publicado diferentes trabajos que trataban el propio Movimiento de los Indignados, as\u00ed como las consecuencias que tuvo sobre la movilizaci\u00f3n. Algunos de estos t\u00edtulos son Diez a\u00f1os construyendo ciudadan\u00eda en movimiento(s): El 15M y otras luchasLeer M\u00e1s\" \/>\n<meta property=\"og:url\" content=\"https:\/\/blogs.uned.es\/gesp\/que-sera-de-los-activismos-juveniles-en-la-generacion-covid-una-decada-del-15m\/\" \/>\n<meta property=\"og:site_name\" content=\"Grupo de Estudios sobre Sociedad y Pol\u00edtica\" \/>\n<meta property=\"article:published_time\" content=\"2021-12-30T08:33:39+00:00\" \/>\n<meta property=\"article:modified_time\" content=\"2021-12-31T09:35:55+00:00\" \/>\n<meta property=\"og:image\" content=\"https:\/\/blogs.uned.es\/gesp\/wp-content\/uploads\/sites\/21\/2021\/12\/15m-kFzH-U140308651046IdB-624x385@RC.jpg\" \/>\n\t<meta property=\"og:image:width\" content=\"624\" \/>\n\t<meta property=\"og:image:height\" content=\"384\" \/>\n\t<meta property=\"og:image:type\" content=\"image\/jpeg\" \/>\n<meta name=\"author\" content=\"GESP\" \/>\n<meta name=\"twitter:card\" content=\"summary_large_image\" \/>\n<meta name=\"twitter:label1\" content=\"Escrito por\" \/>\n\t<meta name=\"twitter:data1\" content=\"GESP\" \/>\n\t<meta name=\"twitter:label2\" content=\"Tiempo de lectura\" \/>\n\t<meta name=\"twitter:data2\" content=\"10 minutos\" \/>\n<script type=\"application\/ld+json\" class=\"yoast-schema-graph\">{\"@context\":\"https:\/\/schema.org\",\"@graph\":[{\"@type\":\"Article\",\"@id\":\"https:\/\/blogs.uned.es\/gesp\/que-sera-de-los-activismos-juveniles-en-la-generacion-covid-una-decada-del-15m\/#article\",\"isPartOf\":{\"@id\":\"https:\/\/blogs.uned.es\/gesp\/que-sera-de-los-activismos-juveniles-en-la-generacion-covid-una-decada-del-15m\/\"},\"author\":{\"name\":\"GESP\",\"@id\":\"https:\/\/blogs.uned.es\/gesp\/#\/schema\/person\/ecd18a39405b70f35f53c2f5fed98526\"},\"headline\":\"\u00bfQu\u00e9 ser\u00e1 de los activismos juveniles en la Generaci\u00f3n Covid?: una d\u00e9cada del 15M\",\"datePublished\":\"2021-12-30T08:33:39+00:00\",\"dateModified\":\"2021-12-31T09:35:55+00:00\",\"mainEntityOfPage\":{\"@id\":\"https:\/\/blogs.uned.es\/gesp\/que-sera-de-los-activismos-juveniles-en-la-generacion-covid-una-decada-del-15m\/\"},\"wordCount\":2040,\"commentCount\":0,\"image\":{\"@id\":\"https:\/\/blogs.uned.es\/gesp\/que-sera-de-los-activismos-juveniles-en-la-generacion-covid-una-decada-del-15m\/#primaryimage\"},\"thumbnailUrl\":\"https:\/\/blogs.uned.es\/gesp\/wp-content\/uploads\/sites\/21\/2021\/12\/15m-kFzH-U140308651046IdB-624x385@RC.jpg\",\"articleSection\":[\"BLOG\",\"Movilizaciones\"],\"inLanguage\":\"es\",\"potentialAction\":[{\"@type\":\"CommentAction\",\"name\":\"Comment\",\"target\":[\"https:\/\/blogs.uned.es\/gesp\/que-sera-de-los-activismos-juveniles-en-la-generacion-covid-una-decada-del-15m\/#respond\"]}]},{\"@type\":\"WebPage\",\"@id\":\"https:\/\/blogs.uned.es\/gesp\/que-sera-de-los-activismos-juveniles-en-la-generacion-covid-una-decada-del-15m\/\",\"url\":\"https:\/\/blogs.uned.es\/gesp\/que-sera-de-los-activismos-juveniles-en-la-generacion-covid-una-decada-del-15m\/\",\"name\":\"\u00bfQu\u00e9 ser\u00e1 de los activismos juveniles en la Generaci\u00f3n Covid?: una d\u00e9cada del 15M - Grupo de Estudios sobre Sociedad y Pol\u00edtica\",\"isPartOf\":{\"@id\":\"https:\/\/blogs.uned.es\/gesp\/#website\"},\"primaryImageOfPage\":{\"@id\":\"https:\/\/blogs.uned.es\/gesp\/que-sera-de-los-activismos-juveniles-en-la-generacion-covid-una-decada-del-15m\/#primaryimage\"},\"image\":{\"@id\":\"https:\/\/blogs.uned.es\/gesp\/que-sera-de-los-activismos-juveniles-en-la-generacion-covid-una-decada-del-15m\/#primaryimage\"},\"thumbnailUrl\":\"https:\/\/blogs.uned.es\/gesp\/wp-content\/uploads\/sites\/21\/2021\/12\/15m-kFzH-U140308651046IdB-624x385@RC.jpg\",\"datePublished\":\"2021-12-30T08:33:39+00:00\",\"dateModified\":\"2021-12-31T09:35:55+00:00\",\"author\":{\"@id\":\"https:\/\/blogs.uned.es\/gesp\/#\/schema\/person\/ecd18a39405b70f35f53c2f5fed98526\"},\"breadcrumb\":{\"@id\":\"https:\/\/blogs.uned.es\/gesp\/que-sera-de-los-activismos-juveniles-en-la-generacion-covid-una-decada-del-15m\/#breadcrumb\"},\"inLanguage\":\"es\",\"potentialAction\":[{\"@type\":\"ReadAction\",\"target\":[\"https:\/\/blogs.uned.es\/gesp\/que-sera-de-los-activismos-juveniles-en-la-generacion-covid-una-decada-del-15m\/\"]}]},{\"@type\":\"ImageObject\",\"inLanguage\":\"es\",\"@id\":\"https:\/\/blogs.uned.es\/gesp\/que-sera-de-los-activismos-juveniles-en-la-generacion-covid-una-decada-del-15m\/#primaryimage\",\"url\":\"https:\/\/blogs.uned.es\/gesp\/wp-content\/uploads\/sites\/21\/2021\/12\/15m-kFzH-U140308651046IdB-624x385@RC.jpg\",\"contentUrl\":\"https:\/\/blogs.uned.es\/gesp\/wp-content\/uploads\/sites\/21\/2021\/12\/15m-kFzH-U140308651046IdB-624x385@RC.jpg\",\"width\":624,\"height\":384},{\"@type\":\"BreadcrumbList\",\"@id\":\"https:\/\/blogs.uned.es\/gesp\/que-sera-de-los-activismos-juveniles-en-la-generacion-covid-una-decada-del-15m\/#breadcrumb\",\"itemListElement\":[{\"@type\":\"ListItem\",\"position\":1,\"name\":\"Portada\",\"item\":\"https:\/\/blogs.uned.es\/gesp\/\"},{\"@type\":\"ListItem\",\"position\":2,\"name\":\"\u00bfQu\u00e9 ser\u00e1 de los activismos juveniles en la Generaci\u00f3n Covid?: una d\u00e9cada del 15M\"}]},{\"@type\":\"WebSite\",\"@id\":\"https:\/\/blogs.uned.es\/gesp\/#website\",\"url\":\"https:\/\/blogs.uned.es\/gesp\/\",\"name\":\"Grupo de Estudios sobre Sociedad y Pol\u00edtica\",\"description\":\"P\u00e1gina web del Grupo de Estudios sobre Sociedad y Pol\u00edtica (GESP)\",\"potentialAction\":[{\"@type\":\"SearchAction\",\"target\":{\"@type\":\"EntryPoint\",\"urlTemplate\":\"https:\/\/blogs.uned.es\/gesp\/?s={search_term_string}\"},\"query-input\":{\"@type\":\"PropertyValueSpecification\",\"valueRequired\":true,\"valueName\":\"search_term_string\"}}],\"inLanguage\":\"es\"},{\"@type\":\"Person\",\"@id\":\"https:\/\/blogs.uned.es\/gesp\/#\/schema\/person\/ecd18a39405b70f35f53c2f5fed98526\",\"name\":\"GESP\",\"url\":\"https:\/\/blogs.uned.es\/gesp\/author\/jagil\/\"}]}<\/script>\n<!-- \/ Yoast SEO plugin. -->","yoast_head_json":{"title":"\u00bfQu\u00e9 ser\u00e1 de los activismos juveniles en la Generaci\u00f3n Covid?: una d\u00e9cada del 15M - Grupo de Estudios sobre Sociedad y Pol\u00edtica","robots":{"index":"index","follow":"follow","max-snippet":"max-snippet:-1","max-image-preview":"max-image-preview:large","max-video-preview":"max-video-preview:-1"},"canonical":"https:\/\/blogs.uned.es\/gesp\/que-sera-de-los-activismos-juveniles-en-la-generacion-covid-una-decada-del-15m\/","og_locale":"es_ES","og_type":"article","og_title":"\u00bfQu\u00e9 ser\u00e1 de los activismos juveniles en la Generaci\u00f3n Covid?: una d\u00e9cada del 15M - Grupo de Estudios sobre Sociedad y Pol\u00edtica","og_description":"30\/12\/2021 &#8211; Francisco Fern\u00e1ndez-Trujillo (UNED) En este a\u00f1o que se cumpl\u00edan 10 a\u00f1os del estallido del 15M se han publicado diferentes trabajos que trataban el propio Movimiento de los Indignados, as\u00ed como las consecuencias que tuvo sobre la movilizaci\u00f3n. Algunos de estos t\u00edtulos son Diez a\u00f1os construyendo ciudadan\u00eda en movimiento(s): El 15M y otras luchasLeer M\u00e1s","og_url":"https:\/\/blogs.uned.es\/gesp\/que-sera-de-los-activismos-juveniles-en-la-generacion-covid-una-decada-del-15m\/","og_site_name":"Grupo de Estudios sobre Sociedad y Pol\u00edtica","article_published_time":"2021-12-30T08:33:39+00:00","article_modified_time":"2021-12-31T09:35:55+00:00","og_image":[{"width":624,"height":384,"url":"https:\/\/blogs.uned.es\/gesp\/wp-content\/uploads\/sites\/21\/2021\/12\/15m-kFzH-U140308651046IdB-624x385@RC.jpg","type":"image\/jpeg"}],"author":"GESP","twitter_card":"summary_large_image","twitter_misc":{"Escrito por":"GESP","Tiempo de lectura":"10 minutos"},"schema":{"@context":"https:\/\/schema.org","@graph":[{"@type":"Article","@id":"https:\/\/blogs.uned.es\/gesp\/que-sera-de-los-activismos-juveniles-en-la-generacion-covid-una-decada-del-15m\/#article","isPartOf":{"@id":"https:\/\/blogs.uned.es\/gesp\/que-sera-de-los-activismos-juveniles-en-la-generacion-covid-una-decada-del-15m\/"},"author":{"name":"GESP","@id":"https:\/\/blogs.uned.es\/gesp\/#\/schema\/person\/ecd18a39405b70f35f53c2f5fed98526"},"headline":"\u00bfQu\u00e9 ser\u00e1 de los activismos juveniles en la Generaci\u00f3n Covid?: una d\u00e9cada del 15M","datePublished":"2021-12-30T08:33:39+00:00","dateModified":"2021-12-31T09:35:55+00:00","mainEntityOfPage":{"@id":"https:\/\/blogs.uned.es\/gesp\/que-sera-de-los-activismos-juveniles-en-la-generacion-covid-una-decada-del-15m\/"},"wordCount":2040,"commentCount":0,"image":{"@id":"https:\/\/blogs.uned.es\/gesp\/que-sera-de-los-activismos-juveniles-en-la-generacion-covid-una-decada-del-15m\/#primaryimage"},"thumbnailUrl":"https:\/\/blogs.uned.es\/gesp\/wp-content\/uploads\/sites\/21\/2021\/12\/15m-kFzH-U140308651046IdB-624x385@RC.jpg","articleSection":["BLOG","Movilizaciones"],"inLanguage":"es","potentialAction":[{"@type":"CommentAction","name":"Comment","target":["https:\/\/blogs.uned.es\/gesp\/que-sera-de-los-activismos-juveniles-en-la-generacion-covid-una-decada-del-15m\/#respond"]}]},{"@type":"WebPage","@id":"https:\/\/blogs.uned.es\/gesp\/que-sera-de-los-activismos-juveniles-en-la-generacion-covid-una-decada-del-15m\/","url":"https:\/\/blogs.uned.es\/gesp\/que-sera-de-los-activismos-juveniles-en-la-generacion-covid-una-decada-del-15m\/","name":"\u00bfQu\u00e9 ser\u00e1 de los activismos juveniles en la Generaci\u00f3n Covid?: una d\u00e9cada del 15M - Grupo de Estudios sobre Sociedad y Pol\u00edtica","isPartOf":{"@id":"https:\/\/blogs.uned.es\/gesp\/#website"},"primaryImageOfPage":{"@id":"https:\/\/blogs.uned.es\/gesp\/que-sera-de-los-activismos-juveniles-en-la-generacion-covid-una-decada-del-15m\/#primaryimage"},"image":{"@id":"https:\/\/blogs.uned.es\/gesp\/que-sera-de-los-activismos-juveniles-en-la-generacion-covid-una-decada-del-15m\/#primaryimage"},"thumbnailUrl":"https:\/\/blogs.uned.es\/gesp\/wp-content\/uploads\/sites\/21\/2021\/12\/15m-kFzH-U140308651046IdB-624x385@RC.jpg","datePublished":"2021-12-30T08:33:39+00:00","dateModified":"2021-12-31T09:35:55+00:00","author":{"@id":"https:\/\/blogs.uned.es\/gesp\/#\/schema\/person\/ecd18a39405b70f35f53c2f5fed98526"},"breadcrumb":{"@id":"https:\/\/blogs.uned.es\/gesp\/que-sera-de-los-activismos-juveniles-en-la-generacion-covid-una-decada-del-15m\/#breadcrumb"},"inLanguage":"es","potentialAction":[{"@type":"ReadAction","target":["https:\/\/blogs.uned.es\/gesp\/que-sera-de-los-activismos-juveniles-en-la-generacion-covid-una-decada-del-15m\/"]}]},{"@type":"ImageObject","inLanguage":"es","@id":"https:\/\/blogs.uned.es\/gesp\/que-sera-de-los-activismos-juveniles-en-la-generacion-covid-una-decada-del-15m\/#primaryimage","url":"https:\/\/blogs.uned.es\/gesp\/wp-content\/uploads\/sites\/21\/2021\/12\/15m-kFzH-U140308651046IdB-624x385@RC.jpg","contentUrl":"https:\/\/blogs.uned.es\/gesp\/wp-content\/uploads\/sites\/21\/2021\/12\/15m-kFzH-U140308651046IdB-624x385@RC.jpg","width":624,"height":384},{"@type":"BreadcrumbList","@id":"https:\/\/blogs.uned.es\/gesp\/que-sera-de-los-activismos-juveniles-en-la-generacion-covid-una-decada-del-15m\/#breadcrumb","itemListElement":[{"@type":"ListItem","position":1,"name":"Portada","item":"https:\/\/blogs.uned.es\/gesp\/"},{"@type":"ListItem","position":2,"name":"\u00bfQu\u00e9 ser\u00e1 de los activismos juveniles en la Generaci\u00f3n Covid?: una d\u00e9cada del 15M"}]},{"@type":"WebSite","@id":"https:\/\/blogs.uned.es\/gesp\/#website","url":"https:\/\/blogs.uned.es\/gesp\/","name":"Grupo de Estudios sobre Sociedad y Pol\u00edtica","description":"P\u00e1gina web del Grupo de Estudios sobre Sociedad y Pol\u00edtica (GESP)","potentialAction":[{"@type":"SearchAction","target":{"@type":"EntryPoint","urlTemplate":"https:\/\/blogs.uned.es\/gesp\/?s={search_term_string}"},"query-input":{"@type":"PropertyValueSpecification","valueRequired":true,"valueName":"search_term_string"}}],"inLanguage":"es"},{"@type":"Person","@id":"https:\/\/blogs.uned.es\/gesp\/#\/schema\/person\/ecd18a39405b70f35f53c2f5fed98526","name":"GESP","url":"https:\/\/blogs.uned.es\/gesp\/author\/jagil\/"}]}},"_links":{"self":[{"href":"https:\/\/blogs.uned.es\/gesp\/wp-json\/wp\/v2\/posts\/1849","targetHints":{"allow":["GET"]}}],"collection":[{"href":"https:\/\/blogs.uned.es\/gesp\/wp-json\/wp\/v2\/posts"}],"about":[{"href":"https:\/\/blogs.uned.es\/gesp\/wp-json\/wp\/v2\/types\/post"}],"author":[{"embeddable":true,"href":"https:\/\/blogs.uned.es\/gesp\/wp-json\/wp\/v2\/users\/29"}],"replies":[{"embeddable":true,"href":"https:\/\/blogs.uned.es\/gesp\/wp-json\/wp\/v2\/comments?post=1849"}],"version-history":[{"count":2,"href":"https:\/\/blogs.uned.es\/gesp\/wp-json\/wp\/v2\/posts\/1849\/revisions"}],"predecessor-version":[{"id":1865,"href":"https:\/\/blogs.uned.es\/gesp\/wp-json\/wp\/v2\/posts\/1849\/revisions\/1865"}],"wp:featuredmedia":[{"embeddable":true,"href":"https:\/\/blogs.uned.es\/gesp\/wp-json\/wp\/v2\/media\/1859"}],"wp:attachment":[{"href":"https:\/\/blogs.uned.es\/gesp\/wp-json\/wp\/v2\/media?parent=1849"}],"wp:term":[{"taxonomy":"category","embeddable":true,"href":"https:\/\/blogs.uned.es\/gesp\/wp-json\/wp\/v2\/categories?post=1849"},{"taxonomy":"post_tag","embeddable":true,"href":"https:\/\/blogs.uned.es\/gesp\/wp-json\/wp\/v2\/tags?post=1849"}],"curies":[{"name":"wp","href":"https:\/\/api.w.org\/{rel}","templated":true}]}}