{"id":1511,"date":"2020-10-26T09:13:50","date_gmt":"2020-10-26T09:13:50","guid":{"rendered":"http:\/\/blogs.uned.es\/gesp\/?p=1511"},"modified":"2020-10-26T09:13:50","modified_gmt":"2020-10-26T09:13:50","slug":"voz-y-participacion-mujeres-jovenes","status":"publish","type":"post","link":"https:\/\/blogs.uned.es\/gesp\/voz-y-participacion-mujeres-jovenes\/","title":{"rendered":"La voz y la participaci\u00f3n de las mujeres j\u00f3venes"},"content":{"rendered":"<p>26\/10\/2020 &#8211; Marisa Revilla (UCM)<\/p>\n<p>Una vez m\u00e1s en esta d\u00e9cada que ya acaba, el pasado 11 de octubre se celebr\u00f3 el D\u00eda Internacional de la Ni\u00f1a de Naciones Unidas, en esta ocasi\u00f3n bajo el lema <a href=\"https:\/\/www.unicef.org\/gender-equality\/international-day-girl-2020\"><em>My voice, our equal future<\/em><\/a>, poniendo uno de los focos en el liderazgo de una generaci\u00f3n de activistas para generar el cambio social. El lema resuena, en el marco del proceso Beijing+25, con la campa\u00f1a de Naciones Unidas <a href=\"https:\/\/www.unwomen.org\/en\/get-involved\/beijing-plus-25\"><em>Generation Equality: Realizing Women\u2019s rights for an equal future<\/em><\/a>.<\/p>\n<p>La organizaci\u00f3n <em>Plan International <\/em>ha presentado este mismo a\u00f1o el informe <a href=\"https:\/\/plan-international.org\/publications\/setting-agenda-girls-platform-action\"><em>Setting the Agenda: The Girls\u2019 Platform for Action<\/em><\/a> en el que publica los resultados de una consulta realizada durante el primer semestre de 2020 a 350 chicas con una edad entre 14 y 19 a\u00f1os en 12 pa\u00edses (Bolivia, Colombia, Rep\u00fablica Dominicana, El Salvador, Ecuador, Kenia, Liberia, Nepal, Paraguay, Filipinas, Sierra Leona y Uganda), a lo que se suma la participaci\u00f3n de otras 797 adolescentes a trav\u00e9s de plataformas online. En \u00e9l y sobre el tema que nos ocupa, se muestra que las adolescentes ya est\u00e1n implic\u00e1ndose y liderando procesos hacia una mayor igualdad de g\u00e9nero en sus comunidades. Tambi\u00e9n que, en muchas ocasiones, sufren burlas, reciben des\u00e1nimo e, incluso, abusos f\u00edsicos por su participaci\u00f3n. Adem\u00e1s, tambi\u00e9n aqu\u00ed, la situaci\u00f3n generada por la COVID-19 afecta negativamente a sus capacidades de organizaci\u00f3n debido a las restricciones de movimiento y dificultades de acceso a internet, lo que resulta en una limitaci\u00f3n de posibilidades para acceder a centros de toma de decisiones (p\u00e1gina 5 del citado informe).<\/p>\n<p>La imagen de un grupo amplio de mujeres j\u00f3venes y adolescentes con nociones tan claras acerca de su propia implicaci\u00f3n en el avance de la igualdad de g\u00e9nero en sus comunidades contrasta con la invisibilidad social y la apat\u00eda pol\u00edtica con la que habitualmente caracterizamos (estereotipadamente) a estos colectivos. Invisibles y ap\u00e1ticas como j\u00f3venes. Invisibles y con poco inter\u00e9s por la participaci\u00f3n como mujeres. Solo visibles cuando el foco dirige su luz directamente hacia ellas. Y ni siquiera en esas ocasiones conseguimos que el foco no arroje sombras.<\/p>\n<p>Por todo ello, considero que la ocasi\u00f3n es excelente para mejorar nuestras (cortas) agendas de investigaci\u00f3n sobre la participaci\u00f3n de las mujeres j\u00f3venes. Sobre ello, tenemos que constatar tres hechos:<\/p>\n<p style=\"padding-left: 30px\">1) es un tema poco estudiado y del que sabemos poco;<\/p>\n<p style=\"padding-left: 30px\">2) cuando se aborda, suele ser en relaci\u00f3n con el activismo feminista;<\/p>\n<p style=\"padding-left: 30px\">3) esto suele concluir se\u00f1alando una cierta transici\u00f3n de un feminismo tradicional a algo, en lo que se refiere a las mujeres j\u00f3venes, \u201cm\u00e1s difuso y menos organizado\u201d (Harris 2008: 1).<\/p>\n<p>Como punto de partida, constatamos el problema bastante com\u00fan de los estudios te\u00f3ricos de la participaci\u00f3n pol\u00edtica, de los movimientos sociales o del activismo que, ampar\u00e1ndose en la utilizaci\u00f3n de conceptos como ciudadan\u00eda, organizaciones, participantes, activistas o representantes, no abordan la existencia de situaciones distintas para hombres y para mujeres. Por ello, y porque sabemos que lo que no nombra la diferencia favorece la invisibilidad de las mujeres, b\u00e1sicamente, estos estudios se refieren a la participaci\u00f3n de los hombres, casi siempre, adultos. Por otro lado, cuando se hacen estudios sobre participaci\u00f3n de la \u201cjuventud\u201d, rara vez se atiende de modo separado a las circunstancias y caracter\u00edsticas de las mujeres j\u00f3venes (Aapola et al 2005: 188).<\/p>\n<p>En los estudios de caso, cuando se realizan an\u00e1lisis cuantitativos, al igual que en el estudio de otros fen\u00f3menos, empieza a ser imperativo incluir la variable \u201csexo\u201d y se analiza la participaci\u00f3n pol\u00edtica, el activismo o la implicaci\u00f3n en acciones colectivas atendiendo a su realizaci\u00f3n por parte de hombres o de mujeres. La conclusi\u00f3n en estos casos, invariablemente, y casi independientemente de d\u00f3nde se hagan, es que las mujeres participan menos.<\/p>\n<p>El problema que suele ocurrir es que, habitualmente, aplicamos al an\u00e1lisis de la participaci\u00f3n de las mujeres los esquemas te\u00f3ricos, las hip\u00f3tesis y los modos de participaci\u00f3n que se derivan del an\u00e1lisis de la participaci\u00f3n de los hombres. De hecho, cabe esperar que la divisi\u00f3n sexual del trabajo y el funcionamiento de los estereotipos de g\u00e9nero funcionen tambi\u00e9n en la esfera de la participaci\u00f3n social, pol\u00edtica y\/o ciudadana y que, ser \u201cmujer joven\u201d u \u201chombre joven\u201d establezca diferencias respecto de d\u00f3nde podemos encontrar los mayores focos de participaci\u00f3n e implicaci\u00f3n (con mayor implicaci\u00f3n de las mujeres en actividades comunitarias, en organizaciones de base y organizaciones de voluntariado). Un problema distinto es que el sesgo sexista se encuentre en nuestra propia interpretaci\u00f3n de qu\u00e9 es pol\u00edtico o de qu\u00e9 contribuye m\u00e1s a la pol\u00edtica.<\/p>\n<p>En los estudios que se han hecho enfocando espec\u00edficamente en la participaci\u00f3n de las mujeres j\u00f3venes aparecen algunos elementos muy relevantes para seguir avanzando en esa agenda de investigaci\u00f3n. El primero es la notable importancia que adquiere el uso de las tecnolog\u00edas en la construcci\u00f3n de nuevas formas de compromiso pol\u00edtico ligadas a la construcci\u00f3n de espacios propios (Brooks, 2008). En t\u00e9rminos generales, para las generaciones m\u00e1s j\u00f3venes, quienes tienen menos acceso a recursos y tambi\u00e9n a medios, internet (las aplicaciones, foros, plataformas, etc. que cobija) ha resultado ser una herramienta muy \u00fatil en la organizaci\u00f3n de modos de resistencia y protesta global (Aapola et al., 2005: 187).<\/p>\n<p>La creaci\u00f3n de comunidades online, el uso de redes sociales, la publicaci\u00f3n de blogs personales y colectivos se constituyen en modos de comunicarse con otras y de discutir temas que pueden resultar sensibles, personales, \u00edntimos pero que resultan clave para poner en cuesti\u00f3n las representaciones dominantes sobre las mujeres j\u00f3venes. Estos espacios virtuales se constituyen, en palabras de Anita Harris, una de las autoras que m\u00e1s ha trabajado sobre la participaci\u00f3n de las mujeres j\u00f3venes, en \u201cespacios fronterizos\u201d que permiten simult\u00e1neamente la presencia y la ausencia; que combinan el deseo de organizarse junto a otras con la necesidad de evitar la vigilancia y la apropiaci\u00f3n de su cultura y de su planteamiento pol\u00edtico; que, en definitiva, les otorga la capacidad de decidir qu\u00e9 parte de su identidad quieren desvelar (Harris, 2003).<\/p>\n<p>Estas ventajas que destacan en la organizaci\u00f3n de estos espacios de activismo online de las mujeres j\u00f3venes y que podr\u00edamos resumir en torno a la idea de creaci\u00f3n de espacios seguros para las chicas, presenta dos problemas a\u00f1adidos. El primero, y m\u00e1s grave en sus consecuencias, es que ya no se constituye como un espacio seguro. El informe <a href=\"https:\/\/plan-international.es\/inseguras-online\"><em>(In)seguras Online<\/em><\/a> presentado con ocasi\u00f3n del D\u00eda Internacional de las Ni\u00f1as, tambi\u00e9n por Plan International, revela que:<\/p>\n<p style=\"padding-left: 30px\"><em>\u201cLas ni\u00f1as son objeto de acoso online por el simple hecho de ser j\u00f3venes y mujeres, y los ataques son m\u00e1s graves si ellas expresan sus opiniones pol\u00edticas, tienen discapacidad, son racializadas o se identifican con el colectivo LGTBIQ+. El acoso incluye desde el menosprecio por las opiniones expresadas hasta las amenazas violentas, as\u00ed como el env\u00edo de im\u00e1genes pornogr\u00e1ficas no deseadas. Al igual que el acoso callejero, es violento, suele provocar da\u00f1os psicol\u00f3gicos y tambi\u00e9n desembocar en da\u00f1os f\u00edsicos reales\u2026<\/em><\/p>\n<p style=\"padding-left: 30px\"><em>\u2026 Sus voces, los problemas que les afectan, corren peligro de ser silenciados por el acoso; su activismo puede ser obstaculizado, y su confianza, da\u00f1ada por la intimidaci\u00f3n y humillaci\u00f3n. Nada de esto se reconoce ni tampoco se responsabiliza a las empresas de redes sociales ni a quienes comenten los abusos\u201d. (p\u00e1gina 9).<\/em><\/p>\n<p>En segundo lugar, el activismo online genera una cierta invisibilidad p\u00fablica como generaci\u00f3n y, tambi\u00e9n, una cierta invisibilidad dentro de los feminismos en relaci\u00f3n a la generaci\u00f3n de un espacio distinto de debate, encuentro y movilizaci\u00f3n del que utilizan las feministas de generaciones m\u00e1s mayores, lo que puede afectar a la comunicaci\u00f3n inter-generacional (Schuster, 2013).<\/p>\n<p>Para ampliar la agenda de investigaci\u00f3n, podemos establecer que el problema est\u00e1 en que definimos te\u00f3ricamente lo que es pol\u00edtico y lo que es participaci\u00f3n y, despu\u00e9s, se lo aplicamos a las mujeres (j\u00f3venes) para ver d\u00f3nde se encuentran. As\u00ed, dejamos de observar todo lo que se est\u00e1 fuera de la lupa te\u00f3rica con la que miramos. La propuesta, en t\u00e9rminos de investigaci\u00f3n, es que miremos, analicemos qu\u00e9 est\u00e1n haciendo, qu\u00e9 mueve a las \u201cmujeres j\u00f3venes\u201d, entendidas como un sujeto plural (sobre qu\u00e9 temas, en qu\u00e9 \u00e1mbitos, con qu\u00e9 herramientas y medios, qu\u00e9 significados atribuyen, con qui\u00e9n se unen, etc.) y despu\u00e9s, avancemos en la reflexi\u00f3n sobre lo que puede resultar pol\u00edtico de esas pr\u00e1cticas.<\/p>\n<p><strong>Referencias<\/strong>:<\/p>\n<p>Aapola, Sinikka; Gonick, Marnina &amp; Harris, Anita (2005): <em>Young Femininity. Girlhood, Power and Social Change<\/em>. New York: Palgrave MacMillan.<\/p>\n<p>Brooks, Rachel (2008): \u201cYoung People and Political Participation: An Analysis of European Union Policies\u201d. <em>Sociological Research Online<\/em>, Volume 14, Issue 1. <a href=\"https:\/\/socresonline.org.uk\/14\/1\/7.html\">https:\/\/socresonline.org.uk\/14\/1\/7.html<\/a><\/p>\n<p>Harris, Anita (2003): <em>Future Girl: Young Women in the Twenty-First Century<\/em>, Taylor &amp; Francis Group.<\/p>\n<p>Harris, Anita (2008): \u201cIntroduction: Youth Cultures and Feminist Politics\u201d, en Harris, A. (ed.): <em>Next Wave Cultures. Feminism, Subcultures, Activism<\/em>. New York: Routledge.<\/p>\n<p>Schuster, Julia (2013): \u201cInvisible feminists? Social media and young women\u2019s political participation\u201d. <em>Political Science<\/em> 65(1) 8\u201324.<\/p>\n","protected":false},"excerpt":{"rendered":"<p>26\/10\/2020 &#8211; Marisa Revilla (UCM) Una vez m\u00e1s en esta d\u00e9cada que ya acaba, el pasado 11 de octubre se celebr\u00f3 el D\u00eda Internacional de la Ni\u00f1a de Naciones Unidas, en esta ocasi\u00f3n bajo el lema My voice, our equal future, poniendo uno de los focos en el liderazgo de una generaci\u00f3n de activistas para<\/p>\n<div class=\"read-more\"><a href=\"https:\/\/blogs.uned.es\/gesp\/voz-y-participacion-mujeres-jovenes\/\" title=\"Leer M\u00e1s\">Leer M\u00e1s<\/a><\/div>\n","protected":false},"author":29,"featured_media":1513,"comment_status":"open","ping_status":"open","sticky":false,"template":"","format":"standard","meta":{"footnotes":""},"categories":[7,37,203,209],"tags":[],"class_list":{"0":"post-1511","1":"post","2":"type-post","3":"status-publish","4":"format-standard","5":"has-post-thumbnail","7":"category-blog","8":"category-feminismo","9":"category-movilizaciones","10":"category-participacion"},"yoast_head":"<!-- This site is optimized with the Yoast SEO plugin v27.2 - https:\/\/yoast.com\/product\/yoast-seo-wordpress\/ -->\n<title>La voz y la participaci\u00f3n de las mujeres j\u00f3venes - Grupo de Estudios sobre Sociedad y Pol\u00edtica<\/title>\n<meta name=\"robots\" content=\"index, follow, max-snippet:-1, max-image-preview:large, max-video-preview:-1\" \/>\n<link rel=\"canonical\" href=\"https:\/\/blogs.uned.es\/gesp\/voz-y-participacion-mujeres-jovenes\/\" \/>\n<meta property=\"og:locale\" content=\"es_ES\" \/>\n<meta property=\"og:type\" content=\"article\" \/>\n<meta property=\"og:title\" content=\"La voz y la participaci\u00f3n de las mujeres j\u00f3venes - Grupo de Estudios sobre Sociedad y Pol\u00edtica\" \/>\n<meta property=\"og:description\" content=\"26\/10\/2020 &#8211; Marisa Revilla (UCM) Una vez m\u00e1s en esta d\u00e9cada que ya acaba, el pasado 11 de octubre se celebr\u00f3 el D\u00eda Internacional de la Ni\u00f1a de Naciones Unidas, en esta ocasi\u00f3n bajo el lema My voice, our equal future, poniendo uno de los focos en el liderazgo de una generaci\u00f3n de activistas paraLeer M\u00e1s\" \/>\n<meta property=\"og:url\" content=\"https:\/\/blogs.uned.es\/gesp\/voz-y-participacion-mujeres-jovenes\/\" \/>\n<meta property=\"og:site_name\" content=\"Grupo de Estudios sobre Sociedad y Pol\u00edtica\" \/>\n<meta property=\"article:published_time\" content=\"2020-10-26T09:13:50+00:00\" \/>\n<meta property=\"og:image\" content=\"https:\/\/blogs.uned.es\/gesp\/wp-content\/uploads\/sites\/21\/2020\/10\/resistance-women-s-rights-protest-power-rights-young.jpg\" \/>\n\t<meta property=\"og:image:width\" content=\"910\" \/>\n\t<meta property=\"og:image:height\" content=\"607\" \/>\n\t<meta property=\"og:image:type\" content=\"image\/jpeg\" \/>\n<meta name=\"author\" content=\"GESP\" \/>\n<meta name=\"twitter:card\" content=\"summary_large_image\" \/>\n<meta name=\"twitter:label1\" content=\"Escrito por\" \/>\n\t<meta name=\"twitter:data1\" content=\"GESP\" \/>\n\t<meta name=\"twitter:label2\" content=\"Tiempo de lectura\" \/>\n\t<meta name=\"twitter:data2\" content=\"8 minutos\" \/>\n<script type=\"application\/ld+json\" class=\"yoast-schema-graph\">{\"@context\":\"https:\/\/schema.org\",\"@graph\":[{\"@type\":\"Article\",\"@id\":\"https:\/\/blogs.uned.es\/gesp\/voz-y-participacion-mujeres-jovenes\/#article\",\"isPartOf\":{\"@id\":\"https:\/\/blogs.uned.es\/gesp\/voz-y-participacion-mujeres-jovenes\/\"},\"author\":{\"name\":\"GESP\",\"@id\":\"https:\/\/blogs.uned.es\/gesp\/#\/schema\/person\/ecd18a39405b70f35f53c2f5fed98526\"},\"headline\":\"La voz y la participaci\u00f3n de las mujeres j\u00f3venes\",\"datePublished\":\"2020-10-26T09:13:50+00:00\",\"mainEntityOfPage\":{\"@id\":\"https:\/\/blogs.uned.es\/gesp\/voz-y-participacion-mujeres-jovenes\/\"},\"wordCount\":1608,\"commentCount\":0,\"image\":{\"@id\":\"https:\/\/blogs.uned.es\/gesp\/voz-y-participacion-mujeres-jovenes\/#primaryimage\"},\"thumbnailUrl\":\"https:\/\/blogs.uned.es\/gesp\/wp-content\/uploads\/sites\/21\/2020\/10\/resistance-women-s-rights-protest-power-rights-young.jpg\",\"articleSection\":[\"BLOG\",\"Feminismo\",\"Movilizaciones\",\"Participaci\u00f3n\"],\"inLanguage\":\"es\",\"potentialAction\":[{\"@type\":\"CommentAction\",\"name\":\"Comment\",\"target\":[\"https:\/\/blogs.uned.es\/gesp\/voz-y-participacion-mujeres-jovenes\/#respond\"]}]},{\"@type\":\"WebPage\",\"@id\":\"https:\/\/blogs.uned.es\/gesp\/voz-y-participacion-mujeres-jovenes\/\",\"url\":\"https:\/\/blogs.uned.es\/gesp\/voz-y-participacion-mujeres-jovenes\/\",\"name\":\"La voz y la participaci\u00f3n de las mujeres j\u00f3venes - Grupo de Estudios sobre Sociedad y Pol\u00edtica\",\"isPartOf\":{\"@id\":\"https:\/\/blogs.uned.es\/gesp\/#website\"},\"primaryImageOfPage\":{\"@id\":\"https:\/\/blogs.uned.es\/gesp\/voz-y-participacion-mujeres-jovenes\/#primaryimage\"},\"image\":{\"@id\":\"https:\/\/blogs.uned.es\/gesp\/voz-y-participacion-mujeres-jovenes\/#primaryimage\"},\"thumbnailUrl\":\"https:\/\/blogs.uned.es\/gesp\/wp-content\/uploads\/sites\/21\/2020\/10\/resistance-women-s-rights-protest-power-rights-young.jpg\",\"datePublished\":\"2020-10-26T09:13:50+00:00\",\"author\":{\"@id\":\"https:\/\/blogs.uned.es\/gesp\/#\/schema\/person\/ecd18a39405b70f35f53c2f5fed98526\"},\"breadcrumb\":{\"@id\":\"https:\/\/blogs.uned.es\/gesp\/voz-y-participacion-mujeres-jovenes\/#breadcrumb\"},\"inLanguage\":\"es\",\"potentialAction\":[{\"@type\":\"ReadAction\",\"target\":[\"https:\/\/blogs.uned.es\/gesp\/voz-y-participacion-mujeres-jovenes\/\"]}]},{\"@type\":\"ImageObject\",\"inLanguage\":\"es\",\"@id\":\"https:\/\/blogs.uned.es\/gesp\/voz-y-participacion-mujeres-jovenes\/#primaryimage\",\"url\":\"https:\/\/blogs.uned.es\/gesp\/wp-content\/uploads\/sites\/21\/2020\/10\/resistance-women-s-rights-protest-power-rights-young.jpg\",\"contentUrl\":\"https:\/\/blogs.uned.es\/gesp\/wp-content\/uploads\/sites\/21\/2020\/10\/resistance-women-s-rights-protest-power-rights-young.jpg\",\"width\":910,\"height\":607},{\"@type\":\"BreadcrumbList\",\"@id\":\"https:\/\/blogs.uned.es\/gesp\/voz-y-participacion-mujeres-jovenes\/#breadcrumb\",\"itemListElement\":[{\"@type\":\"ListItem\",\"position\":1,\"name\":\"Portada\",\"item\":\"https:\/\/blogs.uned.es\/gesp\/\"},{\"@type\":\"ListItem\",\"position\":2,\"name\":\"La voz y la participaci\u00f3n de las mujeres j\u00f3venes\"}]},{\"@type\":\"WebSite\",\"@id\":\"https:\/\/blogs.uned.es\/gesp\/#website\",\"url\":\"https:\/\/blogs.uned.es\/gesp\/\",\"name\":\"Grupo de Estudios sobre Sociedad y Pol\u00edtica\",\"description\":\"P\u00e1gina web del Grupo de Estudios sobre Sociedad y Pol\u00edtica (GESP)\",\"potentialAction\":[{\"@type\":\"SearchAction\",\"target\":{\"@type\":\"EntryPoint\",\"urlTemplate\":\"https:\/\/blogs.uned.es\/gesp\/?s={search_term_string}\"},\"query-input\":{\"@type\":\"PropertyValueSpecification\",\"valueRequired\":true,\"valueName\":\"search_term_string\"}}],\"inLanguage\":\"es\"},{\"@type\":\"Person\",\"@id\":\"https:\/\/blogs.uned.es\/gesp\/#\/schema\/person\/ecd18a39405b70f35f53c2f5fed98526\",\"name\":\"GESP\",\"url\":\"https:\/\/blogs.uned.es\/gesp\/author\/jagil\/\"}]}<\/script>\n<!-- \/ Yoast SEO plugin. -->","yoast_head_json":{"title":"La voz y la participaci\u00f3n de las mujeres j\u00f3venes - Grupo de Estudios sobre Sociedad y Pol\u00edtica","robots":{"index":"index","follow":"follow","max-snippet":"max-snippet:-1","max-image-preview":"max-image-preview:large","max-video-preview":"max-video-preview:-1"},"canonical":"https:\/\/blogs.uned.es\/gesp\/voz-y-participacion-mujeres-jovenes\/","og_locale":"es_ES","og_type":"article","og_title":"La voz y la participaci\u00f3n de las mujeres j\u00f3venes - Grupo de Estudios sobre Sociedad y Pol\u00edtica","og_description":"26\/10\/2020 &#8211; Marisa Revilla (UCM) Una vez m\u00e1s en esta d\u00e9cada que ya acaba, el pasado 11 de octubre se celebr\u00f3 el D\u00eda Internacional de la Ni\u00f1a de Naciones Unidas, en esta ocasi\u00f3n bajo el lema My voice, our equal future, poniendo uno de los focos en el liderazgo de una generaci\u00f3n de activistas paraLeer M\u00e1s","og_url":"https:\/\/blogs.uned.es\/gesp\/voz-y-participacion-mujeres-jovenes\/","og_site_name":"Grupo de Estudios sobre Sociedad y Pol\u00edtica","article_published_time":"2020-10-26T09:13:50+00:00","og_image":[{"width":910,"height":607,"url":"https:\/\/blogs.uned.es\/gesp\/wp-content\/uploads\/sites\/21\/2020\/10\/resistance-women-s-rights-protest-power-rights-young.jpg","type":"image\/jpeg"}],"author":"GESP","twitter_card":"summary_large_image","twitter_misc":{"Escrito por":"GESP","Tiempo de lectura":"8 minutos"},"schema":{"@context":"https:\/\/schema.org","@graph":[{"@type":"Article","@id":"https:\/\/blogs.uned.es\/gesp\/voz-y-participacion-mujeres-jovenes\/#article","isPartOf":{"@id":"https:\/\/blogs.uned.es\/gesp\/voz-y-participacion-mujeres-jovenes\/"},"author":{"name":"GESP","@id":"https:\/\/blogs.uned.es\/gesp\/#\/schema\/person\/ecd18a39405b70f35f53c2f5fed98526"},"headline":"La voz y la participaci\u00f3n de las mujeres j\u00f3venes","datePublished":"2020-10-26T09:13:50+00:00","mainEntityOfPage":{"@id":"https:\/\/blogs.uned.es\/gesp\/voz-y-participacion-mujeres-jovenes\/"},"wordCount":1608,"commentCount":0,"image":{"@id":"https:\/\/blogs.uned.es\/gesp\/voz-y-participacion-mujeres-jovenes\/#primaryimage"},"thumbnailUrl":"https:\/\/blogs.uned.es\/gesp\/wp-content\/uploads\/sites\/21\/2020\/10\/resistance-women-s-rights-protest-power-rights-young.jpg","articleSection":["BLOG","Feminismo","Movilizaciones","Participaci\u00f3n"],"inLanguage":"es","potentialAction":[{"@type":"CommentAction","name":"Comment","target":["https:\/\/blogs.uned.es\/gesp\/voz-y-participacion-mujeres-jovenes\/#respond"]}]},{"@type":"WebPage","@id":"https:\/\/blogs.uned.es\/gesp\/voz-y-participacion-mujeres-jovenes\/","url":"https:\/\/blogs.uned.es\/gesp\/voz-y-participacion-mujeres-jovenes\/","name":"La voz y la participaci\u00f3n de las mujeres j\u00f3venes - Grupo de Estudios sobre Sociedad y Pol\u00edtica","isPartOf":{"@id":"https:\/\/blogs.uned.es\/gesp\/#website"},"primaryImageOfPage":{"@id":"https:\/\/blogs.uned.es\/gesp\/voz-y-participacion-mujeres-jovenes\/#primaryimage"},"image":{"@id":"https:\/\/blogs.uned.es\/gesp\/voz-y-participacion-mujeres-jovenes\/#primaryimage"},"thumbnailUrl":"https:\/\/blogs.uned.es\/gesp\/wp-content\/uploads\/sites\/21\/2020\/10\/resistance-women-s-rights-protest-power-rights-young.jpg","datePublished":"2020-10-26T09:13:50+00:00","author":{"@id":"https:\/\/blogs.uned.es\/gesp\/#\/schema\/person\/ecd18a39405b70f35f53c2f5fed98526"},"breadcrumb":{"@id":"https:\/\/blogs.uned.es\/gesp\/voz-y-participacion-mujeres-jovenes\/#breadcrumb"},"inLanguage":"es","potentialAction":[{"@type":"ReadAction","target":["https:\/\/blogs.uned.es\/gesp\/voz-y-participacion-mujeres-jovenes\/"]}]},{"@type":"ImageObject","inLanguage":"es","@id":"https:\/\/blogs.uned.es\/gesp\/voz-y-participacion-mujeres-jovenes\/#primaryimage","url":"https:\/\/blogs.uned.es\/gesp\/wp-content\/uploads\/sites\/21\/2020\/10\/resistance-women-s-rights-protest-power-rights-young.jpg","contentUrl":"https:\/\/blogs.uned.es\/gesp\/wp-content\/uploads\/sites\/21\/2020\/10\/resistance-women-s-rights-protest-power-rights-young.jpg","width":910,"height":607},{"@type":"BreadcrumbList","@id":"https:\/\/blogs.uned.es\/gesp\/voz-y-participacion-mujeres-jovenes\/#breadcrumb","itemListElement":[{"@type":"ListItem","position":1,"name":"Portada","item":"https:\/\/blogs.uned.es\/gesp\/"},{"@type":"ListItem","position":2,"name":"La voz y la participaci\u00f3n de las mujeres j\u00f3venes"}]},{"@type":"WebSite","@id":"https:\/\/blogs.uned.es\/gesp\/#website","url":"https:\/\/blogs.uned.es\/gesp\/","name":"Grupo de Estudios sobre Sociedad y Pol\u00edtica","description":"P\u00e1gina web del Grupo de Estudios sobre Sociedad y Pol\u00edtica (GESP)","potentialAction":[{"@type":"SearchAction","target":{"@type":"EntryPoint","urlTemplate":"https:\/\/blogs.uned.es\/gesp\/?s={search_term_string}"},"query-input":{"@type":"PropertyValueSpecification","valueRequired":true,"valueName":"search_term_string"}}],"inLanguage":"es"},{"@type":"Person","@id":"https:\/\/blogs.uned.es\/gesp\/#\/schema\/person\/ecd18a39405b70f35f53c2f5fed98526","name":"GESP","url":"https:\/\/blogs.uned.es\/gesp\/author\/jagil\/"}]}},"_links":{"self":[{"href":"https:\/\/blogs.uned.es\/gesp\/wp-json\/wp\/v2\/posts\/1511","targetHints":{"allow":["GET"]}}],"collection":[{"href":"https:\/\/blogs.uned.es\/gesp\/wp-json\/wp\/v2\/posts"}],"about":[{"href":"https:\/\/blogs.uned.es\/gesp\/wp-json\/wp\/v2\/types\/post"}],"author":[{"embeddable":true,"href":"https:\/\/blogs.uned.es\/gesp\/wp-json\/wp\/v2\/users\/29"}],"replies":[{"embeddable":true,"href":"https:\/\/blogs.uned.es\/gesp\/wp-json\/wp\/v2\/comments?post=1511"}],"version-history":[{"count":1,"href":"https:\/\/blogs.uned.es\/gesp\/wp-json\/wp\/v2\/posts\/1511\/revisions"}],"predecessor-version":[{"id":1515,"href":"https:\/\/blogs.uned.es\/gesp\/wp-json\/wp\/v2\/posts\/1511\/revisions\/1515"}],"wp:featuredmedia":[{"embeddable":true,"href":"https:\/\/blogs.uned.es\/gesp\/wp-json\/wp\/v2\/media\/1513"}],"wp:attachment":[{"href":"https:\/\/blogs.uned.es\/gesp\/wp-json\/wp\/v2\/media?parent=1511"}],"wp:term":[{"taxonomy":"category","embeddable":true,"href":"https:\/\/blogs.uned.es\/gesp\/wp-json\/wp\/v2\/categories?post=1511"},{"taxonomy":"post_tag","embeddable":true,"href":"https:\/\/blogs.uned.es\/gesp\/wp-json\/wp\/v2\/tags?post=1511"}],"curies":[{"name":"wp","href":"https:\/\/api.w.org\/{rel}","templated":true}]}}