{"id":1503,"date":"2020-09-25T11:00:29","date_gmt":"2020-09-25T11:00:29","guid":{"rendered":"http:\/\/blogs.uned.es\/gesp\/?p=1503"},"modified":"2020-09-25T11:00:29","modified_gmt":"2020-09-25T11:00:29","slug":"feminismo-espanol-hoy","status":"publish","type":"post","link":"https:\/\/blogs.uned.es\/gesp\/feminismo-espanol-hoy\/","title":{"rendered":"Feminismo espa\u00f1ol hoy: el g\u00e9nero de nuevo en disputa"},"content":{"rendered":"<p>25\/09\/2020 &#8211; Almudena de Linos (UNED)<\/p>\n<p>El feminismo espa\u00f1ol est\u00e1 viviendo un tiempo de gran tensi\u00f3n. Es posible que no sea algo nuevo, pero quiz\u00e1s, por el hecho de que han surgido fisuras en el seno de los partidos en el gobierno, la pol\u00e9mica est\u00e1 siendo m\u00e1s visible que nunca. Existen al menos dos posturas encontradas que se enfrentan en todos y cada uno de los temas de debate, que van desde la sexualidad, la pornograf\u00eda o la prostituci\u00f3n hasta el sujeto mismo del feminismo. Los medios de comunicaci\u00f3n con frecuencia etiquetan a un grupo como <strong>pro-sexo, pro-regulaci\u00f3n y m\u00e1s cercano a posturas <em>queer<\/em> o <em>trans<\/em><\/strong> y al otro como <strong>feminismo institucional, abolicionista o cercano al PSOE.<\/strong><\/p>\n<p>Los postulados de ambas propuestas han sido recogidos en sendas \u00abescuelas feministas\u00bb durante el pasado mes de julio (2020). Por una parte, la <a href=\"https:\/\/www.gijon.es\/es\/eventos\/xvii-escuela-feminista-rosario-de-acuna\">Escuela Feminista Rosario de Acu\u00f1a<\/a>, en su edici\u00f3n XVII, organizada por el Servicio de Igualdad del Ayuntamiento de Gij\u00f3n recoge principalmente las posturas de la corriente abolicionista y, por otra, la <a href=\"https:\/\/www.youtube.com\/channel\/UCoFiX5v455-mjKRgANNtIZQ\">Escuela de Pensamiento Feminista para Todas<\/a> organizada por AMA Asturies, en la que ha sido su primera edici\u00f3n, engloba la corriente pro-sexo. Voy a repasar sucintamente algunos de los principales temas tratados para mostrar el punto en el que nos encontramos en la actualidad.<\/p>\n<p>Comenzando con<strong> la sexualidad,<\/strong> el colectivo pro-sexo atribuye a las abolicionistas una idea de la sexualidad como una relaci\u00f3n siempre de poder muy centrada en lo corporal. Las relaciones sexuales, desde su punto de vista, no tienen por qu\u00e9 ser necesariamente relaciones de poder; no hay siempre un <em>sujeto<\/em> y un <em>objeto<\/em>, sino que las relaciones se dan entre <em>dos sujetos deseantes<\/em>. Este punto es importante ya que esta corriente recibe este nombre, pro-sexo, por el especial hincapi\u00e9 que hace en la importancia del deseo o las fantas\u00edas en las relaciones sexuales defendiendo una concepci\u00f3n del sexo mas all\u00e1 de la corporal-genital (Briz y Garaizabal, 2017).<\/p>\n<p>Visto desde las posturas pro-sexo, parecer\u00eda que el feminismo abolicionista no tuviera en cuenta el deseo o las fantas\u00edas en su discurso sobre la sexualidad, sin embargo, las posturas no son tan encontradas salvo en lo que tiene que ver con la <strong>pornograf\u00eda<\/strong>. En este tema, el abolicionismo denuncia el acceso masivo de la sociedad a un tipo de pornograf\u00eda muy violenta y vejatoria para las mujeres y alerta sobre la creciente \u00ab<strong>pornificaci\u00f3n<\/strong>\u00bb (Ana de Miguel, 2015) de la sociedad, entendida como la tendencia a que cierta imagen sexual imitadora, aunque ablandada, del imaginario porno est\u00e1 siendo trasladada a la cultura popular, legitimando de paso a toda la pornograf\u00eda. El abolicionismo se defiende de las cr\u00edticas recibidas de puritanismo por el grupo pro-sexo argumentando que no se trata de prohibir o de no hablar de placer, tampoco se obvia que la pornograf\u00eda sea solo una situaci\u00f3n irreal y de fantas\u00eda, como defiende el colectivo pro-sexo, sino que, para las abolicionistas, denunciar un tipo de pornograf\u00eda absolutamente denigrante para las mujeres es exponer una mirada cr\u00edtica sobre lo que se est\u00e1 consumiendo y un deber del feminismo. Un tema sobre el que la sociedad deber\u00eda reflexionar a tenor de los <a href=\"https:\/\/www.savethechildren.es\/notasprensa\/informe-de-save-children-casi-7-de-cada-10-adolescentes-consumen-pornografia-la-que#:~:text=El%20estudio%20tambi%C3%A9n%20revela%20que,alguna%20escena%20a%20la%20pr%C3%A1ctica\">\u00faltimos datos<\/a> conocidos sobre el consumo de pornograf\u00eda por parte de los m\u00e1s j\u00f3venes.<\/p>\n<p>Las posturas divergen en mayor medida alrededor del tema de la <strong>prostituci\u00f3n<\/strong>. El l\u00e9xico empleado por unas y otras ya nos da una pista de las posiciones de cada cual. Mientras las abolicionistas emplean el t\u00e9rmino \u00abmujeres prostituidas\u00bb para poner el \u00e9nfasis en la explotaci\u00f3n del cuerpo de las mujeres, las no abolicionistas utilizan la expresi\u00f3n \u00abtrabajadoras del sexo\u00bb buscando otorgar la agencia a las mujeres y tratando de mitigar el estigma social que pesa sobre ellas. Para las abolicionistas, la expresi\u00f3n \u00abtrabajadoras del sexo\u00bb es un eufemismo que lejos de dignificar a las prostitutas, al final defiende a los proxenetas y traficantes. \u00a0Por el contrario, para las por-sexo, el termino \u00abmujeres prostituidas\u00bb significa tratarlas como mujeres vulnerables, incapaces de tomar sus propias decisiones y negarles la individualidad.<\/p>\n<p>El grupo pro-sexo, si bien reconoce que la prostituci\u00f3n es una instituci\u00f3n patriarcal, sostiene que no toda prostituci\u00f3n es una explotaci\u00f3n de las mujeres. Defiende separar la trata de la prostituci\u00f3n por voluntad propia y propone centrarse en ayudar a las prostitutas a empoderarse, liberarlas de la explotaci\u00f3n y dignificar su profesi\u00f3n. Asimismo, sostienen que al neg\u00e1rseles a las prostitutas la individualidad, se est\u00e1n obviando sus derechos como trabajadoras y la posibilidad de mejorar sus condiciones de vida. En este sentido, critican que el abolicionismo est\u00e1 luchando desde una postura elitista sin darles voz a las propias prostitutas.<\/p>\n<p>Para las abolicionistas la prostituci\u00f3n es el resultado del concepto patriarcal en virtud del cual los hombres tienen derecho al placer conforme al que se reservan el acceso a un grupo de mujeres que deben estar a su disposici\u00f3n: \u00ab<a href=\"https:\/\/www.youtube.com\/watch?v=3f2zLa3NqZ0&amp;ab_channel=ServicioIgualdadAyuntamientoGij%C3%B3n\">una para mi y unas cuantas para todos<\/a>\u00bb. Es la explotaci\u00f3n del cuerpo de las mujeres. No hay diferencia entre una prostituci\u00f3n sujeta a la trata y otra ejercida libremente. Sostienen que si se lucha solamente por la erradicaci\u00f3n de la trata y no por todo tipo de prostituci\u00f3n no se est\u00e1 deslegitimando el privilegio del acceso al cuerpo de la mujer por un precio. En contra de los que aducen que es un tema complejo sobre el que se necesitan m\u00e1s datos, afirman que se conoce a fondo c\u00f3mo son las din\u00e1micas de captaci\u00f3n, la preexistencia de enga\u00f1o, las amenazas por las situaciones irregulares, si vienen o no de la pobreza, incluso la edad a la que son iniciadas en la prostituci\u00f3n, el 62% de ellas siendo menores de edad (APRAMP, 2017). Para las abolicionistas no hay medias tintas posibles; la lucha por la igualdad de hombres y mujeres implica necesariamente el desmantelamiento de la prostituci\u00f3n y no se puede llamar feminista a quien no comparta este objetivo. Para ellas, es absolutamente necesario cuestionarse el problema de fondo y proponer medidas de transformaci\u00f3n social.<\/p>\n<p>Al final, dejando a un lado otras muchas cuestiones en las que el feminismo espa\u00f1ol tambi\u00e9n se encuentra enfrentado, llegamos al punto m\u00e1s complejo del debate, el del <strong>sujeto del feminismo<\/strong>. El feminismo siempre ha vivido inmerso en diversas reflexiones sobre el origen y la naturaleza de la posici\u00f3n subordinada de las mujeres en la sociedad. Lo que complejiza actualmente esta controversia es el <strong>cuestionamiento de la dicotom\u00eda hombre\/mujer como la \u00fanica normalidad posible<\/strong> desarrollado por la teor\u00eda <em>queer <\/em>(Butler, 1990) y defendido por el grupo pro-sexo. Visto desde el punto de vista de la corriente abolicionista, este cuestionamiento significa de facto <strong>el borrado o desdibujamiento del sujeto mujer<\/strong> y, por tanto, es completamente contrario al feminismo al negar a la <strong>mujer la hegemon\u00eda en la lucha feminista<\/strong>.<\/p>\n<p>En el fondo de este debate vemos que el feminismo vuelve de nuevo al planteamiento primigenio sobre el origen de la discriminaci\u00f3n de las mujeres. Se vuelve a contraponer <strong>sexo y g\u00e9nero<\/strong>; se vuelven a escuchar reflexiones en torno a si las diferencias morfol\u00f3gicas conllevan diferencias de comportamiento, de sentimientos o de deseos, entre hombres y mujeres, y se vuelve a reflexionar sobre si sexo y g\u00e9nero son construcciones sociales y en qu\u00e9 medida (Gil, 2011).<\/p>\n<p>\u00bfQu\u00e9 se puede decir sobre esta cuesti\u00f3n? \u00bfQu\u00e9 significa ser mujer?<\/p>\n<p>Asumir\u00e9 el paradigma te\u00f3rico de la <strong>construcci\u00f3n de la identidad<\/strong> como un proceso de interacci\u00f3n social, es decir, como un proceso vivo, en permanente revisi\u00f3n en el que la <strong>identidad colectiva<\/strong> ser\u00eda el conjunto de significados compartidos por un colectivo, una visi\u00f3n com\u00fan de una situaci\u00f3n que impulsa un sentimiento de uni\u00f3n (Funes, 2003); la <strong>identidad individual<\/strong> ser\u00eda una conciencia del yo en relaci\u00f3n con una realidad percibida que se construye en la interacci\u00f3n social en un proceso m\u00e1s o menos consciente a lo largo de la vida; <strong>la identidad de g\u00e9nero<\/strong> ser\u00eda el conjunto de caracter\u00edsticas, es decir, comportamientos, actitudes, valores, sentimientos, etc. que la sociedad entiende por \u00abhombre\u00bb o \u00abmujer\u00bb y que la persona siente que la representan, y la <strong>identidad sexual, <\/strong>finalmente<strong>,<\/strong> ser\u00eda el conjunto de caracter\u00edsticas relacionadas con la sexualidad que la sociedad asigna a dichos conceptos hombre o mujer y que la persona siente, de nuevo, que la representan.<\/p>\n<p>Bajo estos supuestos, \u00abmujer\u00bb ser\u00eda la persona que se identifica con lo que la sociedad etiqueta como mujer y que siente que le representa. En este sentido, el concepto mujer es un constructo social que es asociado a una persona al nacer y con el que se va identificando a lo largo de su vida construyendo su yo individual.<\/p>\n<p>A lo largo de la historia el movimiento feminista ha ido se\u00f1alando a la sociedad las injusticias derivadas del concepto mujer que la sociedad ten\u00eda en cada momento, pero no se hab\u00eda cuestionado la existencia misma del constructo mujer. Ahora el concepto ha sido puesto en cuesti\u00f3n por el movimiento <em>queer<\/em> y recogido por las posturas pro-sexo para las que, en extremo, podr\u00eda ni siquiera existir, al menos no en la forma dicot\u00f3mica tal y como lo hemos entendido hasta ahora (Gil,2011).<\/p>\n<p>El colectivo abolicionista considera que dinamitar el concepto de g\u00e9nero es ir en contra del feminismo. Desde su punto de vista, la dial\u00e9ctica sexo-g\u00e9nero ha sido muy \u00fatil para el feminismo ya que le ha permitido hacer ver a la sociedad que las construcciones sociales derivadas de una determinada morfolog\u00eda biol\u00f3gica situaban a las mujeres en una posici\u00f3n subordinada injusta. Asimismo, el abolicionismo sostiene que, aunque los mandatos de g\u00e9nero evolucionan, hoy en d\u00eda siguen siendo desiguales y perjudiciales para las mujeres por lo que las reivindicaciones basadas en el g\u00e9nero siguen siendo necesarias.<\/p>\n<p>Desde mi punto de vista, aunque se siga reflexionando sobre el contenido del concepto mujer, la raz\u00f3n fundamental para defender la vigencia del g\u00e9nero en la lucha feminista no es \u00fanicamente el hecho de que siga siendo \u00fatil al feminismo, sino que el g\u00e9nero es el <em>nosotras<\/em> que da sentido y fuerza al movimiento social. Apostar por la individualidad de cada persona, como propone el movimiento <em>queer<\/em>, ser\u00eda deshacer la identidad colectiva del movimiento. Ya no habr\u00eda una colectividad agraviada sino individuos diversos y dispersos en la sociedad, posiblemente m\u00e1s indefensos todav\u00eda.<\/p>\n<p><strong>Referencias<\/strong><\/p>\n<p>APRAMP (2017): <em>Menores y v\u00edctimas de Trata y Explotaci\u00f3n<\/em>. Descargar documento en <a href=\"https:\/\/apramp.org\/download\/menores-victimas-de-trata-y-explotacion-una-realidad-oculta-cada-dia-mas-visible\/\">https:\/\/apramp.org\/download\/menores-victimas-de-trata-y-explotacion-una-realidad-oculta-cada-dia-mas-visible\/<\/a><\/p>\n<p>Briz, M y C. Garaizabal (Coords) (2007): <em>La prostituci\u00f3n a debate: por los derechos de las prostitutas.<\/em> Madrid, Talasa Ediciones.<\/p>\n<p>Butler, J. (1990): <em>E<\/em><em>l g\u00e9nero en disputa. El feminismo y la subversi\u00f3n de a identidad, <\/em>Barcelona, Paid\u00f3s.<\/p>\n<p>Funes, M.\u00aa J. y R. Adell, (2003), <em>Movimientos sociales: cambio social y participaci\u00f3n<\/em>, Madrid, Uned.<\/p>\n<p>Gil, S. (2011): <em>Nuevos feminismos. Sentidos comunes en la dispersi\u00f3n. Una historia de trayectorias y rupturas en el Estado espa\u00f1ol<\/em>, Madrid, Traficantes de Sue\u00f1os.<\/p>\n<p>Miguel (de), A. (2015): <em>Neoliberalismo sexual: el mito de la libre elecci\u00f3n<\/em>. Valencia, Ediciones C\u00e1tedra.<\/p>\n","protected":false},"excerpt":{"rendered":"<p>25\/09\/2020 &#8211; Almudena de Linos (UNED) El feminismo espa\u00f1ol est\u00e1 viviendo un tiempo de gran tensi\u00f3n. Es posible que no sea algo nuevo, pero quiz\u00e1s, por el hecho de que han surgido fisuras en el seno de los partidos en el gobierno, la pol\u00e9mica est\u00e1 siendo m\u00e1s visible que nunca. Existen al menos dos posturas<\/p>\n<div class=\"read-more\"><a href=\"https:\/\/blogs.uned.es\/gesp\/feminismo-espanol-hoy\/\" title=\"Leer M\u00e1s\">Leer M\u00e1s<\/a><\/div>\n","protected":false},"author":29,"featured_media":1505,"comment_status":"open","ping_status":"open","sticky":false,"template":"","format":"standard","meta":{"footnotes":""},"categories":[7,37],"tags":[39,73,41],"class_list":{"0":"post-1503","1":"post","2":"type-post","3":"status-publish","4":"format-standard","5":"has-post-thumbnail","7":"category-blog","8":"category-feminismo","9":"tag-feminismo","10":"tag-patriarcado","11":"tag-teoria-feminista"},"yoast_head":"<!-- This site is optimized with the Yoast SEO plugin v27.2 - https:\/\/yoast.com\/product\/yoast-seo-wordpress\/ -->\n<title>Feminismo espa\u00f1ol hoy: el g\u00e9nero de nuevo en disputa - Grupo de Estudios sobre Sociedad y Pol\u00edtica<\/title>\n<meta name=\"robots\" content=\"index, follow, max-snippet:-1, max-image-preview:large, max-video-preview:-1\" \/>\n<link rel=\"canonical\" href=\"https:\/\/blogs.uned.es\/gesp\/feminismo-espanol-hoy\/\" \/>\n<meta property=\"og:locale\" content=\"es_ES\" \/>\n<meta property=\"og:type\" content=\"article\" \/>\n<meta property=\"og:title\" content=\"Feminismo espa\u00f1ol hoy: el g\u00e9nero de nuevo en disputa - Grupo de Estudios sobre Sociedad y Pol\u00edtica\" \/>\n<meta property=\"og:description\" content=\"25\/09\/2020 &#8211; Almudena de Linos (UNED) El feminismo espa\u00f1ol est\u00e1 viviendo un tiempo de gran tensi\u00f3n. Es posible que no sea algo nuevo, pero quiz\u00e1s, por el hecho de que han surgido fisuras en el seno de los partidos en el gobierno, la pol\u00e9mica est\u00e1 siendo m\u00e1s visible que nunca. Existen al menos dos posturasLeer M\u00e1s\" \/>\n<meta property=\"og:url\" content=\"https:\/\/blogs.uned.es\/gesp\/feminismo-espanol-hoy\/\" \/>\n<meta property=\"og:site_name\" content=\"Grupo de Estudios sobre Sociedad y Pol\u00edtica\" \/>\n<meta property=\"article:published_time\" content=\"2020-09-25T11:00:29+00:00\" \/>\n<meta property=\"og:image\" content=\"https:\/\/blogs.uned.es\/gesp\/wp-content\/uploads\/sites\/21\/2020\/09\/bog-gesp.jpg\" \/>\n\t<meta property=\"og:image:width\" content=\"1343\" \/>\n\t<meta property=\"og:image:height\" content=\"895\" \/>\n\t<meta property=\"og:image:type\" content=\"image\/jpeg\" \/>\n<meta name=\"author\" content=\"GESP\" \/>\n<meta name=\"twitter:card\" content=\"summary_large_image\" \/>\n<meta name=\"twitter:label1\" content=\"Escrito por\" \/>\n\t<meta name=\"twitter:data1\" content=\"GESP\" \/>\n\t<meta name=\"twitter:label2\" content=\"Tiempo de lectura\" \/>\n\t<meta name=\"twitter:data2\" content=\"10 minutos\" \/>\n<script type=\"application\/ld+json\" class=\"yoast-schema-graph\">{\"@context\":\"https:\/\/schema.org\",\"@graph\":[{\"@type\":\"Article\",\"@id\":\"https:\/\/blogs.uned.es\/gesp\/feminismo-espanol-hoy\/#article\",\"isPartOf\":{\"@id\":\"https:\/\/blogs.uned.es\/gesp\/feminismo-espanol-hoy\/\"},\"author\":{\"name\":\"GESP\",\"@id\":\"https:\/\/blogs.uned.es\/gesp\/#\/schema\/person\/ecd18a39405b70f35f53c2f5fed98526\"},\"headline\":\"Feminismo espa\u00f1ol hoy: el g\u00e9nero de nuevo en disputa\",\"datePublished\":\"2020-09-25T11:00:29+00:00\",\"mainEntityOfPage\":{\"@id\":\"https:\/\/blogs.uned.es\/gesp\/feminismo-espanol-hoy\/\"},\"wordCount\":1914,\"commentCount\":0,\"image\":{\"@id\":\"https:\/\/blogs.uned.es\/gesp\/feminismo-espanol-hoy\/#primaryimage\"},\"thumbnailUrl\":\"https:\/\/blogs.uned.es\/gesp\/wp-content\/uploads\/sites\/21\/2020\/09\/bog-gesp.jpg\",\"keywords\":[\"Feminismo\",\"Patriarcado\",\"Teor\u00eda feminista\"],\"articleSection\":[\"BLOG\",\"Feminismo\"],\"inLanguage\":\"es\",\"potentialAction\":[{\"@type\":\"CommentAction\",\"name\":\"Comment\",\"target\":[\"https:\/\/blogs.uned.es\/gesp\/feminismo-espanol-hoy\/#respond\"]}]},{\"@type\":\"WebPage\",\"@id\":\"https:\/\/blogs.uned.es\/gesp\/feminismo-espanol-hoy\/\",\"url\":\"https:\/\/blogs.uned.es\/gesp\/feminismo-espanol-hoy\/\",\"name\":\"Feminismo espa\u00f1ol hoy: el g\u00e9nero de nuevo en disputa - Grupo de Estudios sobre Sociedad y Pol\u00edtica\",\"isPartOf\":{\"@id\":\"https:\/\/blogs.uned.es\/gesp\/#website\"},\"primaryImageOfPage\":{\"@id\":\"https:\/\/blogs.uned.es\/gesp\/feminismo-espanol-hoy\/#primaryimage\"},\"image\":{\"@id\":\"https:\/\/blogs.uned.es\/gesp\/feminismo-espanol-hoy\/#primaryimage\"},\"thumbnailUrl\":\"https:\/\/blogs.uned.es\/gesp\/wp-content\/uploads\/sites\/21\/2020\/09\/bog-gesp.jpg\",\"datePublished\":\"2020-09-25T11:00:29+00:00\",\"author\":{\"@id\":\"https:\/\/blogs.uned.es\/gesp\/#\/schema\/person\/ecd18a39405b70f35f53c2f5fed98526\"},\"breadcrumb\":{\"@id\":\"https:\/\/blogs.uned.es\/gesp\/feminismo-espanol-hoy\/#breadcrumb\"},\"inLanguage\":\"es\",\"potentialAction\":[{\"@type\":\"ReadAction\",\"target\":[\"https:\/\/blogs.uned.es\/gesp\/feminismo-espanol-hoy\/\"]}]},{\"@type\":\"ImageObject\",\"inLanguage\":\"es\",\"@id\":\"https:\/\/blogs.uned.es\/gesp\/feminismo-espanol-hoy\/#primaryimage\",\"url\":\"https:\/\/blogs.uned.es\/gesp\/wp-content\/uploads\/sites\/21\/2020\/09\/bog-gesp.jpg\",\"contentUrl\":\"https:\/\/blogs.uned.es\/gesp\/wp-content\/uploads\/sites\/21\/2020\/09\/bog-gesp.jpg\",\"width\":1343,\"height\":895},{\"@type\":\"BreadcrumbList\",\"@id\":\"https:\/\/blogs.uned.es\/gesp\/feminismo-espanol-hoy\/#breadcrumb\",\"itemListElement\":[{\"@type\":\"ListItem\",\"position\":1,\"name\":\"Portada\",\"item\":\"https:\/\/blogs.uned.es\/gesp\/\"},{\"@type\":\"ListItem\",\"position\":2,\"name\":\"Feminismo espa\u00f1ol hoy: el g\u00e9nero de nuevo en disputa\"}]},{\"@type\":\"WebSite\",\"@id\":\"https:\/\/blogs.uned.es\/gesp\/#website\",\"url\":\"https:\/\/blogs.uned.es\/gesp\/\",\"name\":\"Grupo de Estudios sobre Sociedad y Pol\u00edtica\",\"description\":\"P\u00e1gina web del Grupo de Estudios sobre Sociedad y Pol\u00edtica (GESP)\",\"potentialAction\":[{\"@type\":\"SearchAction\",\"target\":{\"@type\":\"EntryPoint\",\"urlTemplate\":\"https:\/\/blogs.uned.es\/gesp\/?s={search_term_string}\"},\"query-input\":{\"@type\":\"PropertyValueSpecification\",\"valueRequired\":true,\"valueName\":\"search_term_string\"}}],\"inLanguage\":\"es\"},{\"@type\":\"Person\",\"@id\":\"https:\/\/blogs.uned.es\/gesp\/#\/schema\/person\/ecd18a39405b70f35f53c2f5fed98526\",\"name\":\"GESP\",\"url\":\"https:\/\/blogs.uned.es\/gesp\/author\/jagil\/\"}]}<\/script>\n<!-- \/ Yoast SEO plugin. -->","yoast_head_json":{"title":"Feminismo espa\u00f1ol hoy: el g\u00e9nero de nuevo en disputa - Grupo de Estudios sobre Sociedad y Pol\u00edtica","robots":{"index":"index","follow":"follow","max-snippet":"max-snippet:-1","max-image-preview":"max-image-preview:large","max-video-preview":"max-video-preview:-1"},"canonical":"https:\/\/blogs.uned.es\/gesp\/feminismo-espanol-hoy\/","og_locale":"es_ES","og_type":"article","og_title":"Feminismo espa\u00f1ol hoy: el g\u00e9nero de nuevo en disputa - Grupo de Estudios sobre Sociedad y Pol\u00edtica","og_description":"25\/09\/2020 &#8211; Almudena de Linos (UNED) El feminismo espa\u00f1ol est\u00e1 viviendo un tiempo de gran tensi\u00f3n. Es posible que no sea algo nuevo, pero quiz\u00e1s, por el hecho de que han surgido fisuras en el seno de los partidos en el gobierno, la pol\u00e9mica est\u00e1 siendo m\u00e1s visible que nunca. Existen al menos dos posturasLeer M\u00e1s","og_url":"https:\/\/blogs.uned.es\/gesp\/feminismo-espanol-hoy\/","og_site_name":"Grupo de Estudios sobre Sociedad y Pol\u00edtica","article_published_time":"2020-09-25T11:00:29+00:00","og_image":[{"width":1343,"height":895,"url":"https:\/\/blogs.uned.es\/gesp\/wp-content\/uploads\/sites\/21\/2020\/09\/bog-gesp.jpg","type":"image\/jpeg"}],"author":"GESP","twitter_card":"summary_large_image","twitter_misc":{"Escrito por":"GESP","Tiempo de lectura":"10 minutos"},"schema":{"@context":"https:\/\/schema.org","@graph":[{"@type":"Article","@id":"https:\/\/blogs.uned.es\/gesp\/feminismo-espanol-hoy\/#article","isPartOf":{"@id":"https:\/\/blogs.uned.es\/gesp\/feminismo-espanol-hoy\/"},"author":{"name":"GESP","@id":"https:\/\/blogs.uned.es\/gesp\/#\/schema\/person\/ecd18a39405b70f35f53c2f5fed98526"},"headline":"Feminismo espa\u00f1ol hoy: el g\u00e9nero de nuevo en disputa","datePublished":"2020-09-25T11:00:29+00:00","mainEntityOfPage":{"@id":"https:\/\/blogs.uned.es\/gesp\/feminismo-espanol-hoy\/"},"wordCount":1914,"commentCount":0,"image":{"@id":"https:\/\/blogs.uned.es\/gesp\/feminismo-espanol-hoy\/#primaryimage"},"thumbnailUrl":"https:\/\/blogs.uned.es\/gesp\/wp-content\/uploads\/sites\/21\/2020\/09\/bog-gesp.jpg","keywords":["Feminismo","Patriarcado","Teor\u00eda feminista"],"articleSection":["BLOG","Feminismo"],"inLanguage":"es","potentialAction":[{"@type":"CommentAction","name":"Comment","target":["https:\/\/blogs.uned.es\/gesp\/feminismo-espanol-hoy\/#respond"]}]},{"@type":"WebPage","@id":"https:\/\/blogs.uned.es\/gesp\/feminismo-espanol-hoy\/","url":"https:\/\/blogs.uned.es\/gesp\/feminismo-espanol-hoy\/","name":"Feminismo espa\u00f1ol hoy: el g\u00e9nero de nuevo en disputa - Grupo de Estudios sobre Sociedad y Pol\u00edtica","isPartOf":{"@id":"https:\/\/blogs.uned.es\/gesp\/#website"},"primaryImageOfPage":{"@id":"https:\/\/blogs.uned.es\/gesp\/feminismo-espanol-hoy\/#primaryimage"},"image":{"@id":"https:\/\/blogs.uned.es\/gesp\/feminismo-espanol-hoy\/#primaryimage"},"thumbnailUrl":"https:\/\/blogs.uned.es\/gesp\/wp-content\/uploads\/sites\/21\/2020\/09\/bog-gesp.jpg","datePublished":"2020-09-25T11:00:29+00:00","author":{"@id":"https:\/\/blogs.uned.es\/gesp\/#\/schema\/person\/ecd18a39405b70f35f53c2f5fed98526"},"breadcrumb":{"@id":"https:\/\/blogs.uned.es\/gesp\/feminismo-espanol-hoy\/#breadcrumb"},"inLanguage":"es","potentialAction":[{"@type":"ReadAction","target":["https:\/\/blogs.uned.es\/gesp\/feminismo-espanol-hoy\/"]}]},{"@type":"ImageObject","inLanguage":"es","@id":"https:\/\/blogs.uned.es\/gesp\/feminismo-espanol-hoy\/#primaryimage","url":"https:\/\/blogs.uned.es\/gesp\/wp-content\/uploads\/sites\/21\/2020\/09\/bog-gesp.jpg","contentUrl":"https:\/\/blogs.uned.es\/gesp\/wp-content\/uploads\/sites\/21\/2020\/09\/bog-gesp.jpg","width":1343,"height":895},{"@type":"BreadcrumbList","@id":"https:\/\/blogs.uned.es\/gesp\/feminismo-espanol-hoy\/#breadcrumb","itemListElement":[{"@type":"ListItem","position":1,"name":"Portada","item":"https:\/\/blogs.uned.es\/gesp\/"},{"@type":"ListItem","position":2,"name":"Feminismo espa\u00f1ol hoy: el g\u00e9nero de nuevo en disputa"}]},{"@type":"WebSite","@id":"https:\/\/blogs.uned.es\/gesp\/#website","url":"https:\/\/blogs.uned.es\/gesp\/","name":"Grupo de Estudios sobre Sociedad y Pol\u00edtica","description":"P\u00e1gina web del Grupo de Estudios sobre Sociedad y Pol\u00edtica (GESP)","potentialAction":[{"@type":"SearchAction","target":{"@type":"EntryPoint","urlTemplate":"https:\/\/blogs.uned.es\/gesp\/?s={search_term_string}"},"query-input":{"@type":"PropertyValueSpecification","valueRequired":true,"valueName":"search_term_string"}}],"inLanguage":"es"},{"@type":"Person","@id":"https:\/\/blogs.uned.es\/gesp\/#\/schema\/person\/ecd18a39405b70f35f53c2f5fed98526","name":"GESP","url":"https:\/\/blogs.uned.es\/gesp\/author\/jagil\/"}]}},"_links":{"self":[{"href":"https:\/\/blogs.uned.es\/gesp\/wp-json\/wp\/v2\/posts\/1503","targetHints":{"allow":["GET"]}}],"collection":[{"href":"https:\/\/blogs.uned.es\/gesp\/wp-json\/wp\/v2\/posts"}],"about":[{"href":"https:\/\/blogs.uned.es\/gesp\/wp-json\/wp\/v2\/types\/post"}],"author":[{"embeddable":true,"href":"https:\/\/blogs.uned.es\/gesp\/wp-json\/wp\/v2\/users\/29"}],"replies":[{"embeddable":true,"href":"https:\/\/blogs.uned.es\/gesp\/wp-json\/wp\/v2\/comments?post=1503"}],"version-history":[{"count":1,"href":"https:\/\/blogs.uned.es\/gesp\/wp-json\/wp\/v2\/posts\/1503\/revisions"}],"predecessor-version":[{"id":1507,"href":"https:\/\/blogs.uned.es\/gesp\/wp-json\/wp\/v2\/posts\/1503\/revisions\/1507"}],"wp:featuredmedia":[{"embeddable":true,"href":"https:\/\/blogs.uned.es\/gesp\/wp-json\/wp\/v2\/media\/1505"}],"wp:attachment":[{"href":"https:\/\/blogs.uned.es\/gesp\/wp-json\/wp\/v2\/media?parent=1503"}],"wp:term":[{"taxonomy":"category","embeddable":true,"href":"https:\/\/blogs.uned.es\/gesp\/wp-json\/wp\/v2\/categories?post=1503"},{"taxonomy":"post_tag","embeddable":true,"href":"https:\/\/blogs.uned.es\/gesp\/wp-json\/wp\/v2\/tags?post=1503"}],"curies":[{"name":"wp","href":"https:\/\/api.w.org\/{rel}","templated":true}]}}