{"id":1473,"date":"2020-05-27T08:16:52","date_gmt":"2020-05-27T08:16:52","guid":{"rendered":"http:\/\/blogs.uned.es\/gesp\/?p=1473"},"modified":"2020-05-27T08:16:52","modified_gmt":"2020-05-27T08:16:52","slug":"precariedad-coronavirus","status":"publish","type":"post","link":"https:\/\/blogs.uned.es\/gesp\/precariedad-coronavirus\/","title":{"rendered":"Excepcionalidad, precariedad y dificultades en el conflicto: el caso del trabajo en las plataformas de reparto de comida y mensajer\u00eda durante la crisis del coronavirus"},"content":{"rendered":"<p>27\/05\/2020 &#8211;\u00a0Francisco Fern\u00e1ndez-Trujillo (UNED)<\/p>\n<p>Desde el comienzo del estado de alarma en Espa\u00f1a las repartidoras y los repartidores de comida y mensajer\u00eda han tenido una presencia asegurada por las calles casi vac\u00edas reservadas a los servicios considerados esenciales. As\u00ed, durante este tiempo, las problem\u00e1ticas de quienes trabajan para las grandes plataformas de reparto de comida y mensajer\u00eda han suscitado una gran atenci\u00f3n medi\u00e1tica, han sido abordadas desde el \u00e1mbito acad\u00e9mico, y, probablemente, ha generado una reflexi\u00f3n y atenci\u00f3n por parte de los usuarios de los servicios de las plataformas digitales. Hace aproximadamente un a\u00f1o trataba en <a href=\"http:\/\/blogs.uned.es\/gesp\/economias-de-plataforma\/\">este blog<\/a> cu\u00e1les hab\u00edan sido las pr\u00e1cticas, respuestas y estrategias de quienes se hab\u00edan movilizado en el \u00e1mbito de las plataformas de reparto de comida para poner en marcha resistencias a los procesos de precarizaci\u00f3n en este \u00e1mbito. Durante las semanas de cuarentena por el coronavirus se ha dado una mayor disconformidad y descontento entre muchas de las personas que trabajan en estas plataformas como consecuencia de que se hayan profundizado algunas de las agravadas condiciones de precariedad en estas plataformas. Por eso, en esta entrada se abordan algunas de las cuestiones que han afectado a esta forma de trabajo en un contexto de excepcionalidad que ha afectado de lleno a un \u00e1mbito ya de por s\u00ed precarizado como es el de las plataformas de reparto y mensajer\u00eda y algunas de las respuestas que se han venido dando en este contexto de excepcionalidad.<\/p>\n<p><strong>Agudizaci\u00f3n de la precariedad en el trabajo de plataformas<\/strong><\/p>\n<p>Las problem\u00e1ticas del trabajo en las grandes plataformas de reparto de comida y mensajer\u00eda se han visto aceleradas y potenciadas durante la <a href=\"https:\/\/elpais.com\/elpais\/2020\/05\/07\/eps\/1588845420_993743.html\">crisis del Covid-19 en Espa\u00f1a<\/a>. Sin embargo, estas han de ser observadas dentro de una tendencia (Standing, 2011) y no de manera aislada, ya que estar\u00edan fuertemente relacionadas con algunas de las preocupaciones y retos que ya se ven\u00edan dando en los \u00faltimos a\u00f1os a prop\u00f3sito de dichas cuestiones en torno a las transformaciones del trabajo.<\/p>\n<p>Si bien durante este periodo han seguido vigentes algunos de los asuntos m\u00e1s relevante en torno al trabajo en las plataformas digitales, en general, y las de reparto de comida y mensajer\u00eda, en particular, como son el empleo encubierto (o como es popularmente conocido, de <a href=\"https:\/\/www.20minutos.es\/noticia\/4185977\/0\/los-riders-sin-proteccion-contra-el-coronavirus-las-plataformas-no-quieren-asumir-ninguna-responsabilidad\/\">falsos aut\u00f3nomos<\/a>), la <a href=\"https:\/\/twitter.com\/ridersxderechos\/status\/1263242608341639168\">siniestralidad laboral<\/a> por accidentes de circulaci\u00f3n y <a href=\"https:\/\/www.uv.es\/ceconomiacol\/RidersEstadoAlarma\/CronicaRiders.pdf\">otras caracter\u00edsticas propias de esta forma de trabajo at\u00edpico<\/a>, algunas de las que est\u00e1n suponiendo un mayor agravamiento son el de la salud y seguridad en el trabajo, las bajas remuneraciones por los servicios que son prestados y la p\u00e9rdida de derechos que implican esta forma de relaci\u00f3n laboral en t\u00e9rminos sindicales y de organizaci\u00f3n de las trabajadoras y los trabajadores. Y es que todas estas din\u00e1micas estar\u00edan enmarcadas de manera generalizada en que estas formas de trabajo y la aparici\u00f3n de estas formas at\u00edpicas de relaci\u00f3n laboral suponen una erosi\u00f3n para los sistemas de bienestar y seguridad vinculados al trabajo (Alonso, 1999; Laval Y Dardot, 2013).<\/p>\n<p>Si bien, la tendencia hacia la erosi\u00f3n de las distintas formas de seguridad en el trabajo es una caracter\u00edstica fundamental de la precariedad de estas formas laborales en las plataformas digitales (Fern\u00e1ndez-Trujillo, 2020) en este contexto se han visto profundizadas en tanto que durante la crisis del coronavirus estas trabajadoras y trabajadores han sido de los m\u00e1s expuestos. Esto se da en distintos t\u00e9rminos, como la calidad y condiciones de trabajo o la peligrosidad ante la exposici\u00f3n a la pandemia al encontrarse en un constante contacto con muy diferentes personas, entre otras cuestiones de desarrollo del trabajo diario que se han visto afectadas como ha sido se\u00f1alado por grupos como <a href=\"https:\/\/twitter.com\/ridersxderechos\/\">Riders x Derechos<\/a>, <a href=\"https:\/\/twitter.com\/SindicatoRiders\">Free Riders<\/a> o distintos sindicatos. Sin embargo, estos dos puntos mencionados puede que hayan sido de los m\u00e1s importantes y mayores consecuencias impliquen. Por una parte, las plataformas han llevado a cabo un cambio de <a href=\"https:\/\/twitter.com\/SindicatoRiders\/status\/1255494167108739076\">las condiciones a la baja<\/a> durante el periodo de cuarentena. Esto es especialmente grave en un contexto en el que est\u00e1n dificultadas o directamente imposibilitadas las alternativas laborales por el estado de alarma y la posibilidad \u00fanica del desarrollo de la actividad por aquellos trabajos que han sido considerados servicios esenciales (entre los que se encontraba la actividad del reparto y la mensajer\u00eda). En otras palabras, dif\u00edcilmente se pueden encontrar puestos de trabajos alternativos en un <a href=\"https:\/\/www.niusdiario.es\/economia\/empleo\/coronavirus-impacto-mercado-laboral-paro-registrado-abril-diez-datos_18_2941845142.html\">mercado laboral<\/a> afectado por esta crisis que tambi\u00e9n se manifiesta en lo econ\u00f3mico. Como han se\u00f1alado quienes trabajan en estas plataformas, \u00e9stas no han facilitado o lo han hecho de manera suficiente material de seguridad y EPIs para el desarrollo del trabajo. Ser\u00eda extremadamente dif\u00edcil hacer una contabilizaci\u00f3n, aunque sea aproximada de las personas afectadas por la Covid-19 que trabajan en las plataformas digitales, debido a su relaci\u00f3n at\u00edpica con la empresa y los numerosos casos de trabajadoras y trabajadores en una situaci\u00f3n no regulada o reconocida legalmente. Pero podr\u00edamos hacernos una idea de c\u00f3mo ha afectado a este \u00e1mbito con menor protecci\u00f3n que otros del sector de la mensajer\u00eda y paqueter\u00eda con mayor estabilidad y seguridad, como <a href=\"https:\/\/www.fespugtmadrid.es\/2020\/04\/ugt-y-ccoo-denuncian-la-plantilla-de-correos-la-de-mayor-indice-de-contagios-por-coronavirus-del-pais-tras-la-sanitaria-con-un-total-de-mas-de-3-000-casos-836-trabajadores-as-positivos-y-casi-2-2\/\">Correos<\/a>, en el que sindicatos han denunciado numerosos casos de personas afectadas por el virus. Asimismo, y como ha sido se\u00f1alado, las plataformas habr\u00edan reducido el pago por los servicios de reparto durante el periodo de cuarentena. Como se\u00f1ala Jos\u00e9 Miguel S\u00e1nchez Oca\u00f1a, Investigador del equipo de la C\u00e1tedra de Econom\u00eda Colaborativa en el informe <a href=\"https:\/\/www.uv.es\/ceconomiacol\/RidersEstadoAlarma\/CronicaRiders.pdf\"><em>Cr\u00f3nica Del Trabajo De Los Riders Durante El Estado De Alarma: Los 50 Primeros D\u00edas<\/em>,<\/a> algunas plataformas como Glovo habr\u00edan reducido el pago de cada servicio hasta la mitad en algunos casos.<\/p>\n<p><strong>Respuestas ante una mayor precariedad<\/strong><\/p>\n<p>Como se se\u00f1alaba, estas condiciones han implicado cierta respuesta en el sector, d\u00e1ndose una agitaci\u00f3n en colectivos ya activos y con un largo recorrido desde el inicio de la actividad de las plataformas en Espa\u00f1a como Riders x Derechos o Free Riders, pero tambi\u00e9n la generaci\u00f3n de respuestas m\u00e1s o menos espontaneas como la <a href=\"https:\/\/www.publico.es\/economia\/riders-protestan-madrid-ver-reducida-tarifa-base-euro.html\">manifestaci\u00f3n<\/a> que tuvo lugar en Madrid el 16 de abril. Este ser\u00eda un hecho de gran importancia atendiendo a las problem\u00e1ticas de la movilizaci\u00f3n, ya que debemos tener en cuenta el marco y dificultades que implica en el que se produce \u00e9sta. Estas expresiones de disconformidad, desafecci\u00f3n y conflicto con las plataformas por parte de trabajadores y trabajadores se han manifestado fundamentalmente a trav\u00e9s de la mencionada manifestaci\u00f3n y una convocatoria para el <a href=\"https:\/\/www.lavanguardia.com\/local\/valencia\/20200430\/48845758679\/riders-x-derechos-valencia-manifestacion-primero-mayo.html\">1 de mayo en Valencia<\/a> no autorizada por la delegaci\u00f3n del gobierno.<\/p>\n<p>Asimismo, durante este periodo se ha dado el encuentro con otros colectivos o sectores precarizados. Algunos de los ejemplos m\u00e1s claros ser\u00edan el del colectivo <a href=\"https:\/\/twitter.com\/TrabajadoraseAc\/status\/1264503260460744705\">Trabajadoras en Acci\u00f3n<\/a> \u2013colectivo creado para la lucha contra la precariedad- o el <a href=\"https:\/\/twitter.com\/MadridSindicato\/status\/1257252433438392320\">Sindicato de Trabajadoras y Trabajadores de Hosteler\u00eda de Madrid<\/a>. Un ejemplo de c\u00f3mo estas alianzas se hacen patentes en la pr\u00e1ctica a trav\u00e9s de herramientas como la <a href=\"https:\/\/www.goteo.org\/project\/caja-resistencia-trabajadorxs-hosteleria-y-riders\">caja de resistencia<\/a> puesta en marcha para las contingencias derivadas de la organizaci\u00f3n.<\/p>\n<p>Otra de las respuestas que se han dado desde estos colectivos de trabajadoras y trabajadores de las plataformas de reparto ha sido la provisi\u00f3n de EPIs y para la seguridad en el trabajo para todas las repartidoras y repartidores que quisieran acceder ante la escasa provisi\u00f3n de las empresas. Estos repartos se han dado en distintas ciudades, siendo el ejemplo m\u00e1s claro <a href=\"https:\/\/twitter.com\/RidersxVLC\/status\/1253433730426793984\">Valencia<\/a> en los que se han venido dando de manera peri\u00f3dica por parte del colectivo Riders x Derechos.<\/p>\n<p>Asimismo, ha sido de gran importancia la tarea de difusi\u00f3n del conflicto, apareciendo en muy distintos medios de comunicaci\u00f3n y a trav\u00e9s de las redes sociales. Pero esta tarea tambi\u00e9n se ha llevado a cabo a trav\u00e9s del encuentro y acercamiento con diferentes sindicatos y <a href=\"https:\/\/twitter.com\/ridersxderechos\/status\/1253393506808279041\">partidos<\/a> que han venido atendiendo a la problem\u00e1tica espec\u00edfica de este conflicto.<\/p>\n<p>La dimensi\u00f3n global de este tipo de plataformas tiene su reflejo en las respuestas (Dufresne, 2019). As\u00ed, se han venido dando diversas respuestas en m\u00faltiples pa\u00edses, especialmente en <a href=\"https:\/\/twitter.com\/mau_pirone\/status\/1264610276336447489\">Europa<\/a> y en Am\u00e9rica Latina.<\/p>\n<p><img loading=\"lazy\" decoding=\"async\" class=\"aligncenter wp-image-1479\" src=\"http:\/\/blogs.uned.es\/gesp\/wp-content\/uploads\/sites\/21\/2020\/05\/photo5940472952359334600-1.jpg\" alt=\"\" width=\"260\" height=\"329\" srcset=\"https:\/\/blogs.uned.es\/gesp\/wp-content\/uploads\/sites\/21\/2020\/05\/photo5940472952359334600-1.jpg 614w, https:\/\/blogs.uned.es\/gesp\/wp-content\/uploads\/sites\/21\/2020\/05\/photo5940472952359334600-1-237x300.jpg 237w\" sizes=\"auto, (max-width: 260px) 100vw, 260px\" \/><\/p>\n<p>En este \u00faltimo, se han dado algunos procesos de movilizaci\u00f3n especialmente relevantes, donde hay que se\u00f1alar una especial importancia de la coordinaci\u00f3n internacional entre trabajadores organizados del continente, una serie de movilizaciones especialmente rese\u00f1ables y una gran respuesta represiva ante la movilizaci\u00f3n llevada a cabo. Durante estas movilizaciones se han producido diferentes manifestaciones en varios pa\u00edses y alguna huelgas y paros. En una de \u00e9stas, algunas repartidoras y repartidoras de diferentes ciudades de Espa\u00f1a participaron.<\/p>\n<p><img loading=\"lazy\" decoding=\"async\" class=\"aligncenter wp-image-1477\" src=\"http:\/\/blogs.uned.es\/gesp\/wp-content\/uploads\/sites\/21\/2020\/05\/photo5940472952359334601-159x300.jpg\" alt=\"\" width=\"175\" height=\"331\" srcset=\"https:\/\/blogs.uned.es\/gesp\/wp-content\/uploads\/sites\/21\/2020\/05\/photo5940472952359334601-159x300.jpg 159w, https:\/\/blogs.uned.es\/gesp\/wp-content\/uploads\/sites\/21\/2020\/05\/photo5940472952359334601-541x1024.jpg 541w, https:\/\/blogs.uned.es\/gesp\/wp-content\/uploads\/sites\/21\/2020\/05\/photo5940472952359334601.jpg 572w\" sizes=\"auto, (max-width: 175px) 100vw, 175px\" \/><\/p>\n<p>Sin duda, encontramos una contraposici\u00f3n clara entre el planteamiento y el abordaje de esta problem\u00e1tica por parte de las grandes plataformas y de las cooperativas de reparto y mensajer\u00eda (Scholz, 2016). Diferentes cooperativas generadas como respuestas y a partir de la salida de diferentes trabajadores de las grandes plataformas \u2013como <a href=\"https:\/\/www.instagram.com\/lapajaraenbici\/\">La P\u00e1jara<\/a> y <a href=\"https:\/\/www.instagram.com\/blackvrier\/\">Black Kvrier<\/a> en Madrid y <a href=\"https:\/\/www.instagram.com\/mensakas\/\">Mensakas<\/a> en Barcelona-, han desarrollada su actividad bajo la reflexi\u00f3n y debate y bajo las mayores condiciones de seguridad posibles. As\u00ed, es posible observar la diferencia de trabajadores de un mismo sector bajo l\u00f3gicas de respuesta a la crisis totalmente diferenciada.<\/p>\n<p>As\u00ed, si bien se han visto aceleradas muchas de las dimensiones de c\u00f3mo se manifiesta la precariedad en estas plataformas, tambi\u00e9n se han agudizado y puesto en marcha respuestas adecuadas a las condiciones y el contexto excepcional en el que se da este conflicto. Sin duda, en los pr\u00f3ximos meses veremos c\u00f3mo se seguir\u00e1n dando estos procesos ante una realidad compleja para este conflicto laboral.<\/p>\n<p>Referencias<\/p>\n<p>Alonoso, L. E. (1999) <em>Trabajo y ciudadan\u00eda. Estudios sobre la crisis de la sociedad salarial. <\/em>Madrid: Trotta<\/p>\n<p>Dufresne, A. (2019). Les acteurs de la lutte: collectifs et syndicats Vers de nouvelles identit\u00e9s collectives? <em>Gresea \u00c9chos, 98<\/em>, 14-21.<\/p>\n<p>Fern\u00e1ndez-Trujillo, F. (2020). Precariedad e inestabilidad: contradicciones en el trabajo en las plataformas de reparto de comida.\u00a0<em>Teknokultura. Revista De Cultura Digital Y Movimientos Sociales<\/em>,\u00a0<em>17<\/em>(1), 35-40. <a href=\"https:\/\/doi.org\/10.5209\/tekn.65189\">https:\/\/doi.org\/10.5209\/tekn.65189<\/a><\/p>\n<p>Laval, C. y Dardot, P. (2013). <em>La nueva raz\u00f3n del mundo. Ensayo sobre la sociedad neoliberal<\/em>. Barcelona: Gedisa Editorial.<\/p>\n<p>Scholz, T. (2016). <em>Platform Cooperativism. <\/em><em>Challenging the Corporate Sharing Economy.<\/em> New York: Rosa Luxemburg Stiftung.<\/p>\n<p>Standing, G. (2011) <em>El precariado. Una nueva clase social<\/em>. Barcelona: Pasado y Presente.<\/p>\n<p>&nbsp;<\/p>\n<p>&nbsp;<\/p>\n","protected":false},"excerpt":{"rendered":"<p>27\/05\/2020 &#8211;\u00a0Francisco Fern\u00e1ndez-Trujillo (UNED) Desde el comienzo del estado de alarma en Espa\u00f1a las repartidoras y los repartidores de comida y mensajer\u00eda han tenido una presencia asegurada por las calles casi vac\u00edas reservadas a los servicios considerados esenciales. As\u00ed, durante este tiempo, las problem\u00e1ticas de quienes trabajan para las grandes plataformas de reparto de comida<\/p>\n<div class=\"read-more\"><a href=\"https:\/\/blogs.uned.es\/gesp\/precariedad-coronavirus\/\" title=\"Leer M\u00e1s\">Leer M\u00e1s<\/a><\/div>\n","protected":false},"author":29,"featured_media":1483,"comment_status":"open","ping_status":"open","sticky":false,"template":"","format":"standard","meta":{"footnotes":""},"categories":[7,203,199],"tags":[],"class_list":{"0":"post-1473","1":"post","2":"type-post","3":"status-publish","4":"format-standard","5":"has-post-thumbnail","7":"category-blog","8":"category-movilizaciones","9":"category-protesta"},"yoast_head":"<!-- This site is optimized with the Yoast SEO plugin v27.2 - https:\/\/yoast.com\/product\/yoast-seo-wordpress\/ -->\n<title>Excepcionalidad, precariedad y dificultades en el conflicto: el caso del trabajo en las plataformas de reparto de comida y mensajer\u00eda durante la crisis del coronavirus - Grupo de Estudios sobre Sociedad y Pol\u00edtica<\/title>\n<meta name=\"robots\" content=\"index, follow, max-snippet:-1, max-image-preview:large, max-video-preview:-1\" \/>\n<link rel=\"canonical\" href=\"https:\/\/blogs.uned.es\/gesp\/precariedad-coronavirus\/\" \/>\n<meta property=\"og:locale\" content=\"es_ES\" \/>\n<meta property=\"og:type\" content=\"article\" \/>\n<meta property=\"og:title\" content=\"Excepcionalidad, precariedad y dificultades en el conflicto: el caso del trabajo en las plataformas de reparto de comida y mensajer\u00eda durante la crisis del coronavirus - Grupo de Estudios sobre Sociedad y Pol\u00edtica\" \/>\n<meta property=\"og:description\" content=\"27\/05\/2020 &#8211;\u00a0Francisco Fern\u00e1ndez-Trujillo (UNED) Desde el comienzo del estado de alarma en Espa\u00f1a las repartidoras y los repartidores de comida y mensajer\u00eda han tenido una presencia asegurada por las calles casi vac\u00edas reservadas a los servicios considerados esenciales. As\u00ed, durante este tiempo, las problem\u00e1ticas de quienes trabajan para las grandes plataformas de reparto de comidaLeer M\u00e1s\" \/>\n<meta property=\"og:url\" content=\"https:\/\/blogs.uned.es\/gesp\/precariedad-coronavirus\/\" \/>\n<meta property=\"og:site_name\" content=\"Grupo de Estudios sobre Sociedad y Pol\u00edtica\" \/>\n<meta property=\"article:published_time\" content=\"2020-05-27T08:16:52+00:00\" \/>\n<meta property=\"og:image\" content=\"https:\/\/blogs.uned.es\/gesp\/wp-content\/uploads\/sites\/21\/2020\/05\/photo5940472952359334602-copia.jpg\" \/>\n\t<meta property=\"og:image:width\" content=\"1060\" \/>\n\t<meta property=\"og:image:height\" content=\"417\" \/>\n\t<meta property=\"og:image:type\" content=\"image\/jpeg\" \/>\n<meta name=\"author\" content=\"GESP\" \/>\n<meta name=\"twitter:card\" content=\"summary_large_image\" \/>\n<meta name=\"twitter:label1\" content=\"Escrito por\" \/>\n\t<meta name=\"twitter:data1\" content=\"GESP\" \/>\n\t<meta name=\"twitter:label2\" content=\"Tiempo de lectura\" \/>\n\t<meta name=\"twitter:data2\" content=\"9 minutos\" \/>\n<script type=\"application\/ld+json\" class=\"yoast-schema-graph\">{\"@context\":\"https:\/\/schema.org\",\"@graph\":[{\"@type\":\"Article\",\"@id\":\"https:\/\/blogs.uned.es\/gesp\/precariedad-coronavirus\/#article\",\"isPartOf\":{\"@id\":\"https:\/\/blogs.uned.es\/gesp\/precariedad-coronavirus\/\"},\"author\":{\"name\":\"GESP\",\"@id\":\"https:\/\/blogs.uned.es\/gesp\/#\/schema\/person\/ecd18a39405b70f35f53c2f5fed98526\"},\"headline\":\"Excepcionalidad, precariedad y dificultades en el conflicto: el caso del trabajo en las plataformas de reparto de comida y mensajer\u00eda durante la crisis del coronavirus\",\"datePublished\":\"2020-05-27T08:16:52+00:00\",\"mainEntityOfPage\":{\"@id\":\"https:\/\/blogs.uned.es\/gesp\/precariedad-coronavirus\/\"},\"wordCount\":1813,\"commentCount\":0,\"image\":{\"@id\":\"https:\/\/blogs.uned.es\/gesp\/precariedad-coronavirus\/#primaryimage\"},\"thumbnailUrl\":\"https:\/\/blogs.uned.es\/gesp\/wp-content\/uploads\/sites\/21\/2020\/05\/photo5940472952359334602-copia.jpg\",\"articleSection\":[\"BLOG\",\"Movilizaciones\",\"Protesta\"],\"inLanguage\":\"es\",\"potentialAction\":[{\"@type\":\"CommentAction\",\"name\":\"Comment\",\"target\":[\"https:\/\/blogs.uned.es\/gesp\/precariedad-coronavirus\/#respond\"]}]},{\"@type\":\"WebPage\",\"@id\":\"https:\/\/blogs.uned.es\/gesp\/precariedad-coronavirus\/\",\"url\":\"https:\/\/blogs.uned.es\/gesp\/precariedad-coronavirus\/\",\"name\":\"Excepcionalidad, precariedad y dificultades en el conflicto: el caso del trabajo en las plataformas de reparto de comida y mensajer\u00eda durante la crisis del coronavirus - Grupo de Estudios sobre Sociedad y Pol\u00edtica\",\"isPartOf\":{\"@id\":\"https:\/\/blogs.uned.es\/gesp\/#website\"},\"primaryImageOfPage\":{\"@id\":\"https:\/\/blogs.uned.es\/gesp\/precariedad-coronavirus\/#primaryimage\"},\"image\":{\"@id\":\"https:\/\/blogs.uned.es\/gesp\/precariedad-coronavirus\/#primaryimage\"},\"thumbnailUrl\":\"https:\/\/blogs.uned.es\/gesp\/wp-content\/uploads\/sites\/21\/2020\/05\/photo5940472952359334602-copia.jpg\",\"datePublished\":\"2020-05-27T08:16:52+00:00\",\"author\":{\"@id\":\"https:\/\/blogs.uned.es\/gesp\/#\/schema\/person\/ecd18a39405b70f35f53c2f5fed98526\"},\"breadcrumb\":{\"@id\":\"https:\/\/blogs.uned.es\/gesp\/precariedad-coronavirus\/#breadcrumb\"},\"inLanguage\":\"es\",\"potentialAction\":[{\"@type\":\"ReadAction\",\"target\":[\"https:\/\/blogs.uned.es\/gesp\/precariedad-coronavirus\/\"]}]},{\"@type\":\"ImageObject\",\"inLanguage\":\"es\",\"@id\":\"https:\/\/blogs.uned.es\/gesp\/precariedad-coronavirus\/#primaryimage\",\"url\":\"https:\/\/blogs.uned.es\/gesp\/wp-content\/uploads\/sites\/21\/2020\/05\/photo5940472952359334602-copia.jpg\",\"contentUrl\":\"https:\/\/blogs.uned.es\/gesp\/wp-content\/uploads\/sites\/21\/2020\/05\/photo5940472952359334602-copia.jpg\",\"width\":1060,\"height\":417},{\"@type\":\"BreadcrumbList\",\"@id\":\"https:\/\/blogs.uned.es\/gesp\/precariedad-coronavirus\/#breadcrumb\",\"itemListElement\":[{\"@type\":\"ListItem\",\"position\":1,\"name\":\"Portada\",\"item\":\"https:\/\/blogs.uned.es\/gesp\/\"},{\"@type\":\"ListItem\",\"position\":2,\"name\":\"Excepcionalidad, precariedad y dificultades en el conflicto: el caso del trabajo en las plataformas de reparto de comida y mensajer\u00eda durante la crisis del coronavirus\"}]},{\"@type\":\"WebSite\",\"@id\":\"https:\/\/blogs.uned.es\/gesp\/#website\",\"url\":\"https:\/\/blogs.uned.es\/gesp\/\",\"name\":\"Grupo de Estudios sobre Sociedad y Pol\u00edtica\",\"description\":\"P\u00e1gina web del Grupo de Estudios sobre Sociedad y Pol\u00edtica (GESP)\",\"potentialAction\":[{\"@type\":\"SearchAction\",\"target\":{\"@type\":\"EntryPoint\",\"urlTemplate\":\"https:\/\/blogs.uned.es\/gesp\/?s={search_term_string}\"},\"query-input\":{\"@type\":\"PropertyValueSpecification\",\"valueRequired\":true,\"valueName\":\"search_term_string\"}}],\"inLanguage\":\"es\"},{\"@type\":\"Person\",\"@id\":\"https:\/\/blogs.uned.es\/gesp\/#\/schema\/person\/ecd18a39405b70f35f53c2f5fed98526\",\"name\":\"GESP\",\"url\":\"https:\/\/blogs.uned.es\/gesp\/author\/jagil\/\"}]}<\/script>\n<!-- \/ Yoast SEO plugin. -->","yoast_head_json":{"title":"Excepcionalidad, precariedad y dificultades en el conflicto: el caso del trabajo en las plataformas de reparto de comida y mensajer\u00eda durante la crisis del coronavirus - Grupo de Estudios sobre Sociedad y Pol\u00edtica","robots":{"index":"index","follow":"follow","max-snippet":"max-snippet:-1","max-image-preview":"max-image-preview:large","max-video-preview":"max-video-preview:-1"},"canonical":"https:\/\/blogs.uned.es\/gesp\/precariedad-coronavirus\/","og_locale":"es_ES","og_type":"article","og_title":"Excepcionalidad, precariedad y dificultades en el conflicto: el caso del trabajo en las plataformas de reparto de comida y mensajer\u00eda durante la crisis del coronavirus - Grupo de Estudios sobre Sociedad y Pol\u00edtica","og_description":"27\/05\/2020 &#8211;\u00a0Francisco Fern\u00e1ndez-Trujillo (UNED) Desde el comienzo del estado de alarma en Espa\u00f1a las repartidoras y los repartidores de comida y mensajer\u00eda han tenido una presencia asegurada por las calles casi vac\u00edas reservadas a los servicios considerados esenciales. As\u00ed, durante este tiempo, las problem\u00e1ticas de quienes trabajan para las grandes plataformas de reparto de comidaLeer M\u00e1s","og_url":"https:\/\/blogs.uned.es\/gesp\/precariedad-coronavirus\/","og_site_name":"Grupo de Estudios sobre Sociedad y Pol\u00edtica","article_published_time":"2020-05-27T08:16:52+00:00","og_image":[{"width":1060,"height":417,"url":"https:\/\/blogs.uned.es\/gesp\/wp-content\/uploads\/sites\/21\/2020\/05\/photo5940472952359334602-copia.jpg","type":"image\/jpeg"}],"author":"GESP","twitter_card":"summary_large_image","twitter_misc":{"Escrito por":"GESP","Tiempo de lectura":"9 minutos"},"schema":{"@context":"https:\/\/schema.org","@graph":[{"@type":"Article","@id":"https:\/\/blogs.uned.es\/gesp\/precariedad-coronavirus\/#article","isPartOf":{"@id":"https:\/\/blogs.uned.es\/gesp\/precariedad-coronavirus\/"},"author":{"name":"GESP","@id":"https:\/\/blogs.uned.es\/gesp\/#\/schema\/person\/ecd18a39405b70f35f53c2f5fed98526"},"headline":"Excepcionalidad, precariedad y dificultades en el conflicto: el caso del trabajo en las plataformas de reparto de comida y mensajer\u00eda durante la crisis del coronavirus","datePublished":"2020-05-27T08:16:52+00:00","mainEntityOfPage":{"@id":"https:\/\/blogs.uned.es\/gesp\/precariedad-coronavirus\/"},"wordCount":1813,"commentCount":0,"image":{"@id":"https:\/\/blogs.uned.es\/gesp\/precariedad-coronavirus\/#primaryimage"},"thumbnailUrl":"https:\/\/blogs.uned.es\/gesp\/wp-content\/uploads\/sites\/21\/2020\/05\/photo5940472952359334602-copia.jpg","articleSection":["BLOG","Movilizaciones","Protesta"],"inLanguage":"es","potentialAction":[{"@type":"CommentAction","name":"Comment","target":["https:\/\/blogs.uned.es\/gesp\/precariedad-coronavirus\/#respond"]}]},{"@type":"WebPage","@id":"https:\/\/blogs.uned.es\/gesp\/precariedad-coronavirus\/","url":"https:\/\/blogs.uned.es\/gesp\/precariedad-coronavirus\/","name":"Excepcionalidad, precariedad y dificultades en el conflicto: el caso del trabajo en las plataformas de reparto de comida y mensajer\u00eda durante la crisis del coronavirus - Grupo de Estudios sobre Sociedad y Pol\u00edtica","isPartOf":{"@id":"https:\/\/blogs.uned.es\/gesp\/#website"},"primaryImageOfPage":{"@id":"https:\/\/blogs.uned.es\/gesp\/precariedad-coronavirus\/#primaryimage"},"image":{"@id":"https:\/\/blogs.uned.es\/gesp\/precariedad-coronavirus\/#primaryimage"},"thumbnailUrl":"https:\/\/blogs.uned.es\/gesp\/wp-content\/uploads\/sites\/21\/2020\/05\/photo5940472952359334602-copia.jpg","datePublished":"2020-05-27T08:16:52+00:00","author":{"@id":"https:\/\/blogs.uned.es\/gesp\/#\/schema\/person\/ecd18a39405b70f35f53c2f5fed98526"},"breadcrumb":{"@id":"https:\/\/blogs.uned.es\/gesp\/precariedad-coronavirus\/#breadcrumb"},"inLanguage":"es","potentialAction":[{"@type":"ReadAction","target":["https:\/\/blogs.uned.es\/gesp\/precariedad-coronavirus\/"]}]},{"@type":"ImageObject","inLanguage":"es","@id":"https:\/\/blogs.uned.es\/gesp\/precariedad-coronavirus\/#primaryimage","url":"https:\/\/blogs.uned.es\/gesp\/wp-content\/uploads\/sites\/21\/2020\/05\/photo5940472952359334602-copia.jpg","contentUrl":"https:\/\/blogs.uned.es\/gesp\/wp-content\/uploads\/sites\/21\/2020\/05\/photo5940472952359334602-copia.jpg","width":1060,"height":417},{"@type":"BreadcrumbList","@id":"https:\/\/blogs.uned.es\/gesp\/precariedad-coronavirus\/#breadcrumb","itemListElement":[{"@type":"ListItem","position":1,"name":"Portada","item":"https:\/\/blogs.uned.es\/gesp\/"},{"@type":"ListItem","position":2,"name":"Excepcionalidad, precariedad y dificultades en el conflicto: el caso del trabajo en las plataformas de reparto de comida y mensajer\u00eda durante la crisis del coronavirus"}]},{"@type":"WebSite","@id":"https:\/\/blogs.uned.es\/gesp\/#website","url":"https:\/\/blogs.uned.es\/gesp\/","name":"Grupo de Estudios sobre Sociedad y Pol\u00edtica","description":"P\u00e1gina web del Grupo de Estudios sobre Sociedad y Pol\u00edtica (GESP)","potentialAction":[{"@type":"SearchAction","target":{"@type":"EntryPoint","urlTemplate":"https:\/\/blogs.uned.es\/gesp\/?s={search_term_string}"},"query-input":{"@type":"PropertyValueSpecification","valueRequired":true,"valueName":"search_term_string"}}],"inLanguage":"es"},{"@type":"Person","@id":"https:\/\/blogs.uned.es\/gesp\/#\/schema\/person\/ecd18a39405b70f35f53c2f5fed98526","name":"GESP","url":"https:\/\/blogs.uned.es\/gesp\/author\/jagil\/"}]}},"_links":{"self":[{"href":"https:\/\/blogs.uned.es\/gesp\/wp-json\/wp\/v2\/posts\/1473","targetHints":{"allow":["GET"]}}],"collection":[{"href":"https:\/\/blogs.uned.es\/gesp\/wp-json\/wp\/v2\/posts"}],"about":[{"href":"https:\/\/blogs.uned.es\/gesp\/wp-json\/wp\/v2\/types\/post"}],"author":[{"embeddable":true,"href":"https:\/\/blogs.uned.es\/gesp\/wp-json\/wp\/v2\/users\/29"}],"replies":[{"embeddable":true,"href":"https:\/\/blogs.uned.es\/gesp\/wp-json\/wp\/v2\/comments?post=1473"}],"version-history":[{"count":4,"href":"https:\/\/blogs.uned.es\/gesp\/wp-json\/wp\/v2\/posts\/1473\/revisions"}],"predecessor-version":[{"id":1493,"href":"https:\/\/blogs.uned.es\/gesp\/wp-json\/wp\/v2\/posts\/1473\/revisions\/1493"}],"wp:featuredmedia":[{"embeddable":true,"href":"https:\/\/blogs.uned.es\/gesp\/wp-json\/wp\/v2\/media\/1483"}],"wp:attachment":[{"href":"https:\/\/blogs.uned.es\/gesp\/wp-json\/wp\/v2\/media?parent=1473"}],"wp:term":[{"taxonomy":"category","embeddable":true,"href":"https:\/\/blogs.uned.es\/gesp\/wp-json\/wp\/v2\/categories?post=1473"},{"taxonomy":"post_tag","embeddable":true,"href":"https:\/\/blogs.uned.es\/gesp\/wp-json\/wp\/v2\/tags?post=1473"}],"curies":[{"name":"wp","href":"https:\/\/api.w.org\/{rel}","templated":true}]}}