{"id":1331,"date":"2019-12-18T09:47:29","date_gmt":"2019-12-18T09:47:29","guid":{"rendered":"http:\/\/blogs.uned.es\/gesp\/?p=1331"},"modified":"2019-12-18T11:47:23","modified_gmt":"2019-12-18T11:47:23","slug":"ampliando-el-debate-sobre-las-consecuencias-del-cambio-demografico-que-pueden-aportar-las-nuevas-narrativas-sobre-vejez-y-dependencia","status":"publish","type":"post","link":"https:\/\/blogs.uned.es\/gesp\/ampliando-el-debate-sobre-las-consecuencias-del-cambio-demografico-que-pueden-aportar-las-nuevas-narrativas-sobre-vejez-y-dependencia\/","title":{"rendered":"Ampliando el debate sobre las consecuencias del cambio demogr\u00e1fico: \u00bfqu\u00e9 pueden aportar las nuevas narrativas sobre vejez y dependencia?"},"content":{"rendered":"<p>18\/12\/2019 &#8211; Celia Fern\u00e1ndez-Carro (UNED)<\/p>\n<p>El cuidado a la dependencia se ha convertido en un asunto de inter\u00e9s p\u00fablico de primer orden en un tiempo r\u00e9cord. Teniendo en cuenta que su origen como objeto de estudio se sit\u00faa en las investigaciones feministas que hace m\u00e1s de medio siglo analizaron las desigualdades de g\u00e9nero provocadas por la divisi\u00f3n sexual del trabajo, \u00bfpor qu\u00e9 es ahora cuando el cuidado ha logrado un lugar estelar en la agenda pol\u00edtica, medios de comunicaci\u00f3n y opini\u00f3n p\u00fablica? Sin duda, la respuesta est\u00e1 en su visibilizaci\u00f3n como actividad de mercado. La creaci\u00f3n de sistemas p\u00fablicos de atenci\u00f3n a la dependencia, en un contexto demogr\u00e1fico que apunta a un aumento sin precedentes de poblaci\u00f3n por encima de los 65 a\u00f1os, hizo que las administraciones se preocuparan por cuantificar el valor monetario de esta actividad, que hasta entonces permanec\u00eda oculto por tratarse de un trabajo reproductivo y feminizado.<\/p>\n<p>En este escenario cabe preguntarse si el imaginario colectivo sobre el cuidado a la dependencia refleja fielmente la compleja constelaci\u00f3n de personas que cuidan y son cuidadas. La respuesta es que no. O no totalmente. El alcance de la denominada \u201ccrisis de los cuidados\u201d &#8211; desajuste entre el volumen de poblaci\u00f3n que potencialmente va recibir y dar cuidados &#8211; ha hecho que el foco se centre, sobre todo, en la ayuda que prestan hijos e hijas, fundamentalmente estas \u00faltimas, a sus padres y madres mayores. Ese protagonismo del cuidado intergeneracional alimenta una imagen sesgada de los flujos de apoyo, en los que las personas mayores aparentan ser meros receptores. En \u00faltimo t\u00e9rmino, la dependencia se dibuja como una condici\u00f3n inherente a la \u00faltima etapa de la vida, reforzando los estereotipos negativos que correlacionan vejez e improductividad, aislamiento y declive.<\/p>\n<p>Llama la atenci\u00f3n la persistencia de esta equiparaci\u00f3n dados los cambios que est\u00e1n experimentando las din\u00e1micas de apoyo. Por un lado; la poblaci\u00f3n que tradicionalmente ha asumido la atenci\u00f3n a las personas mayores est\u00e1 descendiendo. Por otro, las condiciones que permit\u00edan dicha atenci\u00f3n tambi\u00e9n se est\u00e1n transformando. Si bien es indudable que la persona cuidadora de mayores arquet\u00edpica en Espa\u00f1a sigue siendo una mujer, con una edad comprendida entre los 50 y los 60 a\u00f1os, casada, con estudios primarios y sin empleo remunerado (Dur\u00e1n Heras 2016), fen\u00f3menos como el descenso de la fecundidad, la masiva incorporaci\u00f3n de las mujeres al mercado laboral, la importancia creciente de las aspiraciones y elecciones individuales o la mayor movilidad geogr\u00e1fica de las generaciones j\u00f3venes, est\u00e1n dando paso a la aparici\u00f3n de nuevos perfiles de personas cuidadoras dentro del \u00e1mbito informal. Uno de estos perfiles son las personas mayores que cuidan de otros mayores.<\/p>\n<p>Ya a principios de la d\u00e9cada de los 90 se observ\u00f3 que una importante proporci\u00f3n de los familiares que atend\u00edan a personas mayores ten\u00edan tambi\u00e9n una edad avanzada (Wenger, 1990). Desde entonces, la edad media de los y las cuidadoras informales, as\u00ed como el porcentaje de poblaci\u00f3n mayor que asiste a alguna persona de edad similar, ha aumentado. Los pocos datos existentes en Espa\u00f1a muestran que entre un 20% y un 33% de personas mayores de 65 a\u00f1os estaban cuidando a una persona mayor con problemas de salud (Fern\u00e1ndez Carro et al., 2019; Sundstr\u00f6m et al., 2018). En pa\u00edses como Reino Unido, EE.UU. o Australia el panorama es muy similar (Age UK, 2016; Carers Trust, 2015).<\/p>\n<p>Para lograr una visi\u00f3n realista del papel que tienen las personas mayores en las din\u00e1micas de cuidado es imprescindible reflexionar sobre qu\u00e9 entendemos por dependencia y qu\u00e9 hay de cierto en su equiparaci\u00f3n como sin\u00f3nimo de vejez. En este sentido, una serie de propuestas te\u00f3ricas que Fern\u00e1ndez Ballesteros (2011) integr\u00f3 en la denominada <em>Red Nomol\u00f3gica del Envejecimiento Positivo<a href=\"#_ftn1\" name=\"_ftnref1\"><strong>[1]<\/strong><\/a><\/em> abrieron el camino para reconocer el potencial de las personas mayores como agentes sociales y revertir el significado negativo de la vejez. Herederas de estos enfoques son las nuevas narrativas que proponen superar \u201c<em>la noci\u00f3n cerrada, estrecha, universal y sin visi\u00f3n temporal del an\u00e1lisis de las necesidades de cuidados que tenemos las personas. Adem\u00e1s, se proponen dar un giro en las connotaciones negativas con que la noci\u00f3n aparece en la esfera p\u00fablica y en la vida pol\u00edtica\u201d<\/em> (Mart\u00edn Palomo, 2011: p. 58). Se trata de que la <em>dependencia<\/em> deje de ser considerada un proceso que \u00fanicamente experimentan las personas mayores, dado que en todas las etapas de la vida los seres humanos interaccionamos con otras personas para tomar decisiones o realizar actividades. El que la autonom\u00eda sea un valor en alza en las sociedades contempor\u00e1neas y permanezca contrapuesta a la dependencia, convierten esta \u00faltima en un estado poco deseable, vergonzante incluso, que estigmatiza a la persona y la excluye. Superar la dicotom\u00eda autonom\u00eda-dependencia permitir\u00eda conceptualizarlos como estados relativos, que pueden solaparse en el tiempo, a veces incluso hasta siendo reversibles. En segundo lugar, el axioma vejez-discapacidad-dependencia debe ponerse en duda cuando esas experiencias son presentadas como estadios de un mismo proceso. Reconociendo que el envejecimiento biol\u00f3gico implica un irremediable deterioro de la salud, la incidencia de factores psicol\u00f3gicos, sociales, culturales y ambientales en el continuum salud-enfermedad hace que la discapacidad no solo tenga que ver con la gravedad y cronicidad de las limitaciones, sino con la imposibilidad de adaptaci\u00f3n al medio y la sociedad en que se produce. As\u00ed, la <em>dependencia, <\/em>m\u00e1s que un atributo personal, es una construcci\u00f3n social surgida de las dimensiones psicol\u00f3gica (autopercepci\u00f3n), social (percepci\u00f3n de los dem\u00e1s), m\u00e9dica (diagn\u00f3stico cl\u00ednico), y administrativa (Dur\u00e1n Heras, 2006).<\/p>\n<p>La eclosi\u00f3n del cuidado a la dependencia como uno de los ejes del debate sobre la sostenibilidad del Estado del Bienestar ha amplificado la repercusi\u00f3n de los discursos en torno al envejecimiento, la vejez y las personas mayores. El estigma de la dependencia y la inactividad surgido en un plano estructural ha se\u00f1alado a los mayores como personas incapaces de hacer elecciones propias, constantemente necesitados de ayuda y que suponen, o supondr\u00e1n, una carga tanto para las administraciones como para las familias. Sin embargo, la realidad se muestra mucho m\u00e1s compleja. Es ah\u00ed donde las reflexiones propuestas por estas nuevas narrativas pueden ayudar a ofrecer una visi\u00f3n m\u00e1s acertada sobre el cuidado y los mayores. Primero, porque reconoce la diversidad, reciprocidad y simultaneidad de roles que estos ejercen. Segundo, porque ese cambio de paradigma hace visible su participaci\u00f3n en la vida social. No se trata de obviar el papel de las personas mayores como receptoras de cuidado, ni de negar los retos que esto plantea a nivel estructural, sino m\u00e1s bien de ampliar los debates sobre vejez y cuidados hasta conseguir una visi\u00f3n real de conjunto.<\/p>\n<p><strong>Referencias: <\/strong><\/p>\n<p>Age UK (2016) Invisible army of oldest carers saving state billions. [En l\u00ednea] [08-11-2018]- Disponible en: <a href=\"http:\/\/www.ageuk.org.uk\/latest-news\/invisible-army-of-oldest-carers-saving-statebillions\/\">http:\/\/www.ageuk.org.uk\/latest-news\/invisible-army-of-oldest-carers-saving-statebillions\/<\/a><\/p>\n<p>Carers UK and Age UK. (2015) Caring in later life. The growing pressure on older carers. London: Carers UK.<\/p>\n<p>Dur\u00e1n Heras, M \u00c1. (2006). Dependientes y cuidadores: el desaf\u00edo de los pr\u00f3ximos a\u00f1os\u201d, Revista del Ministerio de Trabajo y Asuntos Sociales, 60, pp. 57-73<\/p>\n<p>Dur\u00e1n Heras, M. A. (2016). El futuro del cuidado: El envejecimiento de la poblaci\u00f3n y sus consecuencias. Pasajes: Revista de Pensamiento Contempor\u00e1neo 50, pp. 114-127.<\/p>\n<p>Fern\u00e1ndez Ballesteros, R. (2011). Positive Ageing. Objective, subjective, and combined outcomes. Sensoria: A Journal of Mind, Brain &amp; Culture, 7(1), pp. 22-30.<\/p>\n<p>Fern\u00e1ndez Carro, C., G\u00f3mez-Redondo, R., y C\u00e1mara-Izquierdo, N. (2019). The availability of carers for older disabled people in Spain: demographic insights and policy implications. <em>International Journal of Care and Caring<\/em>, 3(3), 323-337.<\/p>\n<p>Fine, M., y Glendinning, C. (2005). Dependence, independence or inter-dependence? Revisiting the concepts of \u2018care\u2019 and \u2018dependency\u2019. <em>Ageing and Society<\/em>, 25(4), pp. 601-621.<\/p>\n<p>Mart\u00edn Palomo, M. T. (2011). Autonom\u00eda, dependencia y vulnerabilidad en la construcci\u00f3n de la ciudadan\u00eda. <em>Zerbitzuan: Revista de Servicios Sociales<\/em>, 48, pp. 57-69<\/p>\n<p>Sundstr\u00f6m, G., Jegermalm, M., Abell\u00e1n, A., Ayala, A., P\u00e9rez, J., Pujol, R., y Souto, J. (2018). Men and older persons also care, but how much? Assessing amounts of caregiving in Spain and Sweden. International Journal of Ageing and Later Life, 12(1), pp. 75-90.<\/p>\n<p>Wenger, G. (1990). Elderly Carers: The Need for Appropriate Intervention. Ageing and Society, 10(2), 197-219.<\/p>\n<p><a href=\"#_ftnref1\" name=\"_ftn1\">[1]<\/a> La Red Nomol\u00f3gica del Envejecimiento Positivo engloba las siguientes propuestas te\u00f3ricas: <em>Activity Theory<\/em> (Havighurst et al., 1968), <em>Successful Ageing<\/em> (Baltes y Baltes, 1990; Rowe y Khan 1987), <em>Productive Ageing<\/em> (Butler y Gleason, 1985; Morrow-Howell, Hinterlong y Sherraden 2001), <em>Active Ageing<\/em> (OMS, 2002) y <em>Optimal\/Healthy Ageing<\/em> (Comisi\u00f3n Europea, 2007).<\/p>\n","protected":false},"excerpt":{"rendered":"<p>18\/12\/2019 &#8211; Celia Fern\u00e1ndez-Carro (UNED) El cuidado a la dependencia se ha convertido en un asunto de inter\u00e9s p\u00fablico de primer orden en un tiempo r\u00e9cord. Teniendo en cuenta que su origen como objeto de estudio se sit\u00faa en las investigaciones feministas que hace m\u00e1s de medio siglo analizaron las desigualdades de g\u00e9nero provocadas por<\/p>\n<div class=\"read-more\"><a href=\"https:\/\/blogs.uned.es\/gesp\/ampliando-el-debate-sobre-las-consecuencias-del-cambio-demografico-que-pueden-aportar-las-nuevas-narrativas-sobre-vejez-y-dependencia\/\" title=\"Leer M\u00e1s\">Leer M\u00e1s<\/a><\/div>\n","protected":false},"author":29,"featured_media":1333,"comment_status":"open","ping_status":"open","sticky":false,"template":"","format":"standard","meta":{"footnotes":""},"categories":[7,205],"tags":[],"class_list":{"0":"post-1331","1":"post","2":"type-post","3":"status-publish","4":"format-standard","5":"has-post-thumbnail","7":"category-blog","8":"category-dependencia"},"yoast_head":"<!-- This site is optimized with the Yoast SEO plugin v27.2 - https:\/\/yoast.com\/product\/yoast-seo-wordpress\/ -->\n<title>Ampliando el debate sobre las consecuencias del cambio demogr\u00e1fico: \u00bfqu\u00e9 pueden aportar las nuevas narrativas sobre vejez y dependencia? - Grupo de Estudios sobre Sociedad y Pol\u00edtica<\/title>\n<meta name=\"robots\" content=\"index, follow, max-snippet:-1, max-image-preview:large, max-video-preview:-1\" \/>\n<link rel=\"canonical\" href=\"https:\/\/blogs.uned.es\/gesp\/ampliando-el-debate-sobre-las-consecuencias-del-cambio-demografico-que-pueden-aportar-las-nuevas-narrativas-sobre-vejez-y-dependencia\/\" \/>\n<meta property=\"og:locale\" content=\"es_ES\" \/>\n<meta property=\"og:type\" content=\"article\" \/>\n<meta property=\"og:title\" content=\"Ampliando el debate sobre las consecuencias del cambio demogr\u00e1fico: \u00bfqu\u00e9 pueden aportar las nuevas narrativas sobre vejez y dependencia? - Grupo de Estudios sobre Sociedad y Pol\u00edtica\" \/>\n<meta property=\"og:description\" content=\"18\/12\/2019 &#8211; Celia Fern\u00e1ndez-Carro (UNED) El cuidado a la dependencia se ha convertido en un asunto de inter\u00e9s p\u00fablico de primer orden en un tiempo r\u00e9cord. Teniendo en cuenta que su origen como objeto de estudio se sit\u00faa en las investigaciones feministas que hace m\u00e1s de medio siglo analizaron las desigualdades de g\u00e9nero provocadas porLeer M\u00e1s\" \/>\n<meta property=\"og:url\" content=\"https:\/\/blogs.uned.es\/gesp\/ampliando-el-debate-sobre-las-consecuencias-del-cambio-demografico-que-pueden-aportar-las-nuevas-narrativas-sobre-vejez-y-dependencia\/\" \/>\n<meta property=\"og:site_name\" content=\"Grupo de Estudios sobre Sociedad y Pol\u00edtica\" \/>\n<meta property=\"article:published_time\" content=\"2019-12-18T09:47:29+00:00\" \/>\n<meta property=\"article:modified_time\" content=\"2019-12-18T11:47:23+00:00\" \/>\n<meta property=\"og:image\" content=\"https:\/\/blogs.uned.es\/gesp\/wp-content\/uploads\/sites\/21\/2019\/12\/pUZZLE.jpg\" \/>\n\t<meta property=\"og:image:width\" content=\"800\" \/>\n\t<meta property=\"og:image:height\" content=\"599\" \/>\n\t<meta property=\"og:image:type\" content=\"image\/jpeg\" \/>\n<meta name=\"author\" content=\"GESP\" \/>\n<meta name=\"twitter:card\" content=\"summary_large_image\" \/>\n<meta name=\"twitter:label1\" content=\"Escrito por\" \/>\n\t<meta name=\"twitter:data1\" content=\"GESP\" \/>\n\t<meta name=\"twitter:label2\" content=\"Tiempo de lectura\" \/>\n\t<meta name=\"twitter:data2\" content=\"7 minutos\" \/>\n<script type=\"application\/ld+json\" class=\"yoast-schema-graph\">{\"@context\":\"https:\/\/schema.org\",\"@graph\":[{\"@type\":\"Article\",\"@id\":\"https:\/\/blogs.uned.es\/gesp\/ampliando-el-debate-sobre-las-consecuencias-del-cambio-demografico-que-pueden-aportar-las-nuevas-narrativas-sobre-vejez-y-dependencia\/#article\",\"isPartOf\":{\"@id\":\"https:\/\/blogs.uned.es\/gesp\/ampliando-el-debate-sobre-las-consecuencias-del-cambio-demografico-que-pueden-aportar-las-nuevas-narrativas-sobre-vejez-y-dependencia\/\"},\"author\":{\"name\":\"GESP\",\"@id\":\"https:\/\/blogs.uned.es\/gesp\/#\/schema\/person\/ecd18a39405b70f35f53c2f5fed98526\"},\"headline\":\"Ampliando el debate sobre las consecuencias del cambio demogr\u00e1fico: \u00bfqu\u00e9 pueden aportar las nuevas narrativas sobre vejez y dependencia?\",\"datePublished\":\"2019-12-18T09:47:29+00:00\",\"dateModified\":\"2019-12-18T11:47:23+00:00\",\"mainEntityOfPage\":{\"@id\":\"https:\/\/blogs.uned.es\/gesp\/ampliando-el-debate-sobre-las-consecuencias-del-cambio-demografico-que-pueden-aportar-las-nuevas-narrativas-sobre-vejez-y-dependencia\/\"},\"wordCount\":1486,\"commentCount\":0,\"image\":{\"@id\":\"https:\/\/blogs.uned.es\/gesp\/ampliando-el-debate-sobre-las-consecuencias-del-cambio-demografico-que-pueden-aportar-las-nuevas-narrativas-sobre-vejez-y-dependencia\/#primaryimage\"},\"thumbnailUrl\":\"https:\/\/blogs.uned.es\/gesp\/wp-content\/uploads\/sites\/21\/2019\/12\/pUZZLE.jpg\",\"articleSection\":[\"BLOG\",\"Dependencia\"],\"inLanguage\":\"es\",\"potentialAction\":[{\"@type\":\"CommentAction\",\"name\":\"Comment\",\"target\":[\"https:\/\/blogs.uned.es\/gesp\/ampliando-el-debate-sobre-las-consecuencias-del-cambio-demografico-que-pueden-aportar-las-nuevas-narrativas-sobre-vejez-y-dependencia\/#respond\"]}]},{\"@type\":\"WebPage\",\"@id\":\"https:\/\/blogs.uned.es\/gesp\/ampliando-el-debate-sobre-las-consecuencias-del-cambio-demografico-que-pueden-aportar-las-nuevas-narrativas-sobre-vejez-y-dependencia\/\",\"url\":\"https:\/\/blogs.uned.es\/gesp\/ampliando-el-debate-sobre-las-consecuencias-del-cambio-demografico-que-pueden-aportar-las-nuevas-narrativas-sobre-vejez-y-dependencia\/\",\"name\":\"Ampliando el debate sobre las consecuencias del cambio demogr\u00e1fico: \u00bfqu\u00e9 pueden aportar las nuevas narrativas sobre vejez y dependencia? - Grupo de Estudios sobre Sociedad y Pol\u00edtica\",\"isPartOf\":{\"@id\":\"https:\/\/blogs.uned.es\/gesp\/#website\"},\"primaryImageOfPage\":{\"@id\":\"https:\/\/blogs.uned.es\/gesp\/ampliando-el-debate-sobre-las-consecuencias-del-cambio-demografico-que-pueden-aportar-las-nuevas-narrativas-sobre-vejez-y-dependencia\/#primaryimage\"},\"image\":{\"@id\":\"https:\/\/blogs.uned.es\/gesp\/ampliando-el-debate-sobre-las-consecuencias-del-cambio-demografico-que-pueden-aportar-las-nuevas-narrativas-sobre-vejez-y-dependencia\/#primaryimage\"},\"thumbnailUrl\":\"https:\/\/blogs.uned.es\/gesp\/wp-content\/uploads\/sites\/21\/2019\/12\/pUZZLE.jpg\",\"datePublished\":\"2019-12-18T09:47:29+00:00\",\"dateModified\":\"2019-12-18T11:47:23+00:00\",\"author\":{\"@id\":\"https:\/\/blogs.uned.es\/gesp\/#\/schema\/person\/ecd18a39405b70f35f53c2f5fed98526\"},\"breadcrumb\":{\"@id\":\"https:\/\/blogs.uned.es\/gesp\/ampliando-el-debate-sobre-las-consecuencias-del-cambio-demografico-que-pueden-aportar-las-nuevas-narrativas-sobre-vejez-y-dependencia\/#breadcrumb\"},\"inLanguage\":\"es\",\"potentialAction\":[{\"@type\":\"ReadAction\",\"target\":[\"https:\/\/blogs.uned.es\/gesp\/ampliando-el-debate-sobre-las-consecuencias-del-cambio-demografico-que-pueden-aportar-las-nuevas-narrativas-sobre-vejez-y-dependencia\/\"]}]},{\"@type\":\"ImageObject\",\"inLanguage\":\"es\",\"@id\":\"https:\/\/blogs.uned.es\/gesp\/ampliando-el-debate-sobre-las-consecuencias-del-cambio-demografico-que-pueden-aportar-las-nuevas-narrativas-sobre-vejez-y-dependencia\/#primaryimage\",\"url\":\"https:\/\/blogs.uned.es\/gesp\/wp-content\/uploads\/sites\/21\/2019\/12\/pUZZLE.jpg\",\"contentUrl\":\"https:\/\/blogs.uned.es\/gesp\/wp-content\/uploads\/sites\/21\/2019\/12\/pUZZLE.jpg\",\"width\":800,\"height\":599},{\"@type\":\"BreadcrumbList\",\"@id\":\"https:\/\/blogs.uned.es\/gesp\/ampliando-el-debate-sobre-las-consecuencias-del-cambio-demografico-que-pueden-aportar-las-nuevas-narrativas-sobre-vejez-y-dependencia\/#breadcrumb\",\"itemListElement\":[{\"@type\":\"ListItem\",\"position\":1,\"name\":\"Portada\",\"item\":\"https:\/\/blogs.uned.es\/gesp\/\"},{\"@type\":\"ListItem\",\"position\":2,\"name\":\"Ampliando el debate sobre las consecuencias del cambio demogr\u00e1fico: \u00bfqu\u00e9 pueden aportar las nuevas narrativas sobre vejez y dependencia?\"}]},{\"@type\":\"WebSite\",\"@id\":\"https:\/\/blogs.uned.es\/gesp\/#website\",\"url\":\"https:\/\/blogs.uned.es\/gesp\/\",\"name\":\"Grupo de Estudios sobre Sociedad y Pol\u00edtica\",\"description\":\"P\u00e1gina web del Grupo de Estudios sobre Sociedad y Pol\u00edtica (GESP)\",\"potentialAction\":[{\"@type\":\"SearchAction\",\"target\":{\"@type\":\"EntryPoint\",\"urlTemplate\":\"https:\/\/blogs.uned.es\/gesp\/?s={search_term_string}\"},\"query-input\":{\"@type\":\"PropertyValueSpecification\",\"valueRequired\":true,\"valueName\":\"search_term_string\"}}],\"inLanguage\":\"es\"},{\"@type\":\"Person\",\"@id\":\"https:\/\/blogs.uned.es\/gesp\/#\/schema\/person\/ecd18a39405b70f35f53c2f5fed98526\",\"name\":\"GESP\",\"url\":\"https:\/\/blogs.uned.es\/gesp\/author\/jagil\/\"}]}<\/script>\n<!-- \/ Yoast SEO plugin. -->","yoast_head_json":{"title":"Ampliando el debate sobre las consecuencias del cambio demogr\u00e1fico: \u00bfqu\u00e9 pueden aportar las nuevas narrativas sobre vejez y dependencia? - Grupo de Estudios sobre Sociedad y Pol\u00edtica","robots":{"index":"index","follow":"follow","max-snippet":"max-snippet:-1","max-image-preview":"max-image-preview:large","max-video-preview":"max-video-preview:-1"},"canonical":"https:\/\/blogs.uned.es\/gesp\/ampliando-el-debate-sobre-las-consecuencias-del-cambio-demografico-que-pueden-aportar-las-nuevas-narrativas-sobre-vejez-y-dependencia\/","og_locale":"es_ES","og_type":"article","og_title":"Ampliando el debate sobre las consecuencias del cambio demogr\u00e1fico: \u00bfqu\u00e9 pueden aportar las nuevas narrativas sobre vejez y dependencia? - Grupo de Estudios sobre Sociedad y Pol\u00edtica","og_description":"18\/12\/2019 &#8211; Celia Fern\u00e1ndez-Carro (UNED) El cuidado a la dependencia se ha convertido en un asunto de inter\u00e9s p\u00fablico de primer orden en un tiempo r\u00e9cord. Teniendo en cuenta que su origen como objeto de estudio se sit\u00faa en las investigaciones feministas que hace m\u00e1s de medio siglo analizaron las desigualdades de g\u00e9nero provocadas porLeer M\u00e1s","og_url":"https:\/\/blogs.uned.es\/gesp\/ampliando-el-debate-sobre-las-consecuencias-del-cambio-demografico-que-pueden-aportar-las-nuevas-narrativas-sobre-vejez-y-dependencia\/","og_site_name":"Grupo de Estudios sobre Sociedad y Pol\u00edtica","article_published_time":"2019-12-18T09:47:29+00:00","article_modified_time":"2019-12-18T11:47:23+00:00","og_image":[{"width":800,"height":599,"url":"https:\/\/blogs.uned.es\/gesp\/wp-content\/uploads\/sites\/21\/2019\/12\/pUZZLE.jpg","type":"image\/jpeg"}],"author":"GESP","twitter_card":"summary_large_image","twitter_misc":{"Escrito por":"GESP","Tiempo de lectura":"7 minutos"},"schema":{"@context":"https:\/\/schema.org","@graph":[{"@type":"Article","@id":"https:\/\/blogs.uned.es\/gesp\/ampliando-el-debate-sobre-las-consecuencias-del-cambio-demografico-que-pueden-aportar-las-nuevas-narrativas-sobre-vejez-y-dependencia\/#article","isPartOf":{"@id":"https:\/\/blogs.uned.es\/gesp\/ampliando-el-debate-sobre-las-consecuencias-del-cambio-demografico-que-pueden-aportar-las-nuevas-narrativas-sobre-vejez-y-dependencia\/"},"author":{"name":"GESP","@id":"https:\/\/blogs.uned.es\/gesp\/#\/schema\/person\/ecd18a39405b70f35f53c2f5fed98526"},"headline":"Ampliando el debate sobre las consecuencias del cambio demogr\u00e1fico: \u00bfqu\u00e9 pueden aportar las nuevas narrativas sobre vejez y dependencia?","datePublished":"2019-12-18T09:47:29+00:00","dateModified":"2019-12-18T11:47:23+00:00","mainEntityOfPage":{"@id":"https:\/\/blogs.uned.es\/gesp\/ampliando-el-debate-sobre-las-consecuencias-del-cambio-demografico-que-pueden-aportar-las-nuevas-narrativas-sobre-vejez-y-dependencia\/"},"wordCount":1486,"commentCount":0,"image":{"@id":"https:\/\/blogs.uned.es\/gesp\/ampliando-el-debate-sobre-las-consecuencias-del-cambio-demografico-que-pueden-aportar-las-nuevas-narrativas-sobre-vejez-y-dependencia\/#primaryimage"},"thumbnailUrl":"https:\/\/blogs.uned.es\/gesp\/wp-content\/uploads\/sites\/21\/2019\/12\/pUZZLE.jpg","articleSection":["BLOG","Dependencia"],"inLanguage":"es","potentialAction":[{"@type":"CommentAction","name":"Comment","target":["https:\/\/blogs.uned.es\/gesp\/ampliando-el-debate-sobre-las-consecuencias-del-cambio-demografico-que-pueden-aportar-las-nuevas-narrativas-sobre-vejez-y-dependencia\/#respond"]}]},{"@type":"WebPage","@id":"https:\/\/blogs.uned.es\/gesp\/ampliando-el-debate-sobre-las-consecuencias-del-cambio-demografico-que-pueden-aportar-las-nuevas-narrativas-sobre-vejez-y-dependencia\/","url":"https:\/\/blogs.uned.es\/gesp\/ampliando-el-debate-sobre-las-consecuencias-del-cambio-demografico-que-pueden-aportar-las-nuevas-narrativas-sobre-vejez-y-dependencia\/","name":"Ampliando el debate sobre las consecuencias del cambio demogr\u00e1fico: \u00bfqu\u00e9 pueden aportar las nuevas narrativas sobre vejez y dependencia? - Grupo de Estudios sobre Sociedad y Pol\u00edtica","isPartOf":{"@id":"https:\/\/blogs.uned.es\/gesp\/#website"},"primaryImageOfPage":{"@id":"https:\/\/blogs.uned.es\/gesp\/ampliando-el-debate-sobre-las-consecuencias-del-cambio-demografico-que-pueden-aportar-las-nuevas-narrativas-sobre-vejez-y-dependencia\/#primaryimage"},"image":{"@id":"https:\/\/blogs.uned.es\/gesp\/ampliando-el-debate-sobre-las-consecuencias-del-cambio-demografico-que-pueden-aportar-las-nuevas-narrativas-sobre-vejez-y-dependencia\/#primaryimage"},"thumbnailUrl":"https:\/\/blogs.uned.es\/gesp\/wp-content\/uploads\/sites\/21\/2019\/12\/pUZZLE.jpg","datePublished":"2019-12-18T09:47:29+00:00","dateModified":"2019-12-18T11:47:23+00:00","author":{"@id":"https:\/\/blogs.uned.es\/gesp\/#\/schema\/person\/ecd18a39405b70f35f53c2f5fed98526"},"breadcrumb":{"@id":"https:\/\/blogs.uned.es\/gesp\/ampliando-el-debate-sobre-las-consecuencias-del-cambio-demografico-que-pueden-aportar-las-nuevas-narrativas-sobre-vejez-y-dependencia\/#breadcrumb"},"inLanguage":"es","potentialAction":[{"@type":"ReadAction","target":["https:\/\/blogs.uned.es\/gesp\/ampliando-el-debate-sobre-las-consecuencias-del-cambio-demografico-que-pueden-aportar-las-nuevas-narrativas-sobre-vejez-y-dependencia\/"]}]},{"@type":"ImageObject","inLanguage":"es","@id":"https:\/\/blogs.uned.es\/gesp\/ampliando-el-debate-sobre-las-consecuencias-del-cambio-demografico-que-pueden-aportar-las-nuevas-narrativas-sobre-vejez-y-dependencia\/#primaryimage","url":"https:\/\/blogs.uned.es\/gesp\/wp-content\/uploads\/sites\/21\/2019\/12\/pUZZLE.jpg","contentUrl":"https:\/\/blogs.uned.es\/gesp\/wp-content\/uploads\/sites\/21\/2019\/12\/pUZZLE.jpg","width":800,"height":599},{"@type":"BreadcrumbList","@id":"https:\/\/blogs.uned.es\/gesp\/ampliando-el-debate-sobre-las-consecuencias-del-cambio-demografico-que-pueden-aportar-las-nuevas-narrativas-sobre-vejez-y-dependencia\/#breadcrumb","itemListElement":[{"@type":"ListItem","position":1,"name":"Portada","item":"https:\/\/blogs.uned.es\/gesp\/"},{"@type":"ListItem","position":2,"name":"Ampliando el debate sobre las consecuencias del cambio demogr\u00e1fico: \u00bfqu\u00e9 pueden aportar las nuevas narrativas sobre vejez y dependencia?"}]},{"@type":"WebSite","@id":"https:\/\/blogs.uned.es\/gesp\/#website","url":"https:\/\/blogs.uned.es\/gesp\/","name":"Grupo de Estudios sobre Sociedad y Pol\u00edtica","description":"P\u00e1gina web del Grupo de Estudios sobre Sociedad y Pol\u00edtica (GESP)","potentialAction":[{"@type":"SearchAction","target":{"@type":"EntryPoint","urlTemplate":"https:\/\/blogs.uned.es\/gesp\/?s={search_term_string}"},"query-input":{"@type":"PropertyValueSpecification","valueRequired":true,"valueName":"search_term_string"}}],"inLanguage":"es"},{"@type":"Person","@id":"https:\/\/blogs.uned.es\/gesp\/#\/schema\/person\/ecd18a39405b70f35f53c2f5fed98526","name":"GESP","url":"https:\/\/blogs.uned.es\/gesp\/author\/jagil\/"}]}},"_links":{"self":[{"href":"https:\/\/blogs.uned.es\/gesp\/wp-json\/wp\/v2\/posts\/1331","targetHints":{"allow":["GET"]}}],"collection":[{"href":"https:\/\/blogs.uned.es\/gesp\/wp-json\/wp\/v2\/posts"}],"about":[{"href":"https:\/\/blogs.uned.es\/gesp\/wp-json\/wp\/v2\/types\/post"}],"author":[{"embeddable":true,"href":"https:\/\/blogs.uned.es\/gesp\/wp-json\/wp\/v2\/users\/29"}],"replies":[{"embeddable":true,"href":"https:\/\/blogs.uned.es\/gesp\/wp-json\/wp\/v2\/comments?post=1331"}],"version-history":[{"count":2,"href":"https:\/\/blogs.uned.es\/gesp\/wp-json\/wp\/v2\/posts\/1331\/revisions"}],"predecessor-version":[{"id":1337,"href":"https:\/\/blogs.uned.es\/gesp\/wp-json\/wp\/v2\/posts\/1331\/revisions\/1337"}],"wp:featuredmedia":[{"embeddable":true,"href":"https:\/\/blogs.uned.es\/gesp\/wp-json\/wp\/v2\/media\/1333"}],"wp:attachment":[{"href":"https:\/\/blogs.uned.es\/gesp\/wp-json\/wp\/v2\/media?parent=1331"}],"wp:term":[{"taxonomy":"category","embeddable":true,"href":"https:\/\/blogs.uned.es\/gesp\/wp-json\/wp\/v2\/categories?post=1331"},{"taxonomy":"post_tag","embeddable":true,"href":"https:\/\/blogs.uned.es\/gesp\/wp-json\/wp\/v2\/tags?post=1331"}],"curies":[{"name":"wp","href":"https:\/\/api.w.org\/{rel}","templated":true}]}}