{"id":1267,"date":"2019-07-15T16:13:02","date_gmt":"2019-07-15T16:13:02","guid":{"rendered":"http:\/\/blogs.uned.es\/gesp\/?p=1267"},"modified":"2019-07-15T16:15:18","modified_gmt":"2019-07-15T16:15:18","slug":"participacion","status":"publish","type":"post","link":"https:\/\/blogs.uned.es\/gesp\/participacion\/","title":{"rendered":"Preoc\u00fapate m\u00e1s por m\u00ed y menos por mi voto.  Participaci\u00f3n ciudadana a trav\u00e9s de la plataforma \u201cDecide Madrid\u201d"},"content":{"rendered":"<p>15\/07\/2019 &#8211; F\u00e1tima Anllo (Observatorio de Creaci\u00f3n y Cultura Independientes)<\/p>\n<p>Desde que en los a\u00f1os 60 se extendiera la idea de la necesidad de incorporar a la ciudadan\u00eda en el gobierno de los asuntos que le competen m\u00e1s all\u00e1 de la mera elecci\u00f3n de sus representantes, se han dise\u00f1ado numerosas experiencias para llevarla a la pr\u00e1ctica. La mayor\u00eda de ellas en el marco de las ciudades. Sin embargo, est\u00e1 tan extendida y aceptada la conveniencia de introducir pr\u00e1cticas de participaci\u00f3n ciudadana que se presta menor atenci\u00f3n a las razones que las justifican y dan sentido, a la forma de llevarlas a cabo y, en definitiva, en los efectos y consecuencias que tienen sobre la calidad de la democracia.<\/p>\n<h3><strong>Los beneficios de la participaci\u00f3n ciudadana<\/strong><\/h3>\n<p>Aunque muchos son los efectos positivos que se esgrimen para impulsar pr\u00e1cticas participativas, todos ellos pueden resumirse \u2013 a\u00fan a sabiendas de que la simplificaci\u00f3n no recoge todos los matices de la realidad pr\u00e1ctica \u2013 en dos grandes grupos. En cada uno de ellos cambian, en cierto sentido, los beneficiarios principales de la acci\u00f3n de participar.<\/p>\n<p>Por un lado, la participaci\u00f3n a\u00f1ade un plus de <em>legitimidad<\/em> a las decisiones tomadas por el poder. Cualquier pol\u00edtica llevada a cabo por un gobierno, aumentar\u00e1 su legitimidad si, adem\u00e1s de estar avalada por los votos de los ciudadanos en las elecciones, viene acompa\u00f1ada por los <em>votos<\/em> <em>extra<\/em> de la poblaci\u00f3n que interviene en los procesos participativos. As\u00ed, a mayor n\u00famero de participantes, mayor legitimidad y apoyo a sus decisiones. En este sentido, la participaci\u00f3n tiene como uno de los beneficiarios principales a los que la promueven, ya que refuerzan y anclan su poder.<\/p>\n<p>El otro grupo de argumentos para avalar la participaci\u00f3n son aquellos que destacan su impacto sobre la competencia y la <em>virtud c\u00edvica<\/em> de la ciudadan\u00eda. La participaci\u00f3n promueve poblaciones mejor informadas, aumenta la sensaci\u00f3n de control y poder sobre el curso de sus vidas y produce mayor sentido de pertenencia e integraci\u00f3n en la comunidad. Todos estos efectos tienen como beneficiarios directos a los participantes que enriquece sus competencias y aumentan su capacidad para incidir sobre el poder.<\/p>\n<h3><strong>La importancia de la forma con la que se toman las decisiones<\/strong><\/h3>\n<p>Que los efectos resultantes se orienten en mayor medida en una u otra direcci\u00f3n, o en ambas de forma equilibrada, guardar\u00e1 relaci\u00f3n directa con los mecanismos de participaci\u00f3n que se adopten en cada caso, pero, por encima de todo, con la forma mediante la cual se tomen las decisiones y se alcancen los acuerdos. Esta podr\u00e1 orientarse b\u00e1sicamente en dos sentidos: hacia una toma de decisi\u00f3n <em>agregativa<\/em> o la <em>deliberativa<\/em>. En la primera, la decisi\u00f3n final se alcanzar\u00e1 mediante la suma de las preferencias o intereses individuales de cada uno de los part\u00edcipes, de las cuales prevalecer\u00e1 la opci\u00f3n mayoritaria. Sin embargo, la toma de decisi\u00f3n mediante la deliberaci\u00f3n se sustenta sobre el debate racional y argumentado entre las alternativas en juego. La participaci\u00f3n deliberativa, partiendo de las posiciones individuales de los participantes, pretende construir y alcanzar una voluntad com\u00fan basada en el razonamiento y la reflexi\u00f3n.<\/p>\n<p>Por regla general, los procesos participativos que persiguen aumentar la legitimidad de las decisiones y del poder, recurren a formas de toma de decisi\u00f3n en las que prima la votaci\u00f3n y en las que es fundamental el n\u00famero de participantes. Por el contrario, la participaci\u00f3n que otorga mayor importancia a promover una ciudadan\u00eda competente exige f\u00f3rmulas deliberativas m\u00e1s intensas en las que las decisiones se tomen en un debate p\u00fablico basado en la reflexi\u00f3n y en la exposici\u00f3n racional de los problemas y en el que intervengan todos aquellos que defienden las alternativas posibles.<\/p>\n<p>Es a la luz de estas reflexiones desde la que me propongo comentar la pol\u00edtica de participaci\u00f3n del Ayuntamiento de Madrid canalizada a trav\u00e9s de la web <em>Decide Madrid<\/em>.<\/p>\n<div id=\"attachment_1275\" style=\"width: 1669px\" class=\"wp-caption alignnone\"><img loading=\"lazy\" decoding=\"async\" aria-describedby=\"caption-attachment-1275\" class=\"wp-image-1275 size-full\" src=\"http:\/\/blogs.uned.es\/gesp\/wp-content\/uploads\/sites\/21\/2019\/07\/Imagen-2.png\" alt=\"\" width=\"1659\" height=\"841\" srcset=\"https:\/\/blogs.uned.es\/gesp\/wp-content\/uploads\/sites\/21\/2019\/07\/Imagen-2.png 1659w, https:\/\/blogs.uned.es\/gesp\/wp-content\/uploads\/sites\/21\/2019\/07\/Imagen-2-300x152.png 300w, https:\/\/blogs.uned.es\/gesp\/wp-content\/uploads\/sites\/21\/2019\/07\/Imagen-2-1024x519.png 1024w\" sizes=\"auto, (max-width: 1659px) 100vw, 1659px\" \/><p id=\"caption-attachment-1275\" class=\"wp-caption-text\">Captura de pantalla de la plataforma <a href=\"https:\/\/decide.madrid.es\/\" target=\"_blank\" rel=\"noopener\">Decide Madrid<\/a><\/p><\/div>\n<h3><strong><em>Decide Madrid<\/em>, la plataforma de participaci\u00f3n ciudadana del Ayuntamiento de Madrid <\/strong><\/h3>\n<p>La llegada en junio de 2015 al Ayuntamiento de Madrid de la <a href=\"https:\/\/www.eldiario.es\/politica\/Ahora-Madrid-Barcelona-Comu-funciona_0_377963105.html\" target=\"_blank\" rel=\"noopener\">confluencia o candidatura ciudadana de unidad popular<\/a> <em>Ahora Podemos<\/em>, firme defensora de f\u00f3rmulas de democracia directa, supuso la puesta en marcha a los pocos meses del programa <a href=\"https:\/\/decide.madrid.es\/\" target=\"_blank\" rel=\"noopener\"><em>Decide Madrid<\/em><\/a><em>. <\/em>Se trata de un portal <em>online<\/em> cuya meta es, en palabras de sus promotores, ser \u201cla plataforma de participaci\u00f3n ciudadana del Ayuntamiento de Madrid\u201d. En ella pueden participar mediante debates y propuestas todas las personas mayores de 16 a\u00f1os empadronadas en la ciudad. Las <a href=\"https:\/\/decide.madrid.es\/proposals\" target=\"_blank\" rel=\"noopener\">propuestas<\/a> que obtienen el apoyo m\u00ednimo del 1% de la poblaci\u00f3n (27.662 apoyos) se someten a una votaci\u00f3n ciudadana vinculante. Si son aprobadas, el Ayuntamiento las asume y las lleva a cabo. <em>Decide Madrid<\/em> canaliza tambi\u00e9n las <a href=\"https:\/\/decide.madrid.es\/vota\" target=\"_blank\" rel=\"noopener\">votaciones ciudadanas<\/a> del Ayuntamiento sobre asuntos municipales de especial inter\u00e9s y es, a su vez, la herramienta fundamental para la presentaci\u00f3n y selecci\u00f3n de proyectos para los <a href=\"https:\/\/decide.madrid.es\/presupuestos\" target=\"_blank\" rel=\"noopener\">presupuestos participativos<\/a>. Por \u00faltimo, ofrece a la ciudadan\u00eda la oportunidad de intervenir en los <a href=\"https:\/\/decide.madrid.es\/procesos\" target=\"_blank\" rel=\"noopener\">procesos<\/a> de elaboraci\u00f3n y modificaci\u00f3n de normativas que el Ayuntamiento tiene pensado llevar a cabo.<\/p>\n<p>Desde 2015, los ciudadanos han realizado casi 20.000 propuestas, pero tan solo dos han superado el umbral del 1% y pasado a votaci\u00f3n ciudadana vinculante: la iniciativa \u201cMadrid 100% sostenible\u201d y el \u201cBillete \u00fanico para el transporte p\u00fablico\u201d.\u00a0 Par dar una idea del nivel de participaci\u00f3n en las propuestas, una de las que han recibido mayo atenci\u00f3n recientemente es <a href=\"https:\/\/decide.madrid.es\/proposals\/26787-no-quitar-madrid-central\" target=\"_blank\" rel=\"noopener\">\u201cNo quitar Madrid Central\u201d<\/a>, lanzada dos d\u00edas despu\u00e9s de las elecciones del 25M. A pesar del enorme debate p\u00fablico que ha generado el asunto en las redes sociales y la atenci\u00f3n que le est\u00e1n prestando los medios nacionales e internacionales, la iniciativa ha recibido \u00fanicamente 2.358 apoyos en 6 semanas, y ha merecido tan solo 57 comentarios por parte de 32 personas. Si ponemos estos datos en correlaci\u00f3n con el n\u00famero de asistentes a la manifestaci\u00f3n en contra de la reapertura del centro &#8211; 60.000 para los organizadores y 10.000 para la Polic\u00eda Nacional &#8211; que tuvo lugar bajo casi 40 grados de temperatura, o los comparamos con las 240.000 personas (a 14 de julio) que han <a href=\"https:\/\/www.change.org\/p\/ayuntamiento-de-madrid-madrid-central-por-la-continuidad-del-proyecto-no-a-la-reversi%C3%B3n?use_react=false\" target=\"_blank\" rel=\"noopener\">apoyado una propuesta similar en Change.org<\/a> los resultados no resultan muy halag\u00fce\u00f1os.<\/p>\n<p>Hasta la fecha, se han completado tres ciclos de presupuestos participativos \u2013 2016, 2017 y 2019 \u2013 que han distribuido 220 millones de euros entre los proyectos m\u00e1s votados presentados por la ciudadan\u00eda. Los <a href=\"https:\/\/decide.madrid.es\/presupuestos\/presupuestos-participativos-2018\/estadisticas#total_participants\" target=\"_blank\" rel=\"noopener\">datos extra\u00eddos de la plataforma<\/a> ponen en evidencia la baja participaci\u00f3n. En la edici\u00f3n de 2018 participaron en total 91.000 vecinos, poco m\u00e1s del 3% de la poblaci\u00f3n con acceso al voto, para elegir los proyectos que se financiar\u00edan con los 100 millones de euros disponibles. Si analizamos los apoyos recibidos por cada uno de los proyectos ganadores, vemos que los que afectan a toda la ciudad han recibido 3.600 votos de promedio y que los de los barrios, en raras ocasiones han superado los 1.000 votos. Las m\u00e1s de las veces las cifras se situaron alrededor o por debajo de los 500 votos.<\/p>\n<div id=\"attachment_1277\" style=\"width: 941px\" class=\"wp-caption alignnone\"><img loading=\"lazy\" decoding=\"async\" aria-describedby=\"caption-attachment-1277\" class=\"wp-image-1277 size-full\" src=\"http:\/\/blogs.uned.es\/gesp\/wp-content\/uploads\/sites\/21\/2019\/07\/Imagen-1.png\" alt=\"\" width=\"931\" height=\"773\" srcset=\"https:\/\/blogs.uned.es\/gesp\/wp-content\/uploads\/sites\/21\/2019\/07\/Imagen-1.png 931w, https:\/\/blogs.uned.es\/gesp\/wp-content\/uploads\/sites\/21\/2019\/07\/Imagen-1-300x249.png 300w\" sizes=\"auto, (max-width: 931px) 100vw, 931px\" \/><p id=\"caption-attachment-1277\" class=\"wp-caption-text\">Captura de pantalla de la plataforma <a href=\"https:\/\/decide.madrid.es\/\" target=\"_blank\" rel=\"noopener\">Decide Madrid<\/a><\/p><\/div>\n<p>El Ayuntamiento, por su parte, ha promovido votaciones ciudadanas vinculantes sobre los planes de reforma de la Plaza de Espa\u00f1a, la movilidad en la Gran V\u00eda y la remodelaci\u00f3n de otras once plazas de la ciudad. Aunque han recibido mayor atenci\u00f3n y n\u00famero de votos, la remodelaci\u00f3n de la Plaza de Espa\u00f1a no super\u00f3 los 32.000 votos.<\/p>\n<p>Si centramos la atenci\u00f3n en las formas de deliberaci\u00f3n y toma de decisi\u00f3n que ofrece <em>Decide Madrid<\/em>, vemos que el debate puede canalizarse a trav\u00e9s comentarios o interviniendo en la \u201ccomunidad de usuarios\u201d de cada propuesta. Los comentarios a las propuestas ciudadanas se asemejan al intercambio de opiniones que observamos en las redes sociales y raramente superan los cincuenta. Lo m\u00e1s frecuente es que la comunidad de usuarios est\u00e9 constituida \u00fanicamente por la persona autora de la iniciativa y no haya participado nadie. En las <a href=\"https:\/\/decide.madrid.es\/vota?filter=expired&amp;page=1\" target=\"_blank\" rel=\"noopener\">votaciones ciudadanas vinculantes<\/a>,\u00a0 la documentaci\u00f3n de la que ha dispuesto la ciudadan\u00eda para informar sus posiciones y articular las ideas en torno a las cuales organizar los debates antes de emitir su voto, ha consistido en informes elaborados por el Ayuntamiento, en memorias de ejecuci\u00f3n de los planes de remodelaci\u00f3n urban\u00edstica y, en algunos casos, <a href=\"https:\/\/www.youtube.com\/watch?v=JXaSWVYrlpQ\" target=\"_blank\" rel=\"noopener\">v\u00eddeos promocionales de apoyo<\/a>. Por lo general se trata de documentos t\u00e9cnicos muy extensos y farragosos, de dif\u00edcil comprensi\u00f3n para legos en la materia, que resultan poco significativos para el ciudadano medio. En ning\u00fan caso se dota de espacio propio ni incorpora informaci\u00f3n o documentos que reflejen los argumentos de otros agentes o partes interesadas con posiciones divergentes respecto a los problemas a debate. Asimismo, cabe destacar la existencia de sesgos que pueden influir claramente en el resultado del voto, como que el orden en el que aparecen los proyectos sea siempre el mismo o los nombres vengan precedidos por las letras X e Y.<\/p>\n<p>Partiendo del reconocimiento de que las pol\u00edticas de participaci\u00f3n puestas en marcha por Ahora Madrid en el Ayuntamiento han supuesto un enorme salto cualitativo, el an\u00e1lisis de la plataforma <em>Decide Madrid<\/em> en sus casi cuatro a\u00f1os de experiencia, brinda resultados por debajo de lo esperado. La eficacia de la participaci\u00f3n resulta pobre. Por una parte, el bajo n\u00famero de votos no consigue dotar de especial legitimidad ni a las decisiones tomadas ni a los que las impulsan.\u00a0 Por lo que respecta a la forma en la que se toman las decisiones, el debate y la calidad de deliberaci\u00f3n que ofrece la herramienta son de baja intensidad. Como <a href=\"https:\/\/elpais.com\/tecnologia\/2018\/12\/05\/actualidad\/1544030653_254137.html\" target=\"_blank\" rel=\"noopener\">se\u00f1alaba recientemente Beth Noveck<\/a><a href=\"#_edn1\" name=\"_ednref1\">[i]<\/a>, directora <a href=\"http:\/\/www.thegovlab.org\/\" target=\"_blank\" rel=\"noopener\">del Governance Lab (Govlab)<\/a> de los Estados Unidos, <em>Decide Madrid<\/em> no permite el establecimiento de un \u00abuna conversaci\u00f3n entre Ayuntamiento y ciudadanos sobre nuevas propuestas posibles\u00bb. Tampoco, a mi juicio, facilita una conversaci\u00f3n polif\u00f3nica, intensa, basada en la argumentaci\u00f3n y la reflexi\u00f3n racional, capaz de incorporar al debate las voces de aquellos que representan posiciones alternativas. La forma en la que se accede a informaci\u00f3n, documentaci\u00f3n y datos es poco \u00fatil para construir posiciones bien informadas. As\u00ed pues, el resultado son debates d\u00e9biles, poco m\u00e1s que intercambio de opiniones, que a duras penas capaz de aumentar las competencias de los participantes ni la virtud c\u00edvica de la comunidad.<\/p>\n<hr \/>\n<p><a href=\"#_ednref1\" name=\"_edn1\">[i]<\/a> P\u00e9rez Colom\u00e9, J. (2018): \u201cEl ejemplo de Madrid y por qu\u00e9 la participaci\u00f3n ciudadana a\u00fan no funciona\u201d, El Pa\u00eds, Edici\u00f3n Espa\u00f1a, secci\u00f3n Tecnolog\u00eda, 10-12-2018.<\/p>\n<p>Imagen de portada de <a href=\"https:\/\/pixabay.com\/es\/photos\/la-multitud-gente-muchos-3323563\/\" target=\"_blank\" rel=\"noopener\">Nemo Jo<\/a> libre de derechos<script><\/p>\n<p><\/script><\/p>\n","protected":false},"excerpt":{"rendered":"<p>15\/07\/2019 &#8211; F\u00e1tima Anllo (Observatorio de Creaci\u00f3n y Cultura Independientes) Desde que en los a\u00f1os 60 se extendiera la idea de la necesidad de incorporar a la ciudadan\u00eda en el gobierno de los asuntos que le competen m\u00e1s all\u00e1 de la mera elecci\u00f3n de sus representantes, se han dise\u00f1ado numerosas experiencias para llevarla a la<\/p>\n<div class=\"read-more\"><a href=\"https:\/\/blogs.uned.es\/gesp\/participacion\/\" title=\"Leer M\u00e1s\">Leer M\u00e1s<\/a><\/div>\n","protected":false},"author":29,"featured_media":1271,"comment_status":"open","ping_status":"open","sticky":false,"template":"","format":"standard","meta":{"footnotes":""},"categories":[7],"tags":[191,189,193,135],"class_list":{"0":"post-1267","1":"post","2":"type-post","3":"status-publish","4":"format-standard","5":"has-post-thumbnail","7":"category-blog","8":"tag-ahora-madrid","9":"tag-ayundamiento-de-madrid","10":"tag-decide-madrid","11":"tag-participacion"},"yoast_head":"<!-- This site is optimized with the Yoast SEO plugin v27.2 - https:\/\/yoast.com\/product\/yoast-seo-wordpress\/ -->\n<title>Preoc\u00fapate m\u00e1s por m\u00ed y menos por mi voto. Participaci\u00f3n ciudadana a trav\u00e9s de la plataforma \u201cDecide Madrid\u201d - Grupo de Estudios sobre Sociedad y Pol\u00edtica<\/title>\n<meta name=\"robots\" content=\"index, follow, max-snippet:-1, max-image-preview:large, max-video-preview:-1\" \/>\n<link rel=\"canonical\" href=\"https:\/\/blogs.uned.es\/gesp\/participacion\/\" \/>\n<meta property=\"og:locale\" content=\"es_ES\" \/>\n<meta property=\"og:type\" content=\"article\" \/>\n<meta property=\"og:title\" content=\"Preoc\u00fapate m\u00e1s por m\u00ed y menos por mi voto. Participaci\u00f3n ciudadana a trav\u00e9s de la plataforma \u201cDecide Madrid\u201d - Grupo de Estudios sobre Sociedad y Pol\u00edtica\" \/>\n<meta property=\"og:description\" content=\"15\/07\/2019 &#8211; F\u00e1tima Anllo (Observatorio de Creaci\u00f3n y Cultura Independientes) Desde que en los a\u00f1os 60 se extendiera la idea de la necesidad de incorporar a la ciudadan\u00eda en el gobierno de los asuntos que le competen m\u00e1s all\u00e1 de la mera elecci\u00f3n de sus representantes, se han dise\u00f1ado numerosas experiencias para llevarla a laLeer M\u00e1s\" \/>\n<meta property=\"og:url\" content=\"https:\/\/blogs.uned.es\/gesp\/participacion\/\" \/>\n<meta property=\"og:site_name\" content=\"Grupo de Estudios sobre Sociedad y Pol\u00edtica\" \/>\n<meta property=\"article:published_time\" content=\"2019-07-15T16:13:02+00:00\" \/>\n<meta property=\"article:modified_time\" content=\"2019-07-15T16:15:18+00:00\" \/>\n<meta property=\"og:image\" content=\"https:\/\/blogs.uned.es\/gesp\/wp-content\/uploads\/sites\/21\/2019\/07\/the-crowd-3323563_1280.jpg\" \/>\n\t<meta property=\"og:image:width\" content=\"1280\" \/>\n\t<meta property=\"og:image:height\" content=\"851\" \/>\n\t<meta property=\"og:image:type\" content=\"image\/jpeg\" \/>\n<meta name=\"author\" content=\"GESP\" \/>\n<meta name=\"twitter:card\" content=\"summary_large_image\" \/>\n<meta name=\"twitter:label1\" content=\"Escrito por\" \/>\n\t<meta name=\"twitter:data1\" content=\"GESP\" \/>\n\t<meta name=\"twitter:label2\" content=\"Tiempo de lectura\" \/>\n\t<meta name=\"twitter:data2\" content=\"9 minutos\" \/>\n<script type=\"application\/ld+json\" class=\"yoast-schema-graph\">{\"@context\":\"https:\/\/schema.org\",\"@graph\":[{\"@type\":\"Article\",\"@id\":\"https:\/\/blogs.uned.es\/gesp\/participacion\/#article\",\"isPartOf\":{\"@id\":\"https:\/\/blogs.uned.es\/gesp\/participacion\/\"},\"author\":{\"name\":\"GESP\",\"@id\":\"https:\/\/blogs.uned.es\/gesp\/#\/schema\/person\/ecd18a39405b70f35f53c2f5fed98526\"},\"headline\":\"Preoc\u00fapate m\u00e1s por m\u00ed y menos por mi voto. Participaci\u00f3n ciudadana a trav\u00e9s de la plataforma \u201cDecide Madrid\u201d\",\"datePublished\":\"2019-07-15T16:13:02+00:00\",\"dateModified\":\"2019-07-15T16:15:18+00:00\",\"mainEntityOfPage\":{\"@id\":\"https:\/\/blogs.uned.es\/gesp\/participacion\/\"},\"wordCount\":1869,\"commentCount\":0,\"image\":{\"@id\":\"https:\/\/blogs.uned.es\/gesp\/participacion\/#primaryimage\"},\"thumbnailUrl\":\"https:\/\/blogs.uned.es\/gesp\/wp-content\/uploads\/sites\/21\/2019\/07\/the-crowd-3323563_1280.jpg\",\"keywords\":[\"ahora madrid\",\"ayundamiento de madrid\",\"decide madrid\",\"participaci\u00f3n\"],\"articleSection\":[\"BLOG\"],\"inLanguage\":\"es\",\"potentialAction\":[{\"@type\":\"CommentAction\",\"name\":\"Comment\",\"target\":[\"https:\/\/blogs.uned.es\/gesp\/participacion\/#respond\"]}]},{\"@type\":\"WebPage\",\"@id\":\"https:\/\/blogs.uned.es\/gesp\/participacion\/\",\"url\":\"https:\/\/blogs.uned.es\/gesp\/participacion\/\",\"name\":\"Preoc\u00fapate m\u00e1s por m\u00ed y menos por mi voto. Participaci\u00f3n ciudadana a trav\u00e9s de la plataforma \u201cDecide Madrid\u201d - Grupo de Estudios sobre Sociedad y Pol\u00edtica\",\"isPartOf\":{\"@id\":\"https:\/\/blogs.uned.es\/gesp\/#website\"},\"primaryImageOfPage\":{\"@id\":\"https:\/\/blogs.uned.es\/gesp\/participacion\/#primaryimage\"},\"image\":{\"@id\":\"https:\/\/blogs.uned.es\/gesp\/participacion\/#primaryimage\"},\"thumbnailUrl\":\"https:\/\/blogs.uned.es\/gesp\/wp-content\/uploads\/sites\/21\/2019\/07\/the-crowd-3323563_1280.jpg\",\"datePublished\":\"2019-07-15T16:13:02+00:00\",\"dateModified\":\"2019-07-15T16:15:18+00:00\",\"author\":{\"@id\":\"https:\/\/blogs.uned.es\/gesp\/#\/schema\/person\/ecd18a39405b70f35f53c2f5fed98526\"},\"breadcrumb\":{\"@id\":\"https:\/\/blogs.uned.es\/gesp\/participacion\/#breadcrumb\"},\"inLanguage\":\"es\",\"potentialAction\":[{\"@type\":\"ReadAction\",\"target\":[\"https:\/\/blogs.uned.es\/gesp\/participacion\/\"]}]},{\"@type\":\"ImageObject\",\"inLanguage\":\"es\",\"@id\":\"https:\/\/blogs.uned.es\/gesp\/participacion\/#primaryimage\",\"url\":\"https:\/\/blogs.uned.es\/gesp\/wp-content\/uploads\/sites\/21\/2019\/07\/the-crowd-3323563_1280.jpg\",\"contentUrl\":\"https:\/\/blogs.uned.es\/gesp\/wp-content\/uploads\/sites\/21\/2019\/07\/the-crowd-3323563_1280.jpg\",\"width\":1280,\"height\":851},{\"@type\":\"BreadcrumbList\",\"@id\":\"https:\/\/blogs.uned.es\/gesp\/participacion\/#breadcrumb\",\"itemListElement\":[{\"@type\":\"ListItem\",\"position\":1,\"name\":\"Portada\",\"item\":\"https:\/\/blogs.uned.es\/gesp\/\"},{\"@type\":\"ListItem\",\"position\":2,\"name\":\"Preoc\u00fapate m\u00e1s por m\u00ed y menos por mi voto. Participaci\u00f3n ciudadana a trav\u00e9s de la plataforma \u201cDecide Madrid\u201d\"}]},{\"@type\":\"WebSite\",\"@id\":\"https:\/\/blogs.uned.es\/gesp\/#website\",\"url\":\"https:\/\/blogs.uned.es\/gesp\/\",\"name\":\"Grupo de Estudios sobre Sociedad y Pol\u00edtica\",\"description\":\"P\u00e1gina web del Grupo de Estudios sobre Sociedad y Pol\u00edtica (GESP)\",\"potentialAction\":[{\"@type\":\"SearchAction\",\"target\":{\"@type\":\"EntryPoint\",\"urlTemplate\":\"https:\/\/blogs.uned.es\/gesp\/?s={search_term_string}\"},\"query-input\":{\"@type\":\"PropertyValueSpecification\",\"valueRequired\":true,\"valueName\":\"search_term_string\"}}],\"inLanguage\":\"es\"},{\"@type\":\"Person\",\"@id\":\"https:\/\/blogs.uned.es\/gesp\/#\/schema\/person\/ecd18a39405b70f35f53c2f5fed98526\",\"name\":\"GESP\",\"url\":\"https:\/\/blogs.uned.es\/gesp\/author\/jagil\/\"}]}<\/script>\n<!-- \/ Yoast SEO plugin. -->","yoast_head_json":{"title":"Preoc\u00fapate m\u00e1s por m\u00ed y menos por mi voto. Participaci\u00f3n ciudadana a trav\u00e9s de la plataforma \u201cDecide Madrid\u201d - Grupo de Estudios sobre Sociedad y Pol\u00edtica","robots":{"index":"index","follow":"follow","max-snippet":"max-snippet:-1","max-image-preview":"max-image-preview:large","max-video-preview":"max-video-preview:-1"},"canonical":"https:\/\/blogs.uned.es\/gesp\/participacion\/","og_locale":"es_ES","og_type":"article","og_title":"Preoc\u00fapate m\u00e1s por m\u00ed y menos por mi voto. Participaci\u00f3n ciudadana a trav\u00e9s de la plataforma \u201cDecide Madrid\u201d - Grupo de Estudios sobre Sociedad y Pol\u00edtica","og_description":"15\/07\/2019 &#8211; F\u00e1tima Anllo (Observatorio de Creaci\u00f3n y Cultura Independientes) Desde que en los a\u00f1os 60 se extendiera la idea de la necesidad de incorporar a la ciudadan\u00eda en el gobierno de los asuntos que le competen m\u00e1s all\u00e1 de la mera elecci\u00f3n de sus representantes, se han dise\u00f1ado numerosas experiencias para llevarla a laLeer M\u00e1s","og_url":"https:\/\/blogs.uned.es\/gesp\/participacion\/","og_site_name":"Grupo de Estudios sobre Sociedad y Pol\u00edtica","article_published_time":"2019-07-15T16:13:02+00:00","article_modified_time":"2019-07-15T16:15:18+00:00","og_image":[{"width":1280,"height":851,"url":"https:\/\/blogs.uned.es\/gesp\/wp-content\/uploads\/sites\/21\/2019\/07\/the-crowd-3323563_1280.jpg","type":"image\/jpeg"}],"author":"GESP","twitter_card":"summary_large_image","twitter_misc":{"Escrito por":"GESP","Tiempo de lectura":"9 minutos"},"schema":{"@context":"https:\/\/schema.org","@graph":[{"@type":"Article","@id":"https:\/\/blogs.uned.es\/gesp\/participacion\/#article","isPartOf":{"@id":"https:\/\/blogs.uned.es\/gesp\/participacion\/"},"author":{"name":"GESP","@id":"https:\/\/blogs.uned.es\/gesp\/#\/schema\/person\/ecd18a39405b70f35f53c2f5fed98526"},"headline":"Preoc\u00fapate m\u00e1s por m\u00ed y menos por mi voto. Participaci\u00f3n ciudadana a trav\u00e9s de la plataforma \u201cDecide Madrid\u201d","datePublished":"2019-07-15T16:13:02+00:00","dateModified":"2019-07-15T16:15:18+00:00","mainEntityOfPage":{"@id":"https:\/\/blogs.uned.es\/gesp\/participacion\/"},"wordCount":1869,"commentCount":0,"image":{"@id":"https:\/\/blogs.uned.es\/gesp\/participacion\/#primaryimage"},"thumbnailUrl":"https:\/\/blogs.uned.es\/gesp\/wp-content\/uploads\/sites\/21\/2019\/07\/the-crowd-3323563_1280.jpg","keywords":["ahora madrid","ayundamiento de madrid","decide madrid","participaci\u00f3n"],"articleSection":["BLOG"],"inLanguage":"es","potentialAction":[{"@type":"CommentAction","name":"Comment","target":["https:\/\/blogs.uned.es\/gesp\/participacion\/#respond"]}]},{"@type":"WebPage","@id":"https:\/\/blogs.uned.es\/gesp\/participacion\/","url":"https:\/\/blogs.uned.es\/gesp\/participacion\/","name":"Preoc\u00fapate m\u00e1s por m\u00ed y menos por mi voto. Participaci\u00f3n ciudadana a trav\u00e9s de la plataforma \u201cDecide Madrid\u201d - Grupo de Estudios sobre Sociedad y Pol\u00edtica","isPartOf":{"@id":"https:\/\/blogs.uned.es\/gesp\/#website"},"primaryImageOfPage":{"@id":"https:\/\/blogs.uned.es\/gesp\/participacion\/#primaryimage"},"image":{"@id":"https:\/\/blogs.uned.es\/gesp\/participacion\/#primaryimage"},"thumbnailUrl":"https:\/\/blogs.uned.es\/gesp\/wp-content\/uploads\/sites\/21\/2019\/07\/the-crowd-3323563_1280.jpg","datePublished":"2019-07-15T16:13:02+00:00","dateModified":"2019-07-15T16:15:18+00:00","author":{"@id":"https:\/\/blogs.uned.es\/gesp\/#\/schema\/person\/ecd18a39405b70f35f53c2f5fed98526"},"breadcrumb":{"@id":"https:\/\/blogs.uned.es\/gesp\/participacion\/#breadcrumb"},"inLanguage":"es","potentialAction":[{"@type":"ReadAction","target":["https:\/\/blogs.uned.es\/gesp\/participacion\/"]}]},{"@type":"ImageObject","inLanguage":"es","@id":"https:\/\/blogs.uned.es\/gesp\/participacion\/#primaryimage","url":"https:\/\/blogs.uned.es\/gesp\/wp-content\/uploads\/sites\/21\/2019\/07\/the-crowd-3323563_1280.jpg","contentUrl":"https:\/\/blogs.uned.es\/gesp\/wp-content\/uploads\/sites\/21\/2019\/07\/the-crowd-3323563_1280.jpg","width":1280,"height":851},{"@type":"BreadcrumbList","@id":"https:\/\/blogs.uned.es\/gesp\/participacion\/#breadcrumb","itemListElement":[{"@type":"ListItem","position":1,"name":"Portada","item":"https:\/\/blogs.uned.es\/gesp\/"},{"@type":"ListItem","position":2,"name":"Preoc\u00fapate m\u00e1s por m\u00ed y menos por mi voto. Participaci\u00f3n ciudadana a trav\u00e9s de la plataforma \u201cDecide Madrid\u201d"}]},{"@type":"WebSite","@id":"https:\/\/blogs.uned.es\/gesp\/#website","url":"https:\/\/blogs.uned.es\/gesp\/","name":"Grupo de Estudios sobre Sociedad y Pol\u00edtica","description":"P\u00e1gina web del Grupo de Estudios sobre Sociedad y Pol\u00edtica (GESP)","potentialAction":[{"@type":"SearchAction","target":{"@type":"EntryPoint","urlTemplate":"https:\/\/blogs.uned.es\/gesp\/?s={search_term_string}"},"query-input":{"@type":"PropertyValueSpecification","valueRequired":true,"valueName":"search_term_string"}}],"inLanguage":"es"},{"@type":"Person","@id":"https:\/\/blogs.uned.es\/gesp\/#\/schema\/person\/ecd18a39405b70f35f53c2f5fed98526","name":"GESP","url":"https:\/\/blogs.uned.es\/gesp\/author\/jagil\/"}]}},"_links":{"self":[{"href":"https:\/\/blogs.uned.es\/gesp\/wp-json\/wp\/v2\/posts\/1267","targetHints":{"allow":["GET"]}}],"collection":[{"href":"https:\/\/blogs.uned.es\/gesp\/wp-json\/wp\/v2\/posts"}],"about":[{"href":"https:\/\/blogs.uned.es\/gesp\/wp-json\/wp\/v2\/types\/post"}],"author":[{"embeddable":true,"href":"https:\/\/blogs.uned.es\/gesp\/wp-json\/wp\/v2\/users\/29"}],"replies":[{"embeddable":true,"href":"https:\/\/blogs.uned.es\/gesp\/wp-json\/wp\/v2\/comments?post=1267"}],"version-history":[{"count":7,"href":"https:\/\/blogs.uned.es\/gesp\/wp-json\/wp\/v2\/posts\/1267\/revisions"}],"predecessor-version":[{"id":1287,"href":"https:\/\/blogs.uned.es\/gesp\/wp-json\/wp\/v2\/posts\/1267\/revisions\/1287"}],"wp:featuredmedia":[{"embeddable":true,"href":"https:\/\/blogs.uned.es\/gesp\/wp-json\/wp\/v2\/media\/1271"}],"wp:attachment":[{"href":"https:\/\/blogs.uned.es\/gesp\/wp-json\/wp\/v2\/media?parent=1267"}],"wp:term":[{"taxonomy":"category","embeddable":true,"href":"https:\/\/blogs.uned.es\/gesp\/wp-json\/wp\/v2\/categories?post=1267"},{"taxonomy":"post_tag","embeddable":true,"href":"https:\/\/blogs.uned.es\/gesp\/wp-json\/wp\/v2\/tags?post=1267"}],"curies":[{"name":"wp","href":"https:\/\/api.w.org\/{rel}","templated":true}]}}