{"id":1365,"date":"2023-12-20T08:56:27","date_gmt":"2023-12-20T07:56:27","guid":{"rendered":"https:\/\/blogs.uned.es\/eujuris\/?p=1365"},"modified":"2024-02-25T08:57:48","modified_gmt":"2024-02-25T07:57:48","slug":"programa-de-radio-sobre-desafios-en-la-investigacion-sobre-jurisdiccion-de-la-ue-e-inteligencia-la-ia-y-los-algoritmos-en-la-justicia","status":"publish","type":"post","link":"https:\/\/blogs.uned.es\/eujuris\/2023\/12\/20\/programa-de-radio-sobre-desafios-en-la-investigacion-sobre-jurisdiccion-de-la-ue-e-inteligencia-la-ia-y-los-algoritmos-en-la-justicia\/","title":{"rendered":"Programa de Radio sobre Desaf\u00edos en la investigaci\u00f3n sobre Jurisdicci\u00f3n de la UE e Inteligencia: La IA y los algoritmos en la Justicia"},"content":{"rendered":"\n<p>Programa de Radio Desaf\u00edos en la investigaci\u00f3n sobre Jurisdicci\u00f3n de la UE e Inteligencia e Inteligencia Artificial <\/p>\n\n\n\n<p>Analizamos los desaf\u00edos de la utilizaci\u00f3n de la Inteligencia Artificial y los algoritmos por la Justicia.<\/p>\n\n\n\n<p>Accesible aqu\u00ed:&nbsp;<a href=\"https:\/\/canal.uned.es\/video\/659e74e9371fa04c391278c8\">https:\/\/canal.uned.es\/video\/659e74e9371fa04c391278c8<\/a><\/p>\n\n\n\n<p>Serie: Derecho en Radio 3<\/p>\n\n\n\n<p>Con la intervenci\u00f3n de:<\/p>\n\n\n\n<p>Joaqu\u00edn Sarri\u00f3n Esteve profesor de Derecho Constitucional, UNED. Codirector de la C\u00e1tedra ISAAC.<\/p>\n\n\n\n<p>Luis Miguel Gonz\u00e1lez de la Garza profesor de Derecho Constitucional, UNED. Director del Programa Modular en Ciencia y Derecho, UNED.<\/p>\n\n\n\n<p>Lourdes Nieto Quintas redactora &#8211; locutora, UNED Media, UNED<\/p>\n\n\n\n<p>Se enmarca dentro de las actividades desarrolladas en el M\u00f3dulo Jean Monnet Jurisdicci\u00f3n y Procedimientos en la Uni\u00f3n Europea (EUJuris), cofinanciado por la Uni\u00f3n Europea*; as\u00ed como de la&nbsp; C\u00e1tedra ISAAC de la UNED-CNR\/IFAC, que investiga sobre derechos individuales, investigaci\u00f3n cient\u00edfica y cooperaci\u00f3n.<\/p>\n\n\n\n<p>*Las opiniones y puntos de vista expresados solo comprometen al autor y no reflejan necesariamente los de la Uni\u00f3n Europea o los de la Agencia Ejecutiva Europea de Educaci\u00f3n y Cultura (EACEA). Ni la Uni\u00f3n Europea, ni la EACEA pueden ser considerados responsables de ellos.<\/p>\n\n\n\n<p><\/p>\n","protected":false},"excerpt":{"rendered":"<p>Programa de Radio Desaf\u00edos en la investigaci\u00f3n sobre Jurisdicci\u00f3n de la UE e Inteligencia e Inteligencia Artificial Analizamos los desaf\u00edos de la utilizaci\u00f3n de la Inteligencia Artificial y los algoritmos por la Justicia. Accesible aqu\u00ed:&nbsp;https:\/\/canal.uned.es\/video\/659e74e9371fa04c391278c8 Serie: Derecho en Radio 3 <a class=\"more-link\" href=\"https:\/\/blogs.uned.es\/eujuris\/2023\/12\/20\/programa-de-radio-sobre-desafios-en-la-investigacion-sobre-jurisdiccion-de-la-ue-e-inteligencia-la-ia-y-los-algoritmos-en-la-justicia\/\">Seguir leyendo <span class=\"meta-nav\">&rarr;<\/span><\/a><\/p>\n","protected":false},"author":7377,"featured_media":0,"comment_status":"open","ping_status":"open","sticky":false,"template":"","format":"standard","meta":{"footnotes":""},"categories":[25],"tags":[],"class_list":["post-1365","post","type-post","status-publish","format-standard","hentry","category-news"],"_links":{"self":[{"href":"https:\/\/blogs.uned.es\/eujuris\/wp-json\/wp\/v2\/posts\/1365","targetHints":{"allow":["GET"]}}],"collection":[{"href":"https:\/\/blogs.uned.es\/eujuris\/wp-json\/wp\/v2\/posts"}],"about":[{"href":"https:\/\/blogs.uned.es\/eujuris\/wp-json\/wp\/v2\/types\/post"}],"author":[{"embeddable":true,"href":"https:\/\/blogs.uned.es\/eujuris\/wp-json\/wp\/v2\/users\/7377"}],"replies":[{"embeddable":true,"href":"https:\/\/blogs.uned.es\/eujuris\/wp-json\/wp\/v2\/comments?post=1365"}],"version-history":[{"count":1,"href":"https:\/\/blogs.uned.es\/eujuris\/wp-json\/wp\/v2\/posts\/1365\/revisions"}],"predecessor-version":[{"id":1369,"href":"https:\/\/blogs.uned.es\/eujuris\/wp-json\/wp\/v2\/posts\/1365\/revisions\/1369"}],"wp:attachment":[{"href":"https:\/\/blogs.uned.es\/eujuris\/wp-json\/wp\/v2\/media?parent=1365"}],"wp:term":[{"taxonomy":"category","embeddable":true,"href":"https:\/\/blogs.uned.es\/eujuris\/wp-json\/wp\/v2\/categories?post=1365"},{"taxonomy":"post_tag","embeddable":true,"href":"https:\/\/blogs.uned.es\/eujuris\/wp-json\/wp\/v2\/tags?post=1365"}],"curies":[{"name":"wp","href":"https:\/\/api.w.org\/{rel}","templated":true}]}}