{"id":1093,"date":"2022-12-16T10:20:47","date_gmt":"2022-12-16T09:20:47","guid":{"rendered":"https:\/\/blogs.uned.es\/eujuris\/?p=1093"},"modified":"2022-12-16T10:22:38","modified_gmt":"2022-12-16T09:22:38","slug":"jornada-congreso-y-workshop-hacia-un-nuevo-paradigma-constitucional-de-los-derechos-fundamentales-trascendiendo-las-tecnologias-inteligentes-retos-eticos-sociales-y-juridicos-21-de-diciembre-d","status":"publish","type":"post","link":"https:\/\/blogs.uned.es\/eujuris\/2022\/12\/16\/jornada-congreso-y-workshop-hacia-un-nuevo-paradigma-constitucional-de-los-derechos-fundamentales-trascendiendo-las-tecnologias-inteligentes-retos-eticos-sociales-y-juridicos-21-de-diciembre-d\/","title":{"rendered":"Jornada congreso y workshop \u00abHacia un nuevo paradigma constitucional de los derechos fundamentales? Trascendiendo las tecnolog\u00edas inteligentes: retos \u00e9ticos, sociales y jur\u00eddicos\u00bb, 21 de diciembre de 2021"},"content":{"rendered":"\n<p><br><br><strong>Objetivos<\/strong><br>Debatir sobre los retos que las innovaciones tecnol\u00f3gicas presentan para el reconocimiento y protecci\u00f3n de los derechos y libertades, desde una perspectiva te\u00f3rica y pr\u00e1ctica<br><br><strong>Mi\u00e9rcoles 21 de Diciembre de 2022, de 10 a 13 horas. <\/strong><br>Organiza: Proyectos Trascen-Rights y EUJuris<br><br><strong>Jornada H\u00edbrida con retransmisi\u00f3n por streaming a trav\u00e9s de Microsoft Teams con grabaci\u00f3n para su posterior puesta a disposici\u00f3n en Canal UNED. <\/strong><br><br><br><strong>Enlace a retransmisi\u00f3n: <\/strong><a href=\"https:\/\/teams.microsoft.com\/l\/meetup-join\/19%3ameeting_NDhmZTdiOWUtY2E0Zi00MzFlLTg3NjMtOGJiNjg1OTQ5ZmUx%40thread.v2\/0?context=%7b%22Tid%22%3a%22b5587048-a070-43ad-b654-20a31e9b2d99%22%2c%22Oid%22%3a%22b968610a-b9f9-4327-8c25-f02d38a8d510%22%7d\">https:\/\/teams.microsoft.com\/l\/meetup-join\/19%3ameeting_NDhmZTdiOWUtY2E0Zi00MzFlLTg3NjMtOGJiNjg1OTQ5ZmUx%40thread.v2\/0?context=%7b%22Tid%22%3a%22b5587048-a070-43ad-b654-20a31e9b2d99%22%2c%22Oid%22%3a%22b968610a-b9f9-4327-8c25-f02d38a8d510%22%7d <\/a><br><br><strong>Inscripci\u00f3n y asistencia online gratuita, certificado de asistencia. <\/strong><br>Se puede seguir online sin inscripci\u00f3n, para solicitar certificado de asistencia, o solicitar presentar comunicaci\u00f3n es necesario inscribirse de forma previa, formulario de inscripci\u00f3n: <a href=\"https:\/\/docs.google.com\/forms\/u\/1\/d\/e\/1FAIpQLSdBThh_l6RfgKL9vNfVF4nq1cZ63zRP_4Yl5QXtZK_nzRjmpw\/viewform?vc=0&amp;c=0&amp;w=1&amp;flr=0&amp;usp=mail_form_link\">https:\/\/docs.google.com\/forms\/u\/1\/d\/e\/1FAIpQLSdBThh_l6RfgKL9vNfVF4nq1cZ63zRP_4Yl5QXtZK_nzRjmpw\/viewform?vc=0&amp;c=0&amp;w=1&amp;flr=0&amp;usp=mail_form_link <\/a><br><br><strong>Presentaci\u00f3n y selecci\u00f3n comunicaciones<\/strong><br>Si desea presentar una comunicaci\u00f3n (intervenci\u00f3n m\u00e1xima de 5 minutos), ind\u00edquelo en el formulario de inscripci\u00f3n, con t\u00edtulo y abstract de 3 l\u00edneas, antes del 19 de diciembre, se seleccionar\u00e1n hasta 3 comunicaciones por mesa para su presentaci\u00f3n. <br><br><strong>M\u00e1s informaci\u00f3n: <\/strong><br>Contacto: jsarrion@der.uned.es  \/ eujurisdiction@gmail.com  <br><br><strong>Programa<\/strong><br><br><strong>10:00- 10:15 horas. Saludos y presentaci\u00f3n<\/strong><br>Inauguraci\u00f3n (pendiente confirmaci\u00f3n)<br>D\u00aa. Yolanda G\u00f3mez S\u00e1nchez. Catedr\u00e1tica de Derecho Constitucional de la UNED, Directora del Centro de Estudios Pol\u00edticos y Constitucionales (CEPC).<br>D. Joaqu\u00edn Sarri\u00f3n Esteve, Profesor Titular de Derecho Constitucional de la UNED, IP Proyecto Trascen-Rights y Coordinador M\u00f3dulo Eujuris. UNED. <br>D\u00aa. Leyre Burguera Ameave, Profesora Contratada Doctora de Derecho Constitucional, UNED. <br><br><strong>10:15-11:15 horas. Ciudadan\u00eda, servicios y derechos<\/strong><br>D\u00aa. Cristina Benlloch Dom\u00e8nech. Profesora Contratada Doctora de Sociolog\u00eda. Universitat de Val\u00e8ncia. <br>D\u00aa. Concha Jim\u00e9nez-Shaw. Abogada. Jim\u00e9nez Shaw Abogados <br>D. Antonio Perez Miras. Profesor Ayudante Doctor de Derecho Constitucional, Universidad de Granada.<br>Preguntas y Debate<br><br><strong>11:30-12:30 horas. Investigaci\u00f3n cient\u00edfica, tecnolog\u00eda y derecho<\/strong>s<br>D. Roberto Cippitani. Jean Monnet Chair, Profesor de Bioderecho, Catedr\u00e1tico Jean Monnet.  Universidad de Perugia, Italia. <br>D\u00aa. Valentina Colcelli, Investigadora. Consiglio Nazionale delle Ricerche (CNR) Istituto di Fisica Applicata \u00abNello Cararra\u00bb (CNR-IFAC), Italia. <br>D. Gonzalo Romero Jim\u00e9nez, Abogado, Socio en Gabeiras &amp; Asociados. <br>Preguntas y Debate<br><br><strong>12:45-13:00 Cierre de la jornada <\/strong><br><br><strong>Comit\u00e9 Cient\u00edfico<\/strong><br>D\u00aa. Yolanda G\u00d3MEZ S\u00c1NCHEZ, Catedr\u00e1tica de Derecho Constitucional de la UNED, Directora del Centro de Estudios Pol\u00edticos y Constitucionales (CEPC). <br>D. Joaqu\u00edn SARRI\u00d3N ESTEVE, Profesor Titular de Derecho Constitucional, Facultad de Derecho, UNED (IP)<br>D\u00aa. Leyre BURGUERA AMEAVE, Profesora Contratada Doctora de Derecho Constitucional, Facultad de Derecho, UNED<br>D. Roberto CIPPITANI, Profesor de Derecho Privado y Catedr\u00e1tico Jean Monnet en la Universidad de Perugia, Italia<br>D\u00aa. Valentina COLCELLI, Investigadora del Consiglio Nazionale della Ricerca, CNR- IFAC, Italia.<br><br><strong>Patrocinadores<br><\/strong><br>Programa Erasmus+ de la UE, Jurisdicci\u00f3n y Procedimientos en la Uni\u00f3n Europea (EUJURIS), 621025-EPP-1-2020-1-ES-EPPJMO-MODULE. <\/p>\n\n\n\n<p><br>Facultad de Derecho de la UNED, Ayudas para cofinanciar la organizaci\u00f3n de congresos, workshops y jornadas cient\u00edficas                        <\/p>\n\n\n\n<p>                                    <br>Proyecto UNED Trascen-Rights, ref. 096-034298. Vicerrectorado de Investigaci\u00f3n, Transferencia del Conocimiento y Divulgaci\u00f3n Cient\u00edfica, Convocatoria de Proyectos de Investigaci\u00f3n UNED 2021.<br><br><br><br><br><br><\/p>\n","protected":false},"excerpt":{"rendered":"<p>ObjetivosDebatir sobre los retos que las innovaciones tecnol\u00f3gicas presentan para el reconocimiento y protecci\u00f3n de los derechos y libertades, desde una perspectiva te\u00f3rica y pr\u00e1ctica Mi\u00e9rcoles 21 de Diciembre de 2022, de 10 a 13 horas. Organiza: Proyectos Trascen-Rights y <a class=\"more-link\" href=\"https:\/\/blogs.uned.es\/eujuris\/2022\/12\/16\/jornada-congreso-y-workshop-hacia-un-nuevo-paradigma-constitucional-de-los-derechos-fundamentales-trascendiendo-las-tecnologias-inteligentes-retos-eticos-sociales-y-juridicos-21-de-diciembre-d\/\">Seguir leyendo <span class=\"meta-nav\">&rarr;<\/span><\/a><\/p>\n","protected":false},"author":7377,"featured_media":0,"comment_status":"open","ping_status":"open","sticky":false,"template":"","format":"standard","meta":{"footnotes":""},"categories":[25],"tags":[],"class_list":["post-1093","post","type-post","status-publish","format-standard","hentry","category-news"],"_links":{"self":[{"href":"https:\/\/blogs.uned.es\/eujuris\/wp-json\/wp\/v2\/posts\/1093","targetHints":{"allow":["GET"]}}],"collection":[{"href":"https:\/\/blogs.uned.es\/eujuris\/wp-json\/wp\/v2\/posts"}],"about":[{"href":"https:\/\/blogs.uned.es\/eujuris\/wp-json\/wp\/v2\/types\/post"}],"author":[{"embeddable":true,"href":"https:\/\/blogs.uned.es\/eujuris\/wp-json\/wp\/v2\/users\/7377"}],"replies":[{"embeddable":true,"href":"https:\/\/blogs.uned.es\/eujuris\/wp-json\/wp\/v2\/comments?post=1093"}],"version-history":[{"count":4,"href":"https:\/\/blogs.uned.es\/eujuris\/wp-json\/wp\/v2\/posts\/1093\/revisions"}],"predecessor-version":[{"id":1103,"href":"https:\/\/blogs.uned.es\/eujuris\/wp-json\/wp\/v2\/posts\/1093\/revisions\/1103"}],"wp:attachment":[{"href":"https:\/\/blogs.uned.es\/eujuris\/wp-json\/wp\/v2\/media?parent=1093"}],"wp:term":[{"taxonomy":"category","embeddable":true,"href":"https:\/\/blogs.uned.es\/eujuris\/wp-json\/wp\/v2\/categories?post=1093"},{"taxonomy":"post_tag","embeddable":true,"href":"https:\/\/blogs.uned.es\/eujuris\/wp-json\/wp\/v2\/tags?post=1093"}],"curies":[{"name":"wp","href":"https:\/\/api.w.org\/{rel}","templated":true}]}}