{"id":12855,"date":"2024-03-12T13:42:16","date_gmt":"2024-03-12T13:42:16","guid":{"rendered":"https:\/\/blogs.uned.es\/estudios-oficiales-polisoci\/?p=12855"},"modified":"2024-03-12T13:42:17","modified_gmt":"2024-03-12T13:42:17","slug":"liberalismo-y-construccion-de-la-nacion-el-ateneo-de-madrid-1875-1898","status":"publish","type":"post","link":"https:\/\/blogs.uned.es\/estudios-oficiales-polisoci\/2024\/03\/12\/liberalismo-y-construccion-de-la-nacion-el-ateneo-de-madrid-1875-1898\/","title":{"rendered":"Liberalismo y construcci\u00f3n de la naci\u00f3n. El Ateneo de Madrid (1875-1898)."},"content":{"rendered":"\n<p><strong>13 marzo en la sala 2.21 a las 12:30<\/strong> Seminario de Investigaci\u00f3n<\/p>\n\n\n\n<figure class=\"wp-block-image size-full\"><img loading=\"lazy\" decoding=\"async\" width=\"735\" height=\"255\" src=\"http:\/\/blogs.uned.es\/estudios-oficiales-polisoci\/wp-content\/uploads\/sites\/399\/2023\/09\/logo_politicas.gif\" alt=\"\" class=\"wp-image-12413\" \/><\/figure>\n\n\n\n<p>Obispo Trejo, 2, Madrid (Spain)<\/p>\n\n\n\n<p>Os invitamos al seminario que impartir\u00e1 la <strong>Dra.&nbsp;Mar\u00eda Mu\u00f1oz<\/strong>, del Dpto de Historia Social y del Pensamiento Pol\u00edtico, el mi\u00e9rcoles <strong>13 marzo en la sala 2.21 a las 12:30 <\/strong>con el t\u00edtulo<strong>&nbsp;Liberalismo y construcci\u00f3n de la naci\u00f3n. El Ateneo de Madrid (1875-1898).<\/strong><\/p>\n\n\n\n<p>Ser\u00e1 acompa\u00f1ada por el Dr. Javier Zamora.<\/p>\n\n\n\n<p class=\"has-x-large-font-size\">Se podr\u00e1 seguir tambi\u00e9n online <a href=\"https:\/\/teams.microsoft.com\/l\/meetup-join\/19%3ameeting_MWRiOGMyZjItZDA5Mi00Y2QzLWE3YjEtZTcwNmM3YWVhMzQ0%40thread.v2\/0?context=%7b%22Tid%22%3a%22b5587048-a070-43ad-b654-20a31e9b2d99%22%2c%22Oid%22%3a%2219c03abf-24c7-4dd1-97b0-a3b32572ca1f%22%7d\">aqu\u00ed<\/a><\/p>\n","protected":false},"excerpt":{"rendered":"<p>13 marzo en la sala 2.21 a las 12:30 Seminario de Investigaci\u00f3n Obispo Trejo, 2, Madrid (Spain) Os invitamos al seminario que impartir\u00e1 la Dra.&nbsp;Mar\u00eda Mu\u00f1oz, del Dpto de Historia Social y del Pensamiento Pol\u00edtico, el mi\u00e9rcoles 13 marzo en la sala 2.21 a las 12:30 con el t\u00edtulo&nbsp;Liberalismo y construcci\u00f3n de la naci\u00f3n. El [&hellip;]<\/p>\n","protected":false},"author":7643,"featured_media":0,"comment_status":"open","ping_status":"open","sticky":false,"template":"","format":"standard","meta":{"footnotes":""},"categories":[1],"tags":[],"class_list":["post-12855","post","type-post","status-publish","format-standard","hentry","category-sin-categoria"],"_links":{"self":[{"href":"https:\/\/blogs.uned.es\/estudios-oficiales-polisoci\/wp-json\/wp\/v2\/posts\/12855","targetHints":{"allow":["GET"]}}],"collection":[{"href":"https:\/\/blogs.uned.es\/estudios-oficiales-polisoci\/wp-json\/wp\/v2\/posts"}],"about":[{"href":"https:\/\/blogs.uned.es\/estudios-oficiales-polisoci\/wp-json\/wp\/v2\/types\/post"}],"author":[{"embeddable":true,"href":"https:\/\/blogs.uned.es\/estudios-oficiales-polisoci\/wp-json\/wp\/v2\/users\/7643"}],"replies":[{"embeddable":true,"href":"https:\/\/blogs.uned.es\/estudios-oficiales-polisoci\/wp-json\/wp\/v2\/comments?post=12855"}],"version-history":[{"count":1,"href":"https:\/\/blogs.uned.es\/estudios-oficiales-polisoci\/wp-json\/wp\/v2\/posts\/12855\/revisions"}],"predecessor-version":[{"id":12857,"href":"https:\/\/blogs.uned.es\/estudios-oficiales-polisoci\/wp-json\/wp\/v2\/posts\/12855\/revisions\/12857"}],"wp:attachment":[{"href":"https:\/\/blogs.uned.es\/estudios-oficiales-polisoci\/wp-json\/wp\/v2\/media?parent=12855"}],"wp:term":[{"taxonomy":"category","embeddable":true,"href":"https:\/\/blogs.uned.es\/estudios-oficiales-polisoci\/wp-json\/wp\/v2\/categories?post=12855"},{"taxonomy":"post_tag","embeddable":true,"href":"https:\/\/blogs.uned.es\/estudios-oficiales-polisoci\/wp-json\/wp\/v2\/tags?post=12855"}],"curies":[{"name":"wp","href":"https:\/\/api.w.org\/{rel}","templated":true}]}}