{"id":12787,"date":"2024-02-05T10:41:48","date_gmt":"2024-02-05T10:41:48","guid":{"rendered":"https:\/\/blogs.uned.es\/estudios-oficiales-polisoci\/?p=12787"},"modified":"2024-02-05T11:20:06","modified_gmt":"2024-02-05T11:20:06","slug":"contribucion-al-abordaje-de-la-pobreza-en-la-provincia-de-mendoza-conceptualizacion-desde-una-perspectiva-multidimensional-y-una-propuesta-exploratoria-para-su-medicion-ipm-mza","status":"publish","type":"post","link":"https:\/\/blogs.uned.es\/estudios-oficiales-polisoci\/2024\/02\/05\/contribucion-al-abordaje-de-la-pobreza-en-la-provincia-de-mendoza-conceptualizacion-desde-una-perspectiva-multidimensional-y-una-propuesta-exploratoria-para-su-medicion-ipm-mza\/","title":{"rendered":"\u00abContribuci\u00f3n al abordaje de la pobreza en la provincia de Mendoza: Conceptualizaci\u00f3n desde una perspectiva multidimensional y una propuesta exploratoria para su medici\u00f3n (IPM-Mza)\u00bb"},"content":{"rendered":"\n<p>9 de febrero de 2024<\/p>\n\n\n\n<p>El d\u00eda 9 de febrero de 2024 tendr\u00e1 lugar la defensa de la tesis doctoral de Mar\u00eda Jos\u00e9 Benegas Mateo. El acto tendr\u00e1 lugar a las 11:30 horas en la Sala A de la Facultad de Derecho de la UNED. La tesis de M\u00aa Jos\u00e9 Benegas Mateo se titula \u00abContribuci\u00f3n al abordaje de la pobreza en la provincia de Mendoza: Conceptualizaci\u00f3n desde una perspectiva multidimensional y una propuesta exploratoria para su medici\u00f3n (IPM-Mza)\u00bb y el director es Francisco Javier Garc\u00eda Castilla. La tesis se enmarca en el Programa de Doctorado de \u00abAn\u00e1lisis de problemas sociales\u00bb.<\/p>\n\n\n\n<p>Este trabajo tiene el prop\u00f3sito de contribuir a la discusi\u00f3n y al abordaje de la pobreza en la Provincia de Mendoza (Argentina) desde el \u00faltimo gran consenso paradigm\u00e1tico del Desarrollo Humano, atendiendo a su \u201cmultidimensionalidad\u201d. Esto, con el fin de apoyar el dise\u00f1o y la ejecuci\u00f3n de pol\u00edticas de reducci\u00f3n de la pobreza efectivas \u2014as\u00ed como, en general, pol\u00edticas de desarrollo para que sean equitativas e inclusivas\u2014 y dotar a las Administraciones y a la acci\u00f3n p\u00fablica en general, de nuevas herramientas para hacer frente a este persistente flagelo.<\/p>\n\n\n\n<p>Con esta motivaci\u00f3n, en esta tesis se propone un \u00cdndice de Pobreza Multidimensional exploratorio para la provincia. Este IPM, basado en la metodolog\u00eda de medici\u00f3n de la pobreza Alkire y Foster, suma a las propiedades inherentes de los enfoques axiom\u00e1ticos otras cualidades que le son propias por decisiones de dise\u00f1o, recogiendo las recomendaciones puntuales de expertos. Esta medida multidimensional se plantea, adem\u00e1s, desde el enfoque conceptual de los derechos, y con el consenso p\u00fablico \u2014internacional y duradero\u2014 que constituyen los Objetivos de Desarrollo Sostenible como gu\u00eda. As\u00ed como atento a las consideraciones del Consenso de Montevideo sobre Poblaci\u00f3n y Desarrollo (CEPAL, 2013), a nivel regional; y al concordato generado en torno al Plan Estrat\u00e9gico de Desarrollo de Mendoza: Mendoza 2030 (Gobierno de Mendoza, 2011), en un contexto m\u00e1s local.<\/p>\n\n\n\n<p>Con la amplia revisi\u00f3n de bibliograf\u00eda realizada para su sustentaci\u00f3n; as\u00ed como con la consulta puntual a expertos y la aplicaci\u00f3n de las pruebas estad\u00edsticas de robustez indicada por la metodolog\u00eda; se conf\u00eda en haber logrado proponer \u2014dentro de las restricciones impuestas por la naturaleza y la cantidad de informaci\u00f3n disponible sistem\u00e1ticamente en la provincia\u2014 una medida transparente; metodol\u00f3gicamente s\u00f3lida; normativa y estad\u00edsticamente robusta. Con indicadores relevantes desde el enfoque de derechos, significativos en los contextos regional, nacional y provincial, ampliamente utilizados y discutidos en la literatura internacional; y con est\u00e1ndares sensibles a los contextos urbano y rural, y m\u00e1s exigentes que los usados en las mediciones tradicionales. Y lo m\u00e1s significativo, todas las privaciones consideradas han sido identificadas regularmente como elementos importantes por las propias personas que viven en situaci\u00f3n de pobreza.<\/p>\n\n\n\n<p>Por sus caracter\u00edsticas, el IPM-Mza puede contribuir a precisar con mayor exactitud la pobreza en todas sus formas \u2014como <em>fen\u00f3meno multidimensional, con m\u00faltiples e interrelacionadas causas y expresiones<\/em>\u2014 y, a su vez, a mejorar la acci\u00f3n de la Administraci\u00f3n P\u00fablica en sus actuaciones para <em>no dejar a nadie atr\u00e1s<\/em>.<\/p>\n\n\n\n<p>Adem\u00e1s de la propuesta metodol\u00f3gica de dise\u00f1o del \u00edndice se han estimado las medidas previstas por la metodolog\u00eda Alkire Foster \u2014as\u00ed como los an\u00e1lisis habilitados por \u00e9sta\u2014 con la informaci\u00f3n de la Encuesta de Condiciones de Vida de la Direcci\u00f3n de Estad\u00edsticas e Investigaciones Econ\u00f3micas (Gobierno de Mendoza), para los niveles provincial, urbano, rural, departamental y urbano-rural al interior de cada municipio, en algunos an\u00e1lisis.<\/p>\n\n\n\n<p>Adicionalmente, en el marco te\u00f3rico se reflexiona y se insta al investigador, al hacedor de pol\u00edtica p\u00fablica y, en general, a todo lector interesado, a abordar el estudio de la pobreza con una actitud cr\u00edtica, no s\u00f3lo en cuanto a la conceptualizaci\u00f3n de este complejo fen\u00f3meno y sus implicancias de materialidad, sino tambi\u00e9n respecto del elemento subjetivo que conlleva toda medici\u00f3n de pobreza. Adem\u00e1s, se hace una revisi\u00f3n de los enfoques de pobreza, desde los m\u00e1s antiguos hasta los m\u00e1s recientes. Se exploran tanto los enfoques conceptuales como las perspectivas metodol\u00f3gicas desde los cuales se han ido enfrentando los ejercicios inherentes a toda medici\u00f3n de pobreza: la identificaci\u00f3n y la agregaci\u00f3n. Este \u00faltimo apartado tambi\u00e9n introduce otras perspectivas te\u00f3ricas y heur\u00edsticas relacionadas con la pobreza, y que han resultado importantes en la comprensi\u00f3n de \u00e9sta.<\/p>\n","protected":false},"excerpt":{"rendered":"<p>9 de febrero de 2024 El d\u00eda 9 de febrero de 2024 tendr\u00e1 lugar la defensa de la tesis doctoral de Mar\u00eda Jos\u00e9 Benegas Mateo. El acto tendr\u00e1 lugar a las 11:30 horas en la Sala A de la Facultad de Derecho de la UNED. La tesis de M\u00aa Jos\u00e9 Benegas Mateo se titula \u00abContribuci\u00f3n [&hellip;]<\/p>\n","protected":false},"author":7643,"featured_media":0,"comment_status":"open","ping_status":"open","sticky":false,"template":"","format":"standard","meta":{"footnotes":""},"categories":[1],"tags":[],"class_list":["post-12787","post","type-post","status-publish","format-standard","hentry","category-sin-categoria"],"_links":{"self":[{"href":"https:\/\/blogs.uned.es\/estudios-oficiales-polisoci\/wp-json\/wp\/v2\/posts\/12787","targetHints":{"allow":["GET"]}}],"collection":[{"href":"https:\/\/blogs.uned.es\/estudios-oficiales-polisoci\/wp-json\/wp\/v2\/posts"}],"about":[{"href":"https:\/\/blogs.uned.es\/estudios-oficiales-polisoci\/wp-json\/wp\/v2\/types\/post"}],"author":[{"embeddable":true,"href":"https:\/\/blogs.uned.es\/estudios-oficiales-polisoci\/wp-json\/wp\/v2\/users\/7643"}],"replies":[{"embeddable":true,"href":"https:\/\/blogs.uned.es\/estudios-oficiales-polisoci\/wp-json\/wp\/v2\/comments?post=12787"}],"version-history":[{"count":2,"href":"https:\/\/blogs.uned.es\/estudios-oficiales-polisoci\/wp-json\/wp\/v2\/posts\/12787\/revisions"}],"predecessor-version":[{"id":12799,"href":"https:\/\/blogs.uned.es\/estudios-oficiales-polisoci\/wp-json\/wp\/v2\/posts\/12787\/revisions\/12799"}],"wp:attachment":[{"href":"https:\/\/blogs.uned.es\/estudios-oficiales-polisoci\/wp-json\/wp\/v2\/media?parent=12787"}],"wp:term":[{"taxonomy":"category","embeddable":true,"href":"https:\/\/blogs.uned.es\/estudios-oficiales-polisoci\/wp-json\/wp\/v2\/categories?post=12787"},{"taxonomy":"post_tag","embeddable":true,"href":"https:\/\/blogs.uned.es\/estudios-oficiales-polisoci\/wp-json\/wp\/v2\/tags?post=12787"}],"curies":[{"name":"wp","href":"https:\/\/api.w.org\/{rel}","templated":true}]}}