{"id":12565,"date":"2023-10-26T18:18:09","date_gmt":"2023-10-26T18:18:09","guid":{"rendered":"https:\/\/blogs.uned.es\/estudios-oficiales-polisoci\/?p=12565"},"modified":"2023-11-21T15:27:00","modified_gmt":"2023-11-21T15:27:00","slug":"tendencias-sociales-de-la-violencia-criminal-una-mirada-hacia-latinoamerica","status":"publish","type":"post","link":"https:\/\/blogs.uned.es\/estudios-oficiales-polisoci\/2023\/10\/26\/tendencias-sociales-de-la-violencia-criminal-una-mirada-hacia-latinoamerica\/","title":{"rendered":"Tendencias sociales de la violencia criminal. Una mirada hacia Latinoam\u00e9rica"},"content":{"rendered":"\n<p>21 y 22de noviembre de 2023. Sal\u00f3n de Actos de la Facultad de Ciencias Pol\u00edticas y Sociolog\u00eda. UNED<\/p>\n\n\n\n<div class=\"wp-block-group is-layout-constrained wp-block-group-is-layout-constrained\">\n<p class=\"has-large-font-size\">Organiza:<\/p>\n\n\n\n<p><a href=\"https:\/\/www.uned.es\/universidad\/docentes\/politicas-sociologia\/oscar-jaime-jimenez.html\"><em>Dr. \u00d3scar Jaime Jim\u00e9nez<\/em> y<\/a> <em>D<a href=\"https:\/\/dialnet.unirioja.es\/servlet\/autor?codigo=1979641\">r. Daniel Sans\u00f3-Rubert Pascua<\/a>l<\/em> del Departamento de Sociolog\u00eda III (Tendencias sociales). Facultad de Ciencias Pol\u00edticas y Sociolog\u00eda. UNED<\/p>\n\n\n\n<p><em>Dr. Jos\u00e9 Julio Fern\u00e1ndez Rodr\u00edguez<\/em>. <em>Magister Anxo Varela<\/em>. Centro de Estudios de Seguridad (CESEG). Universidad de Santiago de Compostela (USC)<\/p>\n\n\n\n<p><em>Dr. Williams Gilberto Jim\u00e9nez-Garc\u00eda<\/em>. Universidad de Los Andes (UNIANDES). Red de Conocimientos en Violencia y Criminalidad (Red VICRI)<\/p>\n<\/div>\n\n\n\n<p><strong><em>Modalidad de participaci\u00f3n:<\/em><\/strong> presencial y virtual<\/p>\n\n\n\n<p>Streaming CanalUNED: <a href=\"https:\/\/canal.uned.es\/live\/event\/6539fd0532e2ca50760a4175\" target=\"_blank\" rel=\"noreferrer noopener\">https:\/\/canal.uned.es\/live\/event\/6539fd0532e2ca50760a4175<\/a><\/p>\n\n\n\n<div class=\"wp-block-group is-layout-constrained wp-block-group-is-layout-constrained\">\n<p class=\"has-large-font-size\"><strong>PROGRAMA:<\/strong><\/p>\n\n\n\n<p><strong>21 DE NOVIEMBRE<\/strong>, <strong>16:00-16:30hs. Inauguraci\u00f3n<\/strong><\/p>\n\n\n\n<p><em>Juan Jos\u00e9 Villal\u00f3n Og\u00e1yar<\/em>, Decano, Facultad de Ciencias Pol\u00edticas y Sociolog\u00eda, UNED<\/p>\n\n\n\n<p><em>Jos\u00e9 Antonio D\u00edaz<\/em>, Catedr\u00e1tico de Sociolog\u00eda, Director del Departamento de Tendencias Sociales (III), Facultad de Ciencias Pol\u00edticas y Sociolog\u00eda, UNED<\/p>\n\n\n\n<p><em>Jos\u00e9 Julio Fern\u00e1ndez Rodr\u00edguez<\/em>, Catedr\u00e1tico de Derecho, Director del Centro de Estudios de Seguridad (CESEG), Universidad de Santiago de Compostela<\/p>\n\n\n\n<p><em>\u00d3scar Jaime Jim\u00e9nez<\/em>, Prof. Titular de Sociolog\u00eda, Facultad de Ciencias Pol\u00edticas y Sociolog\u00eda, UNED<\/p>\n\n\n\n<p><strong>16:00hs. Conferencia Inaugural: Representante Embajada EEUU (pendiente de confirmar)<\/strong><\/p>\n\n\n\n<p><strong>Presenta: <\/strong><em>Dr. Daniel Sans\u00f3-Rubert Pascual<\/em>, Prof. de Pol\u00edticas P\u00fablicas de Seguridad, Facultad de Ciencias Pol\u00edticas y Sociolog\u00eda (UNED)<\/p>\n\n\n\n<p><strong>16:30-18:00hs. PRIMERA MESA REDONDA: \u201cTENDENCIAS SOCIALES DE LA VIOLENCIA CRIMINAL\u201d<\/strong><\/p>\n\n\n\n<p><strong>Modera: <\/strong><em>Dr. Jorge Ramiro P\u00e9rez<\/em>, Prof. Titular de Criminolog\u00eda, Universidad Europea (Madrid)<\/p>\n\n\n\n<p><em>Dr. Luis de La Corte<\/em>, Prof. Titular de Psicolog\u00eda, Director de Estudios Estrat\u00e9gicos, Instituto de Ciencias Forenses y Criminol\u00f3gicas, Universidad Aut\u00f3noma de Madrid<\/p>\n\n\n\n<p><em>Dra. Andrea Gim\u00e9nez Framis<\/em>, Presidenta de la Fundaci\u00f3n para la Investigaci\u00f3n Aplicada en Delincuencia y Seguridad (FIADyS), Profa. de Criminolog\u00eda, Universidad de Comillas (Madrid)<\/p>\n\n\n\n<p><em>Dra. Rebeca Cordero Verdugo<\/em>, Profa. Titular de Sociolog\u00eda Aplicada, Universidad Europea (Madrid)<\/p>\n\n\n\n<p><strong>18:30-20:00hs SEGUNDA MESA REDONDA \u201cDESENTRA\u00d1ANDO LA ESENCIA DE LA VIOLENCIA CRIMINAL: FINES, MEDIOS Y SUBCULTURAS DELICTIVAS\u201d<\/strong><\/p>\n\n\n\n<p><strong>Modera:<\/strong> <em>Jos\u00e9 Julio Fern\u00e1ndez Rodr\u00edguez<\/em>, Catedr\u00e1tico de Derecho, Director del Centro de Estudios de Seguridad (CESEG), Universidad de Santiago de Compostela<\/p>\n\n\n\n<p><em>D. Joao Santa Terra<\/em>, Promotor de Justicia, Ministerio P\u00fablico de Brasil<\/p>\n\n\n\n<p><em>Dr. Daniel Sans\u00f3-Rubert Pascual<\/em>, Prof. de Pol\u00edticas P\u00fablicas de Seguridad, Facultad de Ciencias Pol\u00edticas y Sociolog\u00eda (UNED)<\/p>\n\n\n\n<p><em>Dr. Williams Gilberto Jim\u00e9nez-Garc\u00eda<\/em>, Universidad de Los Andes, Director Red de Estudio de la Violencia (Red Vicri)<\/p>\n\n\n\n<p><strong>22 DE NOVIEMBRE<\/strong><\/p>\n\n\n\n<p><strong>16:00-17:30hs. TERCERA MESA REDONDA \u201c<\/strong><strong>LA INJERENCIA DEL CRIMEN ORGANIZADO EN LA POL\u00cdTICA A TRAV\u00c9S DEL EJERCICIO DE LA VIOLENCIA\u201d<\/strong><\/p>\n\n\n\n<p><strong>Modera: <\/strong><em>Mag\u00edster Anxo Varela Hern\u00e1ndez<\/em>, Centro de Estudios de Seguridad (CESEG), Universidad de Santiago de Compostela<\/p>\n\n\n\n<p><em>Dr. Alfonso Serrano Ma\u00edllo (pendiente de confirmaci\u00f3n)<\/em>, Catedr\u00e1tico de Universidad, UNED<\/p>\n\n\n\n<p><em>Dr. H\u00e9ctor Olasolo<\/em> (pendiente de confirmaci\u00f3n), Chair in International Law at&nbsp;Universidad del Rosario&nbsp;(Bogot\u00e1, Colombia)&nbsp;and Director&nbsp;of&nbsp;&nbsp;<a rel=\"noreferrer noopener\" href=\"http:\/\/www.urosario.edu.co\/Maestria-en-derecho-internacional\/Inicio\/\" target=\"_blank\"><em>Maestria<\/em><\/a><em>&nbsp;en Derecho Internacional<\/em>&nbsp;.&nbsp;Chairman of&nbsp;the Ibero-American Institute of The Hague (IIH, The Netherlands)\/<a rel=\"noreferrer noopener\" href=\"http:\/\/www.iberoamericaninstituteofthehague.org\/\" target=\"_blank\">Instituto Ibero-Americano<\/a>&nbsp;de la Haya (&nbsp;<a rel=\"noreferrer noopener\" href=\"http:\/\/www.iberoamericaninstituteofthehague.org\/formacion-e-investigacion\/red-de-investigacion\" target=\"_blank\">Research Network<\/a>&nbsp;&#8211;&nbsp;<a rel=\"noreferrer noopener\" href=\"http:\/\/www.urosario.edu.co\/Clinica-Juridica-Internacional\/Inicio\/\" target=\"_blank\">International Law Clinic<\/a>).<\/p>\n\n\n\n<p><em>Dr. Julio Ballesteros S\u00e1nchez<\/em>, Prof. de Derecho Penal y Criminolog\u00eda, Universidad de Salamanca. Observatorio de Criminalidad organizada Transnacional (OCOT)<\/p>\n\n\n\n<p><em>Dra. Sonia Alda Mej\u00edas<\/em>, Profesora de Relaciones Internacionales. Universidad Pontificia Comillas&nbsp;(Madrid). Directora del Centro Internacional de Gobernabilidad, Desarrollo y Seguridad.<\/p>\n\n\n\n<p><strong>17.45-19:15hs. CUARTA MESA \u201cCRIMINALIDAD ORGANIZADA, VIOLENCIA Y SOCIEDAD EN AM\u00c9RICA LATINA. \u00bfQU\u00c9 HAY DE NUEVO?\u201d<\/strong><\/p>\n\n\n\n<p><strong>Modera:<\/strong> <em>Dr.Rub\u00e9n Ruiz Ramas (pendiente de confirmaci\u00f3n)<\/em>, Vicedecano de Relaciones Internacionales e Institucionales, Facultad de Ciencias Pol\u00edticas y Sociolog\u00eda, UNED<\/p>\n\n\n\n<p><em>Dr. Fredy Rivera V\u00e9lez<\/em>, Catedr\u00e1tico de Universidad. Facultad Latinoamericana de Ciencias Sociales (Flacso. Sede Ecuador).<\/p>\n\n\n\n<p><em>Dra. Carolina Samp\u00f3<\/em> Coordinator of the Center for Studies on Transnational Organized Crime (CeCOT), International Relations Institute (IRI) University of La Plata (UNLP), Argentina.&nbsp;<\/p>\n\n\n\n<p><em>Dr. Jaime de la Rosa Garc\u00eda<\/em>, FICOSEC. Universidad Aut\u00f3noma de Baja California<\/p>\n\n\n\n<p><em>Dra. Liliana Manzano-Ch\u00e1vez<\/em> Investigadora Postdoctoral, Centro Cielo, Universidad Santo Tom\u00e1s<\/p>\n\n\n\n<p><strong>19:15-20:00hs. CLAUSURA: \u201cPOL\u00cdTICAS P\u00daBLICAS DE SEGURIDAD Y PREVENCI\u00d3N DEL DELITO EN LA ENCRUCIJADA\u201d<\/strong><\/p>\n\n\n\n<p><strong>Modera:<\/strong> <em>Andr\u00e9s de Castro Garc\u00eda<\/em>, Prof. de Ciencias Pol\u00edticas, Facultad de Ciencias Pol\u00edticas y Sociolog\u00eda, UNED<\/p>\n\n\n\n<p><em>Dr. Diego Torrente Robles<\/em>, Catedr\u00e1tico de Sociolog\u00eda, Universidad de Barcelona<\/p>\n\n\n\n<p><em>Dr. \u00d3scar Jaime Jim\u00e9nez<\/em>, Prof. Titular de Sociolog\u00eda, Facultad de Ciencias Pol\u00edticas y Sociolog\u00eda, Director Programa de Doctorado, UNED<\/p>\n\n\n\n<p><strong>20:00hs. FIN DE LA JORNADA<\/strong><\/p>\n<\/div>\n\n\n\n<p class=\"has-large-font-size\"><strong>Presentaci\u00f3n:<\/strong><\/p>\n\n\n\n<p>Esta jornada de estudio sobre violencias criminales, representa una oportunidad crucial para abordar un fen\u00f3meno social de gran relevancia en la actualidad. Las violencias asociadas al crimen organizado constituyen un desaf\u00edo complejo y multifac\u00e9tico que afecta profundamente a pa\u00edses de Am\u00e9rica Latina, marcando un impacto significativo en la seguridad ciudadana, el desarrollo econ\u00f3mico y la calidad de vida de la poblaci\u00f3n. El an\u00e1lisis detallado de estos fen\u00f3menos en pa\u00edses espec\u00edficos como M\u00e9xico, Colombia, Chile, Ecuador y Espa\u00f1a, permitir\u00e1 no solo comprender las particularidades de cada contexto, sino tambi\u00e9n identificar patrones y similitudes que pueden enriquecer estrategias de intervenci\u00f3n y pol\u00edticas p\u00fablicas en la lucha contra la violencia criminal.<\/p>\n\n\n\n<p>La elecci\u00f3n de este espacio geogr\u00e1fica en concreto para la realizaci\u00f3n de una radiograf\u00eda de las violencias criminales obedece a su posici\u00f3n estrat\u00e9gica y a la diversidad de situaciones que presentan en t\u00e9rminos de crimen organizado. Pa\u00edses, donde las redes criminales ejercen una influencia notable en los \u00e1mbitos sociales, pol\u00edticos y econ\u00f3micos, con ramificaciones internacionales y complejos retos en materia de seguridad. La criminalidad organizada representa en la regi\u00f3n un creciente desaf\u00edo internacional, habida cuenta de la capacidad de operar transnacionalmente por parte de las estructuras delictivas, demandando una comprensi\u00f3n precisa de sus din\u00e1micas, que posibilite una respuesta adecuada por parte de los Estados afectados en particular y de la Comunidad Internacional en general. La comparaci\u00f3n de estas realidades permitir\u00e1 un an\u00e1lisis enriquecedor que contribuir\u00e1 al desarrollo de estrategias m\u00e1s eficaces y coordinadas para abordar la violencia criminal bajo cualquiera de sus manifestaciones. En \u00faltima instancia, esta jornada de estudio aspira a fomentar el intercambio de conocimientos y experiencias entre expertos y participantes, enriqueciendo el panorama acad\u00e9mico e institucional que contribuya a la elaboraci\u00f3n y propuesta de estrategias y pol\u00edticas eficaces en la lucha contra la violencia criminal. Adem\u00e1s, busca motivar la colaboraci\u00f3n futura entre pa\u00edses iberoamericanos y organismos internacionales para desarrollar estrategias y pol\u00edticas m\u00e1s efectivas que promuevan sociedades m\u00e1s seguras y resilientes en la regi\u00f3n. Este evento tiene un potencial significativo para impactar positivamente en la toma de decisiones, la formulaci\u00f3n de pol\u00edticas y la acci\u00f3n colectiva en la b\u00fasqueda de soluciones para uno de los desaf\u00edos.<\/p>\n","protected":false},"excerpt":{"rendered":"<p>21 y 22de noviembre de 2023. Sal\u00f3n de Actos de la Facultad de Ciencias Pol\u00edticas y Sociolog\u00eda. UNED Organiza: Dr. \u00d3scar Jaime Jim\u00e9nez y Dr. Daniel Sans\u00f3-Rubert Pascual del Departamento de Sociolog\u00eda III (Tendencias sociales). Facultad de Ciencias Pol\u00edticas y Sociolog\u00eda. UNED Dr. Jos\u00e9 Julio Fern\u00e1ndez Rodr\u00edguez. Magister Anxo Varela. Centro de Estudios de Seguridad [&hellip;]<\/p>\n","protected":false},"author":7643,"featured_media":0,"comment_status":"open","ping_status":"open","sticky":false,"template":"","format":"standard","meta":{"footnotes":""},"categories":[1],"tags":[],"class_list":["post-12565","post","type-post","status-publish","format-standard","hentry","category-sin-categoria"],"_links":{"self":[{"href":"https:\/\/blogs.uned.es\/estudios-oficiales-polisoci\/wp-json\/wp\/v2\/posts\/12565","targetHints":{"allow":["GET"]}}],"collection":[{"href":"https:\/\/blogs.uned.es\/estudios-oficiales-polisoci\/wp-json\/wp\/v2\/posts"}],"about":[{"href":"https:\/\/blogs.uned.es\/estudios-oficiales-polisoci\/wp-json\/wp\/v2\/types\/post"}],"author":[{"embeddable":true,"href":"https:\/\/blogs.uned.es\/estudios-oficiales-polisoci\/wp-json\/wp\/v2\/users\/7643"}],"replies":[{"embeddable":true,"href":"https:\/\/blogs.uned.es\/estudios-oficiales-polisoci\/wp-json\/wp\/v2\/comments?post=12565"}],"version-history":[{"count":2,"href":"https:\/\/blogs.uned.es\/estudios-oficiales-polisoci\/wp-json\/wp\/v2\/posts\/12565\/revisions"}],"predecessor-version":[{"id":12723,"href":"https:\/\/blogs.uned.es\/estudios-oficiales-polisoci\/wp-json\/wp\/v2\/posts\/12565\/revisions\/12723"}],"wp:attachment":[{"href":"https:\/\/blogs.uned.es\/estudios-oficiales-polisoci\/wp-json\/wp\/v2\/media?parent=12565"}],"wp:term":[{"taxonomy":"category","embeddable":true,"href":"https:\/\/blogs.uned.es\/estudios-oficiales-polisoci\/wp-json\/wp\/v2\/categories?post=12565"},{"taxonomy":"post_tag","embeddable":true,"href":"https:\/\/blogs.uned.es\/estudios-oficiales-polisoci\/wp-json\/wp\/v2\/tags?post=12565"}],"curies":[{"name":"wp","href":"https:\/\/api.w.org\/{rel}","templated":true}]}}