{"id":12517,"date":"2023-11-13T16:03:41","date_gmt":"2023-11-13T16:03:41","guid":{"rendered":"https:\/\/blogs.uned.es\/estudios-oficiales-polisoci\/?p=12517"},"modified":"2023-11-13T18:16:05","modified_gmt":"2023-11-13T18:16:05","slug":"hacia-un-sistema-unico-de-derechos-en-europa-factores-politicos-y-juridicos","status":"publish","type":"post","link":"https:\/\/blogs.uned.es\/estudios-oficiales-polisoci\/2023\/11\/13\/hacia-un-sistema-unico-de-derechos-en-europa-factores-politicos-y-juridicos\/","title":{"rendered":"\u201cHACIA UN SISTEMA \u00daNICO DE DERECHOS EN EUROPA: FACTORES POLITICOS Y JUR\u00cdDICOS \u201d"},"content":{"rendered":"\n<p class=\"has-medium-font-size\">15, noviembre. Conferencia a cargo de <strong><a rel=\"noreferrer noopener\" href=\"https:\/\/www.cepc.gob.es\/el-cepc\/organigrama\/yolanda-gomez-sanchez\" target=\"_blank\">Yolanda G\u00f3mez S\u00e1nchez<\/a><\/strong>, <em>Catedr\u00e1tica de Derecho Constitucional en la UNED, Exdirectora del <a rel=\"noreferrer noopener\" href=\"https:\/\/www.cepc.gob.es\/el-cepc\" target=\"_blank\">Centro de E<\/a><\/em><a href=\"https:\/\/www.cepc.gob.es\/el-cepc\"><em>studios Pol\u00edticos y Constitucionales<\/em> <\/a><\/p>\n\n\n\n<div class=\"wp-block-group is-nowrap is-layout-flex wp-container-core-group-is-layout-f66f9956 wp-block-group-is-layout-flex\">\n<p><strong><a href=\"https:\/\/portal.uned.es\/portal\/page?_pageid=93,53719581&amp;_dad=portal&amp;_schema=PORTAL&amp;idtitulacion=9609\">PROGRAMA DE DOCTORADO EN SOCIOLOG\u00cdA: CAMBIO SOCIAL EN SOCIEDADES CONTEMPOR\u00c1NEAS<\/a><\/strong><\/p>\n\n\n\n<figure class=\"wp-block-image size-full is-resized\"><a href=\"https:\/\/www.uned.es\/universidad\/facultades\/escueladoctorado.html\" target=\"_blank\" rel=\"noreferrer noopener\"><img loading=\"lazy\" decoding=\"async\" width=\"206\" height=\"98\" src=\"https:\/\/blogs.uned.es\/estudios-oficiales-polisoci\/wp-content\/uploads\/sites\/399\/2023\/10\/Imagen1.png\" alt=\"\" class=\"wp-image-12519\" style=\"aspect-ratio:2.1020408163265305;width:202px;height:auto\" \/><\/a><\/figure>\n<\/div>\n\n\n\n<p class=\"has-large-font-size\">Acto de apertura, Mi\u00e9rcoles, 15 de noviembre de 2023, a las 11.00 h.<\/p>\n\n\n\n<p>Intervienen:<\/p>\n\n\n\n<p><strong><a href=\"https:\/\/www.uned.es\/universidad\/docentes\/educacion\/angel-de-juanas-oliva.html\">ANGEL DE<\/a><a rel=\"noreferrer noopener\" href=\"https:\/\/www.uned.es\/universidad\/docentes\/educacion\/angel-de-juanas-oliva.html\" target=\"_blank\"> JUA<\/a><a href=\"https:\/\/www.uned.es\/universidad\/docentes\/educacion\/angel-de-juanas-oliva.html\">NA OLIVA<\/a>, <\/strong>Director de la Escuela Internacional de Doctorado, UNED, <strong><a href=\"https:\/\/canal.uned.es\/video\/64b827a932e2ca372a674910\">JUAN JOS\u00c9 VILLAL\u00d3N<\/a>, <\/strong>Decano de la Facultad de Ciencias Pol\u00edticas y Sociolog\u00eda,<a href=\"https:\/\/www.uned.es\/universidad\/docentes\/politicas-sociologia\/jose-maria-arribas-macho.html\"> <strong>JOSE MAR\u00cdA ARRIBAS<\/strong><\/a><strong>, <\/strong>Coordinador del programa de Doctorado<\/p>\n\n\n\n<div class=\"wp-block-group is-nowrap is-layout-flex wp-container-core-group-is-layout-6c531013 wp-block-group-is-layout-flex\">\n<p><strong>LUGAR: <\/strong><a href=\"https:\/\/maps.app.goo.gl\/W3H7Fcce8ywupV9k6\">Facultad de C<\/a><a href=\"https:\/\/maps.app.goo.gl\/W3H7Fcce8ywupV9k6\" target=\"_blank\" rel=\"noreferrer noopener\">iencias Po<\/a><a href=\"https:\/\/maps.app.goo.gl\/W3H7Fcce8ywupV9k6\">l\u00edticas y Sociolog\u00eda.<\/a> <strong>Sala A, Derecho<\/strong><\/p>\n\n\n\n<figure class=\"wp-block-image size-full is-resized\"><img loading=\"lazy\" decoding=\"async\" width=\"735\" height=\"255\" src=\"http:\/\/blogs.uned.es\/estudios-oficiales-polisoci\/wp-content\/uploads\/sites\/399\/2023\/09\/logo_politicas.gif\" alt=\"\" class=\"wp-image-12413\" style=\"aspect-ratio:2.8823529411764706;width:197px;height:auto\" \/><\/figure>\n<\/div>\n\n\n\n\n\n<p><strong>C\/ Obispo Trejo 2<\/strong>, Ciudad Universitaria, (Bus 46, junto a Puente de los franceses) Madrid 28040.<\/p>\n","protected":false},"excerpt":{"rendered":"<p>15, noviembre. Conferencia a cargo de Yolanda G\u00f3mez S\u00e1nchez, Catedr\u00e1tica de Derecho Constitucional en la UNED, Exdirectora del Centro de Estudios Pol\u00edticos y Constitucionales PROGRAMA DE DOCTORADO EN SOCIOLOG\u00cdA: CAMBIO SOCIAL EN SOCIEDADES CONTEMPOR\u00c1NEAS Acto de apertura, Mi\u00e9rcoles, 15 de noviembre de 2023, a las 11.00 h. Intervienen: ANGEL DE JUANA OLIVA, Director de la [&hellip;]<\/p>\n","protected":false},"author":7643,"featured_media":12521,"comment_status":"open","ping_status":"open","sticky":false,"template":"","format":"standard","meta":{"footnotes":""},"categories":[9],"tags":[73,75],"class_list":["post-12517","post","type-post","status-publish","format-standard","has-post-thumbnail","hentry","category-estudiar-en-la-uned","tag-doctorado","tag-europa"],"_links":{"self":[{"href":"https:\/\/blogs.uned.es\/estudios-oficiales-polisoci\/wp-json\/wp\/v2\/posts\/12517","targetHints":{"allow":["GET"]}}],"collection":[{"href":"https:\/\/blogs.uned.es\/estudios-oficiales-polisoci\/wp-json\/wp\/v2\/posts"}],"about":[{"href":"https:\/\/blogs.uned.es\/estudios-oficiales-polisoci\/wp-json\/wp\/v2\/types\/post"}],"author":[{"embeddable":true,"href":"https:\/\/blogs.uned.es\/estudios-oficiales-polisoci\/wp-json\/wp\/v2\/users\/7643"}],"replies":[{"embeddable":true,"href":"https:\/\/blogs.uned.es\/estudios-oficiales-polisoci\/wp-json\/wp\/v2\/comments?post=12517"}],"version-history":[{"count":4,"href":"https:\/\/blogs.uned.es\/estudios-oficiales-polisoci\/wp-json\/wp\/v2\/posts\/12517\/revisions"}],"predecessor-version":[{"id":12529,"href":"https:\/\/blogs.uned.es\/estudios-oficiales-polisoci\/wp-json\/wp\/v2\/posts\/12517\/revisions\/12529"}],"wp:featuredmedia":[{"embeddable":true,"href":"https:\/\/blogs.uned.es\/estudios-oficiales-polisoci\/wp-json\/wp\/v2\/media\/12521"}],"wp:attachment":[{"href":"https:\/\/blogs.uned.es\/estudios-oficiales-polisoci\/wp-json\/wp\/v2\/media?parent=12517"}],"wp:term":[{"taxonomy":"category","embeddable":true,"href":"https:\/\/blogs.uned.es\/estudios-oficiales-polisoci\/wp-json\/wp\/v2\/categories?post=12517"},{"taxonomy":"post_tag","embeddable":true,"href":"https:\/\/blogs.uned.es\/estudios-oficiales-polisoci\/wp-json\/wp\/v2\/tags?post=12517"}],"curies":[{"name":"wp","href":"https:\/\/api.w.org\/{rel}","templated":true}]}}