{"id":9311,"date":"2022-12-16T10:15:00","date_gmt":"2022-12-16T09:15:00","guid":{"rendered":"https:\/\/blogs.uned.es\/emprende\/?p=9311"},"modified":"2022-12-19T10:17:14","modified_gmt":"2022-12-19T09:17:14","slug":"emprendeuned22","status":"publish","type":"post","link":"https:\/\/blogs.uned.es\/emprende\/emprendeuned22\/","title":{"rendered":"#emprendeUNED22"},"content":{"rendered":"<p>Ayer tuvimos la gran oportunidad de volver a celebrar los Premios de Creaci\u00f3n de Empresa, <strong>#emprendeUNED22<\/strong><\/p>\n<p>Para aquellos que no pudisteis ver la celebraci\u00f3n, os facilitamos el <a href=\"https:\/\/canal.uned.es\/video\/639b0233ae6c22392b582a64\">enlace a la grabaci\u00f3n<\/a>.<\/p>\n<p>No queremos dejar pasar la oportunidad de agradecer a todos los que os implic\u00e1is a\u00f1o tras a\u00f1o en este proyecto del que ya comenzamos, en breve la 9\u00aa edici\u00f3n.<\/p>\n<p>Gracias a <strong>Santander Universidades<\/strong>, al equipo de <strong>S<span class=\"\">ecot<\/span><\/strong>, <strong>Socios Inversores<\/strong> a <strong>ECIJA Advisory<\/strong>, la <strong>OTRI de la UNED<\/strong>, <strong>Jose Anton Acevedo<\/strong>, <strong>Eslab\u00f3n<\/strong>, <!--StartFragment --><span class=\"cf0\"><strong>Asier Basterretxea<\/strong>&#8230; y otros tantos que est\u00e1n apoyando este Programa.<\/span><\/p>\n<p>Y, por supuesto a los alumnos que os hab\u00e9is lanzado a emprender, ganadores o no, hab\u00e9is ganado al trabajar en un proyecto que os ilusiona y que, seguro, llegar\u00e1 donde quer\u00e1is que llegue con ilusi\u00f3n y mucho trabajo.<\/p>\n<p><span class=\"cf0\"> <img fetchpriority=\"high\" decoding=\"async\" class=\"size-full wp-image-9313 aligncenter\" src=\"https:\/\/blogs.uned.es\/emprende\/wp-content\/uploads\/sites\/103\/2022\/12\/Foto-de-grupo-I.jpg\" alt=\"\" width=\"799\" height=\"534\" srcset=\"https:\/\/blogs.uned.es\/emprende\/wp-content\/uploads\/sites\/103\/2022\/12\/Foto-de-grupo-I.jpg 799w, https:\/\/blogs.uned.es\/emprende\/wp-content\/uploads\/sites\/103\/2022\/12\/Foto-de-grupo-I-300x201.jpg 300w, https:\/\/blogs.uned.es\/emprende\/wp-content\/uploads\/sites\/103\/2022\/12\/Foto-de-grupo-I-768x513.jpg 768w, https:\/\/blogs.uned.es\/emprende\/wp-content\/uploads\/sites\/103\/2022\/12\/Foto-de-grupo-I-272x182.jpg 272w\" sizes=\"(max-width: 799px) 100vw, 799px\" \/><\/span><!--EndFragment --><\/p>\n<p>Y ya comenzamos #emprendeUNED23, inscr\u00edbete en el <a href=\"https:\/\/link.explorerbyx.org\/ga6y\">programa Explorer para acceder<\/a> y no lo dejes un a\u00f1o m\u00e1s&#8230;.<\/p>\n","protected":false},"excerpt":{"rendered":"<p>Ayer tuvimos la gran oportunidad de volver a celebrar los Premios de Creaci\u00f3n de Empresa, #emprendeUNED22 Para aquellos que no pudisteis ver la celebraci\u00f3n, os facilitamos el enlace a la <a class=\"more-link\" href=\"https:\/\/blogs.uned.es\/emprende\/emprendeuned22\/\">Seguir leyendo &rarr;<\/a><\/p>\n","protected":false},"author":255,"featured_media":0,"comment_status":"closed","ping_status":"open","sticky":false,"template":"","format":"standard","meta":{"_bbp_topic_count":0,"_bbp_reply_count":0,"_bbp_total_topic_count":0,"_bbp_total_reply_count":0,"_bbp_voice_count":0,"_bbp_anonymous_reply_count":0,"_bbp_topic_count_hidden":0,"_bbp_reply_count_hidden":0,"_bbp_forum_subforum_count":0,"footnotes":""},"categories":[1169,1101,37,39,41,43,45,47,49,51,53,71,63,55,79,57,141,59,61,73,67,69,135,133,65],"tags":[],"class_list":["post-9311","post","type-post","status-publish","format-standard","hentry","category-discapacidad","category-mujer","category-andalucia","category-aragon","category-asturias","category-baleares","category-canarias","category-cantabria","category-castilla-la-mancha","category-castilla-leon","category-cataluna","category-ceuta","category-madrid","category-comunidad-valenciana","category-eventos","category-extremadura","category-foros-y-ferias","category-galicia","category-rioja","category-melilla","category-navarra","category-pais-vasco","category-premios-2","category-programa-de-creacion-de-empresas-emprendeuned","category-murcia"],"post_mailing_queue_ids":[],"_links":{"self":[{"href":"https:\/\/blogs.uned.es\/emprende\/wp-json\/wp\/v2\/posts\/9311","targetHints":{"allow":["GET"]}}],"collection":[{"href":"https:\/\/blogs.uned.es\/emprende\/wp-json\/wp\/v2\/posts"}],"about":[{"href":"https:\/\/blogs.uned.es\/emprende\/wp-json\/wp\/v2\/types\/post"}],"author":[{"embeddable":true,"href":"https:\/\/blogs.uned.es\/emprende\/wp-json\/wp\/v2\/users\/255"}],"replies":[{"embeddable":true,"href":"https:\/\/blogs.uned.es\/emprende\/wp-json\/wp\/v2\/comments?post=9311"}],"version-history":[{"count":1,"href":"https:\/\/blogs.uned.es\/emprende\/wp-json\/wp\/v2\/posts\/9311\/revisions"}],"predecessor-version":[{"id":9329,"href":"https:\/\/blogs.uned.es\/emprende\/wp-json\/wp\/v2\/posts\/9311\/revisions\/9329"}],"wp:attachment":[{"href":"https:\/\/blogs.uned.es\/emprende\/wp-json\/wp\/v2\/media?parent=9311"}],"wp:term":[{"taxonomy":"category","embeddable":true,"href":"https:\/\/blogs.uned.es\/emprende\/wp-json\/wp\/v2\/categories?post=9311"},{"taxonomy":"post_tag","embeddable":true,"href":"https:\/\/blogs.uned.es\/emprende\/wp-json\/wp\/v2\/tags?post=9311"}],"curies":[{"name":"wp","href":"https:\/\/api.w.org\/{rel}","templated":true}]}}