{"id":9253,"date":"2022-09-16T11:19:04","date_gmt":"2022-09-16T10:19:04","guid":{"rendered":"https:\/\/blogs.uned.es\/emprende\/?p=9253"},"modified":"2022-09-16T11:19:04","modified_gmt":"2022-09-16T10:19:04","slug":"conectando-pymes","status":"publish","type":"post","link":"https:\/\/blogs.uned.es\/emprende\/conectando-pymes\/","title":{"rendered":"Conectando PYMEs"},"content":{"rendered":"<p>Como actividad estrella para el comienzo de a\u00f1o del reci\u00e9n inaugurado centro de emprendimiento en el Centro de la <span class=\"\">@<\/span>UNED de Teruel, el pr\u00f3ximo 21 de octubre tendr\u00e1 lugar la III Convenci\u00f3n Empresarial Uned Teruel \u201cConectando Pymes\u201d.<\/p>\n<p>Adem\u00e1s de las ponencias y del tan importante <strong>networking<\/strong>, tendr\u00e1n lugar <strong>dos mesas de trabajo<\/strong>, una de ellas orientada al #emprendimiento y otra m\u00e1s orientada a #oportunidades y #tendencias locales.<\/p>\n<p>Inscr\u00edbete ya, puedes asistir online o presencialmente y es gratuito, en:\u00a0<a href=\"https:\/\/cutt.ly\/ConectandoPymesTeruel\">https:\/\/cutt.ly\/ConectandoPymesTeruel<\/a><\/p>\n<p><img fetchpriority=\"high\" decoding=\"async\" class=\"alignleft size-full wp-image-9255\" src=\"https:\/\/blogs.uned.es\/emprende\/wp-content\/uploads\/sites\/103\/2022\/09\/WhatsApp-Image-2022-09-09-at-12.27.24-PM.jpeg\" alt=\"Convenci\u00f3n Empresarial - Conectando PYMEs\" width=\"1414\" height=\"2000\" srcset=\"https:\/\/blogs.uned.es\/emprende\/wp-content\/uploads\/sites\/103\/2022\/09\/WhatsApp-Image-2022-09-09-at-12.27.24-PM.jpeg 1414w, https:\/\/blogs.uned.es\/emprende\/wp-content\/uploads\/sites\/103\/2022\/09\/WhatsApp-Image-2022-09-09-at-12.27.24-PM-212x300.jpeg 212w, https:\/\/blogs.uned.es\/emprende\/wp-content\/uploads\/sites\/103\/2022\/09\/WhatsApp-Image-2022-09-09-at-12.27.24-PM-724x1024.jpeg 724w, https:\/\/blogs.uned.es\/emprende\/wp-content\/uploads\/sites\/103\/2022\/09\/WhatsApp-Image-2022-09-09-at-12.27.24-PM-768x1086.jpeg 768w, https:\/\/blogs.uned.es\/emprende\/wp-content\/uploads\/sites\/103\/2022\/09\/WhatsApp-Image-2022-09-09-at-12.27.24-PM-1086x1536.jpeg 1086w\" sizes=\"(max-width: 1414px) 100vw, 1414px\" \/><\/p>\n","protected":false},"excerpt":{"rendered":"<p>Como actividad estrella para el comienzo de a\u00f1o del reci\u00e9n inaugurado centro de emprendimiento en el Centro de la @UNED de Teruel, el pr\u00f3ximo 21 de octubre tendr\u00e1 lugar la <a class=\"more-link\" href=\"https:\/\/blogs.uned.es\/emprende\/conectando-pymes\/\">Seguir leyendo &rarr;<\/a><\/p>\n","protected":false},"author":255,"featured_media":0,"comment_status":"closed","ping_status":"open","sticky":false,"template":"","format":"standard","meta":{"_bbp_topic_count":0,"_bbp_reply_count":0,"_bbp_total_topic_count":0,"_bbp_total_reply_count":0,"_bbp_voice_count":0,"_bbp_anonymous_reply_count":0,"_bbp_topic_count_hidden":0,"_bbp_reply_count_hidden":0,"_bbp_forum_subforum_count":0,"footnotes":""},"categories":[1101,39,79,133,123],"tags":[],"class_list":["post-9253","post","type-post","status-publish","format-standard","hentry","category-mujer","category-aragon","category-eventos","category-programa-de-creacion-de-empresas-emprendeuned","category-talleres"],"post_mailing_queue_ids":[],"_links":{"self":[{"href":"https:\/\/blogs.uned.es\/emprende\/wp-json\/wp\/v2\/posts\/9253","targetHints":{"allow":["GET"]}}],"collection":[{"href":"https:\/\/blogs.uned.es\/emprende\/wp-json\/wp\/v2\/posts"}],"about":[{"href":"https:\/\/blogs.uned.es\/emprende\/wp-json\/wp\/v2\/types\/post"}],"author":[{"embeddable":true,"href":"https:\/\/blogs.uned.es\/emprende\/wp-json\/wp\/v2\/users\/255"}],"replies":[{"embeddable":true,"href":"https:\/\/blogs.uned.es\/emprende\/wp-json\/wp\/v2\/comments?post=9253"}],"version-history":[{"count":1,"href":"https:\/\/blogs.uned.es\/emprende\/wp-json\/wp\/v2\/posts\/9253\/revisions"}],"predecessor-version":[{"id":9257,"href":"https:\/\/blogs.uned.es\/emprende\/wp-json\/wp\/v2\/posts\/9253\/revisions\/9257"}],"wp:attachment":[{"href":"https:\/\/blogs.uned.es\/emprende\/wp-json\/wp\/v2\/media?parent=9253"}],"wp:term":[{"taxonomy":"category","embeddable":true,"href":"https:\/\/blogs.uned.es\/emprende\/wp-json\/wp\/v2\/categories?post=9253"},{"taxonomy":"post_tag","embeddable":true,"href":"https:\/\/blogs.uned.es\/emprende\/wp-json\/wp\/v2\/tags?post=9253"}],"curies":[{"name":"wp","href":"https:\/\/api.w.org\/{rel}","templated":true}]}}