{"id":9153,"date":"2022-04-01T10:00:58","date_gmt":"2022-04-01T09:00:58","guid":{"rendered":"https:\/\/blogs.uned.es\/emprende\/?p=9153"},"modified":"2022-03-28T12:35:35","modified_gmt":"2022-03-28T11:35:35","slug":"tu-proyecto-tiene-que-ver-con-la-energia-entonces-esto-te-interesa","status":"publish","type":"post","link":"https:\/\/blogs.uned.es\/emprende\/tu-proyecto-tiene-que-ver-con-la-energia-entonces-esto-te-interesa\/","title":{"rendered":"\u00bfTu proyecto tiene que ver con la Energ\u00eda? Entonces, esto te interesa&#8230;"},"content":{"rendered":"<p><img fetchpriority=\"high\" decoding=\"async\" class=\"alignleft size-full wp-image-9155\" src=\"https:\/\/blogs.uned.es\/emprende\/wp-content\/uploads\/sites\/103\/2022\/03\/Energia.png\" alt=\"El futuro de la energ\u00eda\" width=\"1865\" height=\"815\" srcset=\"https:\/\/blogs.uned.es\/emprende\/wp-content\/uploads\/sites\/103\/2022\/03\/Energia.png 1865w, https:\/\/blogs.uned.es\/emprende\/wp-content\/uploads\/sites\/103\/2022\/03\/Energia-300x131.png 300w, https:\/\/blogs.uned.es\/emprende\/wp-content\/uploads\/sites\/103\/2022\/03\/Energia-1024x447.png 1024w, https:\/\/blogs.uned.es\/emprende\/wp-content\/uploads\/sites\/103\/2022\/03\/Energia-768x336.png 768w, https:\/\/blogs.uned.es\/emprende\/wp-content\/uploads\/sites\/103\/2022\/03\/Energia-1536x671.png 1536w\" sizes=\"(max-width: 1865px) 100vw, 1865px\" \/><\/p>\n<p>&nbsp;<\/p>\n<p>&nbsp;<\/p>\n<p>Jornada gratuita de la mano de UNED Tudela.<\/p>\n<p><strong>La conferencia podr\u00e1 seguirse tanto PRESENCIALMENTE como a trav\u00e9s de INTERNET (en directo o en diferido).<\/strong><\/p>\n<h5><strong>Presentaciones<\/strong><\/h5>\n<p><strong>Luis J. Fern\u00e1ndez Rodr\u00edguez <\/strong>Director de la UNED de Tudela<\/p>\n<p><strong>Eduardo Navascu\u00e9s Santos&nbsp;<\/strong>Coordinador de Ecologistas en Acci\u00f3n de Navarra<\/p>\n<h5><strong>Ponente<\/strong><\/h5>\n<p><strong>Antonio Turiel Mart\u00ednez. <\/strong>Cient\u00edfico y divulgador licenciado en F\u00edsica y Matem\u00e1ticas y doctor en F\u00edsica Te\u00f3rica por la Universidad Aut\u00f3noma de Madrid. Investigador Cient\u00edfico en el Institut de Ci\u00e8ncies del Mar del CSIC, en Barcelona. Premio de Medio Ambiente 2021 de Ecologistas en Acci\u00f3n de Navarra.<\/p>\n<p><strong>\u00bfCu\u00e1ndo?<\/strong> 6 de mayo de 2022<br \/>\nDe 19:00 a 21:00 h.<br \/>\nEspacios en los que se desarrolla: <strong>Sal\u00f3n de actos de la UNED de Tudela<\/strong><\/p>\n<p><strong>Asistencia:<\/strong>&nbsp;Esta actividad permite al estudiante participar con asistencia presencial o asistencia online en directo o en diferido, sin necesidad de ir al centro.<\/p>\n<p><a href=\"https:\/\/extension.uned.es\/inscripcion\/idactividad\/26362\">Matr\u00edcula online<\/a><\/p>\n<p>Magall\u00f3n 8<br \/>\n31500 Tudela Navarra<br \/>\n948821535 \/ <a href=\"mailto:extension@tudela.uned.es\">extension@tudela.uned.es&nbsp;<\/a><\/p>\n<p><a href=\"https:\/\/extension.uned.es\/actividad\/idactividad\/26362&amp;email=1%20\">+M\u00e1s informaci\u00f3n de la actividad<\/a><\/p>\n<hr>\n<p>Turiel es&nbsp;cient\u00edfico y divulgador licenciado en F\u00edsica y Matem\u00e1ticas y doctor en&nbsp;F\u00edsica Te\u00f3rica&nbsp;por&nbsp;la&nbsp;Universidad Aut\u00f3noma de Madrid. Trabaja como Investigador Cient\u00edfico en el&nbsp;Institut de Ci\u00e8ncies del Mar&nbsp;del&nbsp;CSIC, en&nbsp;Barcelona.<\/p>\n<p>Es conocido en su faceta de divulgador cient\u00edfico, labor que realiza en conferencias, art\u00edculos, libros y a trav\u00e9s de su blog&nbsp;<em>The Oil Crash<\/em>, en el cual toca temas sobre el&nbsp;agotamiento de los recursos&nbsp;convencionales de combustibles f\u00f3siles, como el&nbsp;<a href=\"https:\/\/es.wikipedia.org\/wiki\/Pico_del_petr%C3%B3leo\">pico del petr\u00f3leo<\/a>. Ha advertido en reiteradas ocasiones de la imposibilidad de mantener el sistema econ\u00f3mico capitalista, basado en el crecimiento, en un contexto de transici\u00f3n energ\u00e9tica marcado por la necesaria lucha contra el cambio clim\u00e1tico y por los l\u00edmites inherentes a las energ\u00edas renovables. Turiel considera necesario un cambio del modo de vida que implique una sustancial disminuci\u00f3n del consumo energ\u00e9tico, con la implantaci\u00f3n de pol\u00edticas de ahorro&nbsp;y decrecimiento.<\/p>\n","protected":false},"excerpt":{"rendered":"<p>&nbsp; &nbsp; Jornada gratuita de la mano de UNED Tudela. La conferencia podr\u00e1 seguirse tanto PRESENCIALMENTE como a trav\u00e9s de INTERNET (en directo o en diferido). Presentaciones Luis J. Fern\u00e1ndez <a class=\"more-link\" href=\"https:\/\/blogs.uned.es\/emprende\/tu-proyecto-tiene-que-ver-con-la-energia-entonces-esto-te-interesa\/\">Seguir leyendo &rarr;<\/a><\/p>\n","protected":false},"author":255,"featured_media":0,"comment_status":"closed","ping_status":"open","sticky":false,"template":"","format":"standard","meta":{"_bbp_topic_count":0,"_bbp_reply_count":0,"_bbp_total_topic_count":0,"_bbp_total_reply_count":0,"_bbp_voice_count":0,"_bbp_anonymous_reply_count":0,"_bbp_topic_count_hidden":0,"_bbp_reply_count_hidden":0,"_bbp_forum_subforum_count":0,"footnotes":""},"categories":[1101,79,141,143,133,123],"tags":[1145,1073,1127,1147,1143,1135,1139,1131],"class_list":["post-9153","post","type-post","status-publish","format-standard","hentry","category-mujer","category-eventos","category-foros-y-ferias","category-guias-y-otros-tips","category-programa-de-creacion-de-empresas-emprendeuned","category-talleres","tag-ecologia","tag-emprendimiento","tag-energia","tag-medioambiente","tag-navarra","tag-objetivo-de-desarrollo-sostenible","tag-ods","tag-oportunidad"],"post_mailing_queue_ids":[],"_links":{"self":[{"href":"https:\/\/blogs.uned.es\/emprende\/wp-json\/wp\/v2\/posts\/9153","targetHints":{"allow":["GET"]}}],"collection":[{"href":"https:\/\/blogs.uned.es\/emprende\/wp-json\/wp\/v2\/posts"}],"about":[{"href":"https:\/\/blogs.uned.es\/emprende\/wp-json\/wp\/v2\/types\/post"}],"author":[{"embeddable":true,"href":"https:\/\/blogs.uned.es\/emprende\/wp-json\/wp\/v2\/users\/255"}],"replies":[{"embeddable":true,"href":"https:\/\/blogs.uned.es\/emprende\/wp-json\/wp\/v2\/comments?post=9153"}],"version-history":[{"count":2,"href":"https:\/\/blogs.uned.es\/emprende\/wp-json\/wp\/v2\/posts\/9153\/revisions"}],"predecessor-version":[{"id":9159,"href":"https:\/\/blogs.uned.es\/emprende\/wp-json\/wp\/v2\/posts\/9153\/revisions\/9159"}],"wp:attachment":[{"href":"https:\/\/blogs.uned.es\/emprende\/wp-json\/wp\/v2\/media?parent=9153"}],"wp:term":[{"taxonomy":"category","embeddable":true,"href":"https:\/\/blogs.uned.es\/emprende\/wp-json\/wp\/v2\/categories?post=9153"},{"taxonomy":"post_tag","embeddable":true,"href":"https:\/\/blogs.uned.es\/emprende\/wp-json\/wp\/v2\/tags?post=9153"}],"curies":[{"name":"wp","href":"https:\/\/api.w.org\/{rel}","templated":true}]}}