{"id":8639,"date":"2021-02-23T09:14:08","date_gmt":"2021-02-23T08:14:08","guid":{"rendered":"http:\/\/blogs.uned.es\/emprende\/?p=8639"},"modified":"2021-02-18T15:30:48","modified_gmt":"2021-02-18T14:30:48","slug":"oportunidades-que-llegan","status":"publish","type":"post","link":"https:\/\/blogs.uned.es\/emprende\/oportunidades-que-llegan\/","title":{"rendered":"Oportunidades que llegan"},"content":{"rendered":"<p style=\"text-align: left\"><strong>Alianza Valenciana para las Bater\u00edas impulsar\u00e1 un centro de investigaci\u00f3n y una planta de producci\u00f3n de bater\u00edas<\/strong> que permitir\u00e1n la transici\u00f3n ecol\u00f3gica y una movilidad sostenible.<\/p>\n<p>Y, esto, \u00bfc\u00f3mo puede generar nuevas oportunidades? No es necesario que nos enfoquemos en inventar o emprender en nuevos modelos de coches h\u00edbridos (si es as\u00ed genial), si no que este nuevo sector emergente necesitar\u00e1 de nuevos productos o servicios que a\u00fan no existen.<\/p>\n<p style=\"text-align: center\"><strong>Donde no hay una soluci\u00f3n, es donde puede estar nuestra idea de negocio.\u00a0<\/strong><\/p>\n<p>De hecho, durante el acto de presentaci\u00f3n de este proyecto, el president de la Comunidad Valenciana, ha hablado de alguno de estos nichos \u00ab&#8230;el almacenamiento energ\u00e9tico ser\u00e1 un \u00abelemento clave\u00bb en una econom\u00eda basada en las energ\u00edas renovables\u00bb,\u00a0\u00abdetectando oportunidades y desarrollando proyectos\u00bb, junto a grandes empresas e institutos de investigaci\u00f3n, pertenecientes a sectores de la energ\u00eda, la movilidad, la tecnolog\u00eda o la qu\u00edmica.<\/p>\n<p>El conseller ha explicado que el sector de la automoci\u00f3n es uno de los sectores industriales estrat\u00e9gicos para la Comunitat Valenciana, y <em>\u00abdado que se encuentra en un cambio cualitativo, debido a la irrupci\u00f3n del veh\u00edculo el\u00e9ctrico, es el momento de afrontar nuevos retos y oportunidades, como las bater\u00edas, que se pueden convertir en un componente clave para su competitividad en el contexto de la transici\u00f3n ecol\u00f3gica\u00bb.<\/em><\/p>\n<p>El CEO de Power Electronics, David Salvo, ha se\u00f1alado que, \u00ab<em>disponer de un proyecto empresarial de esta envergadura y el polo cient\u00edfico que va a suponer este centro, significa asegurar el futuro de la industria del autom\u00f3vil en Espa\u00f1a&#8230;\u00bb.<\/em><\/p>\n<p>Buena semana<\/p>\n<hr \/>\n<p>Fuente:\u00a0https:\/\/www.gva.es\/va\/inicio\/area_de_prensa\/not_detalle_area_prensa?id=926246<\/p>\n","protected":false},"excerpt":{"rendered":"<p>Alianza Valenciana para las Bater\u00edas impulsar\u00e1 un centro de investigaci\u00f3n y una planta de producci\u00f3n de bater\u00edas que permitir\u00e1n la transici\u00f3n ecol\u00f3gica y una movilidad sostenible. Y, esto, \u00bfc\u00f3mo puede <a class=\"more-link\" href=\"https:\/\/blogs.uned.es\/emprende\/oportunidades-que-llegan\/\">Seguir leyendo &rarr;<\/a><\/p>\n","protected":false},"author":255,"featured_media":0,"comment_status":"closed","ping_status":"open","sticky":false,"template":"","format":"standard","meta":{"_bbp_topic_count":0,"_bbp_reply_count":0,"_bbp_total_topic_count":0,"_bbp_total_reply_count":0,"_bbp_voice_count":0,"_bbp_anonymous_reply_count":0,"_bbp_topic_count_hidden":0,"_bbp_reply_count_hidden":0,"_bbp_forum_subforum_count":0,"footnotes":""},"categories":[55,133],"tags":[],"class_list":["post-8639","post","type-post","status-publish","format-standard","hentry","category-comunidad-valenciana","category-programa-de-creacion-de-empresas-emprendeuned"],"post_mailing_queue_ids":[],"_links":{"self":[{"href":"https:\/\/blogs.uned.es\/emprende\/wp-json\/wp\/v2\/posts\/8639","targetHints":{"allow":["GET"]}}],"collection":[{"href":"https:\/\/blogs.uned.es\/emprende\/wp-json\/wp\/v2\/posts"}],"about":[{"href":"https:\/\/blogs.uned.es\/emprende\/wp-json\/wp\/v2\/types\/post"}],"author":[{"embeddable":true,"href":"https:\/\/blogs.uned.es\/emprende\/wp-json\/wp\/v2\/users\/255"}],"replies":[{"embeddable":true,"href":"https:\/\/blogs.uned.es\/emprende\/wp-json\/wp\/v2\/comments?post=8639"}],"version-history":[{"count":1,"href":"https:\/\/blogs.uned.es\/emprende\/wp-json\/wp\/v2\/posts\/8639\/revisions"}],"predecessor-version":[{"id":8641,"href":"https:\/\/blogs.uned.es\/emprende\/wp-json\/wp\/v2\/posts\/8639\/revisions\/8641"}],"wp:attachment":[{"href":"https:\/\/blogs.uned.es\/emprende\/wp-json\/wp\/v2\/media?parent=8639"}],"wp:term":[{"taxonomy":"category","embeddable":true,"href":"https:\/\/blogs.uned.es\/emprende\/wp-json\/wp\/v2\/categories?post=8639"},{"taxonomy":"post_tag","embeddable":true,"href":"https:\/\/blogs.uned.es\/emprende\/wp-json\/wp\/v2\/tags?post=8639"}],"curies":[{"name":"wp","href":"https:\/\/api.w.org\/{rel}","templated":true}]}}