{"id":8433,"date":"2020-09-28T07:49:10","date_gmt":"2020-09-28T06:49:10","guid":{"rendered":"http:\/\/blogs.uned.es\/emprende\/?p=8433"},"modified":"2020-09-28T08:17:22","modified_gmt":"2020-09-28T07:17:22","slug":"modificacion-vi-edicion-programa-de-creacion-de-empresas-emprendeuned20","status":"publish","type":"post","link":"https:\/\/blogs.uned.es\/emprende\/modificacion-vi-edicion-programa-de-creacion-de-empresas-emprendeuned20\/","title":{"rendered":"Modificaci\u00f3n VI Edici\u00f3n Programa de Creaci\u00f3n de Empresas #emprendeUNED20"},"content":{"rendered":"<p>Hoy, lunes 28 de septiembre, se ha publicado la siguiente modificaci\u00f3n en <a href=\"https:\/\/www2.uned.es\/bici\/Curso2019-2020\/200928\/45-1.htm#17.-___\">nuestro BICI<\/a><\/p>\n<p style=\"font-weight: 400\"><strong>MODIFICACI\u00d3N EN LA CONVOCATORIA DE LA VI EDICI\u00d3N DEL PROGRAMA UNED-SANTANDER DE CREACI\u00d3N DE EMPRESAS PARA ESTUDIANTES Y TITULADOS DE LA UNED, #EMPRENDEUNED20<\/strong><\/p>\n<p style=\"font-weight: 400\">Debido a cuestiones derivadas de la\u00a0COVID, el plazo para la presentaci\u00f3n de la documentaci\u00f3n solicitada a los proyectos ganadores (Primer premio, 1.er acc\u00e9sit y 2.\u00ba acc\u00e9sit) del Premio Capital Semilla en la convocatoria de la VI Edici\u00f3n de Programa de Creaci\u00f3n de empresas para estudiantes y titulados de la UNED, #EMPRENDEUNED20, ampl\u00eda su fecha hasta el d\u00eda\u00a0<strong>18 de octubre de 2020<\/strong>.<\/p>\n<p style=\"font-weight: 400\"><strong>Toda la informaci\u00f3n:<\/strong>\u00a0<a href=\"http:\/\/blogs.uned.es\/emprende\/\">http:\/\/blogs.uned.es\/emprende\/<\/a><\/p>\n<p style=\"font-weight: 400\"><strong>Email de contacto:<\/strong>\u00a0<a href=\"mailto:emprendedores-coie@adm.uned.es\">emprendedores-coie@adm.uned.es<\/a><\/p>\n","protected":false},"excerpt":{"rendered":"<p>Hoy, lunes 28 de septiembre, se ha publicado la siguiente modificaci\u00f3n en nuestro BICI MODIFICACI\u00d3N EN LA CONVOCATORIA DE LA VI EDICI\u00d3N DEL PROGRAMA UNED-SANTANDER DE CREACI\u00d3N DE EMPRESAS PARA <a class=\"more-link\" href=\"https:\/\/blogs.uned.es\/emprende\/modificacion-vi-edicion-programa-de-creacion-de-empresas-emprendeuned20\/\">Seguir leyendo &rarr;<\/a><\/p>\n","protected":false},"author":255,"featured_media":0,"comment_status":"closed","ping_status":"open","sticky":false,"template":"","format":"standard","meta":{"_bbp_topic_count":0,"_bbp_reply_count":0,"_bbp_total_topic_count":0,"_bbp_total_reply_count":0,"_bbp_voice_count":0,"_bbp_anonymous_reply_count":0,"_bbp_topic_count_hidden":0,"_bbp_reply_count_hidden":0,"_bbp_forum_subforum_count":0,"footnotes":""},"categories":[175],"tags":[],"class_list":["post-8433","post","type-post","status-publish","format-standard","hentry","category-sin-categoria-es"],"post_mailing_queue_ids":[],"_links":{"self":[{"href":"https:\/\/blogs.uned.es\/emprende\/wp-json\/wp\/v2\/posts\/8433","targetHints":{"allow":["GET"]}}],"collection":[{"href":"https:\/\/blogs.uned.es\/emprende\/wp-json\/wp\/v2\/posts"}],"about":[{"href":"https:\/\/blogs.uned.es\/emprende\/wp-json\/wp\/v2\/types\/post"}],"author":[{"embeddable":true,"href":"https:\/\/blogs.uned.es\/emprende\/wp-json\/wp\/v2\/users\/255"}],"replies":[{"embeddable":true,"href":"https:\/\/blogs.uned.es\/emprende\/wp-json\/wp\/v2\/comments?post=8433"}],"version-history":[{"count":1,"href":"https:\/\/blogs.uned.es\/emprende\/wp-json\/wp\/v2\/posts\/8433\/revisions"}],"predecessor-version":[{"id":8435,"href":"https:\/\/blogs.uned.es\/emprende\/wp-json\/wp\/v2\/posts\/8433\/revisions\/8435"}],"wp:attachment":[{"href":"https:\/\/blogs.uned.es\/emprende\/wp-json\/wp\/v2\/media?parent=8433"}],"wp:term":[{"taxonomy":"category","embeddable":true,"href":"https:\/\/blogs.uned.es\/emprende\/wp-json\/wp\/v2\/categories?post=8433"},{"taxonomy":"post_tag","embeddable":true,"href":"https:\/\/blogs.uned.es\/emprende\/wp-json\/wp\/v2\/tags?post=8433"}],"curies":[{"name":"wp","href":"https:\/\/api.w.org\/{rel}","templated":true}]}}