{"id":8145,"date":"2020-06-05T08:31:58","date_gmt":"2020-06-05T07:31:58","guid":{"rendered":"http:\/\/blogs.uned.es\/emprende\/?p=8145"},"modified":"2020-06-05T08:31:58","modified_gmt":"2020-06-05T07:31:58","slug":"convocatoria-para-ayuntamientos-de-castellon","status":"publish","type":"post","link":"https:\/\/blogs.uned.es\/emprende\/convocatoria-para-ayuntamientos-de-castellon\/","title":{"rendered":"Convocatoria para Ayuntamientos de Castell\u00f3n"},"content":{"rendered":"<p><img fetchpriority=\"high\" decoding=\"async\" class=\"alignleft size-full wp-image-8147\" src=\"http:\/\/blogs.uned.es\/emprende\/wp-content\/uploads\/sites\/103\/2020\/06\/Castell\u00f3n.png\" alt=\"\" width=\"173\" height=\"291\" \/>Hoy os traemos una buena noticia para la zona de Castell\u00f3n, se convocan las\u00a0subvenciones para la creaci\u00f3n de nuevos espacios municipales para emprendedores,\u00a0en municipios de menos de 5.000 habitantes de esta provincia.<\/p>\n<p>Se trata de subvenciones para Ayuntamientos\u00a0 del interior de la provincia de Castell\u00f3n de menos de 5 000 habitantes para la <strong>creaci\u00f3n de\u00a0espacios municipales durante el ejercicio econ\u00f3mico 2020 para su posterior cesi\u00f3n a\u00a0emprendedores.<\/strong><\/p>\n<p>&nbsp;<\/p>\n<p><!--more--><br \/>\n\u00danicamente ser\u00e1n objeto de ayuda los gastos de inversi\u00f3n (obra) y el equipamiento<br \/>\nnecesarios que figuren en el correspondiente proyecto t\u00e9cnico para adecuar el local<br \/>\nmunicipal al uso espacio para emprendedores.\u00a0Tambi\u00e9n ser\u00e1n subvencionables los<br \/>\nhonorarios de redacci\u00f3n y direcci\u00f3n.<\/p>\n<p><strong>Plazo de presentaci\u00f3n de solicitudes.<\/strong><br \/>\nEl plazo de presentaci\u00f3n de solicitudes ser\u00e1 de un mes a contar desde el siguiente a la<br \/>\npublicaci\u00f3n del extracto de la convocatoria en el Bolet\u00edn Oficial de la Provincia de<br \/>\nCastell\u00f3n.<\/p>\n<p>Toda la info detallada se puede encontrar <a href=\"https:\/\/www.pap.hacienda.gob.es\/bdnstrans\/GE\/es\/convocatoria\/709916\/document\/414811\">aqu\u00ed<\/a><\/p>\n<hr \/>\n<p>De conformidad con lo previsto en los art\u00edculos 17.3.b y 20.3.a de la Ley 38\/2003, de<br \/>\n17 de noviembre, General de Subvenciones, se publica en extracto de la convocatoria<br \/>\ncuyo texto completo puede consultarse en la Base de Datos Nacional de<br \/>\nSubvenciones (http:\/\/www.pap.minhap.gob.es\/bdnstrans\/index)<\/p>\n","protected":false},"excerpt":{"rendered":"<p>Hoy os traemos una buena noticia para la zona de Castell\u00f3n, se convocan las\u00a0subvenciones para la creaci\u00f3n de nuevos espacios municipales para emprendedores,\u00a0en municipios de menos de 5.000 habitantes de <a class=\"more-link\" href=\"https:\/\/blogs.uned.es\/emprende\/convocatoria-para-ayuntamientos-de-castellon\/\">Seguir leyendo &rarr;<\/a><\/p>\n","protected":false},"author":255,"featured_media":0,"comment_status":"closed","ping_status":"open","sticky":false,"template":"","format":"standard","meta":{"_bbp_topic_count":0,"_bbp_reply_count":0,"_bbp_total_topic_count":0,"_bbp_total_reply_count":0,"_bbp_voice_count":0,"_bbp_anonymous_reply_count":0,"_bbp_topic_count_hidden":0,"_bbp_reply_count_hidden":0,"_bbp_forum_subforum_count":0,"footnotes":""},"categories":[55,77],"tags":[],"class_list":["post-8145","post","type-post","status-publish","format-standard","hentry","category-comunidad-valenciana","category-financiacion"],"post_mailing_queue_ids":[],"_links":{"self":[{"href":"https:\/\/blogs.uned.es\/emprende\/wp-json\/wp\/v2\/posts\/8145","targetHints":{"allow":["GET"]}}],"collection":[{"href":"https:\/\/blogs.uned.es\/emprende\/wp-json\/wp\/v2\/posts"}],"about":[{"href":"https:\/\/blogs.uned.es\/emprende\/wp-json\/wp\/v2\/types\/post"}],"author":[{"embeddable":true,"href":"https:\/\/blogs.uned.es\/emprende\/wp-json\/wp\/v2\/users\/255"}],"replies":[{"embeddable":true,"href":"https:\/\/blogs.uned.es\/emprende\/wp-json\/wp\/v2\/comments?post=8145"}],"version-history":[{"count":1,"href":"https:\/\/blogs.uned.es\/emprende\/wp-json\/wp\/v2\/posts\/8145\/revisions"}],"predecessor-version":[{"id":8149,"href":"https:\/\/blogs.uned.es\/emprende\/wp-json\/wp\/v2\/posts\/8145\/revisions\/8149"}],"wp:attachment":[{"href":"https:\/\/blogs.uned.es\/emprende\/wp-json\/wp\/v2\/media?parent=8145"}],"wp:term":[{"taxonomy":"category","embeddable":true,"href":"https:\/\/blogs.uned.es\/emprende\/wp-json\/wp\/v2\/categories?post=8145"},{"taxonomy":"post_tag","embeddable":true,"href":"https:\/\/blogs.uned.es\/emprende\/wp-json\/wp\/v2\/tags?post=8145"}],"curies":[{"name":"wp","href":"https:\/\/api.w.org\/{rel}","templated":true}]}}