{"id":8129,"date":"2020-05-27T08:42:17","date_gmt":"2020-05-27T07:42:17","guid":{"rendered":"http:\/\/blogs.uned.es\/emprende\/?p=8129"},"modified":"2020-05-26T09:56:52","modified_gmt":"2020-05-26T08:56:52","slug":"programa-de-teleformacion-una-estrategia-de-internacionalizacion-ante-la-covid-19","status":"publish","type":"post","link":"https:\/\/blogs.uned.es\/emprende\/programa-de-teleformacion-una-estrategia-de-internacionalizacion-ante-la-covid-19\/","title":{"rendered":"Programa de teleformaci\u00f3n: Una estrategia de Internacionalizaci\u00f3n ante la COVID-19"},"content":{"rendered":"<p style=\"padding-left: 30px\"><img fetchpriority=\"high\" decoding=\"async\" class=\"size-full wp-image-8131 alignright\" src=\"http:\/\/blogs.uned.es\/emprende\/wp-content\/uploads\/sites\/103\/2020\/05\/xuntaigape.png\" alt=\"\" width=\"600\" height=\"90\" srcset=\"https:\/\/blogs.uned.es\/emprende\/wp-content\/uploads\/sites\/103\/2020\/05\/xuntaigape.png 600w, https:\/\/blogs.uned.es\/emprende\/wp-content\/uploads\/sites\/103\/2020\/05\/xuntaigape-300x45.png 300w\" sizes=\"(max-width: 600px) 100vw, 600px\" \/><\/p>\n<p>La Xunta pon en marcha un\u00a0<strong>programa formativo <\/strong><em><strong>online <\/strong><\/em><strong>gratu\u00edto de apoyo a la internacionalizaci\u00f3n digital\u00a0<\/strong>dirigido a\u00a0<strong>aut\u00f3nomos y pymes<\/strong> que deseen\u00a0abordar cambios en sus estrategias de introducci\u00f3n y\/o consolidaci\u00f3n de ventas en mercados exteriores.<!--more--><\/p>\n<p>Programa formativo:<\/p>\n<ul>\n<li>Covid &#8211; 19,\u00a0 nuevos retos para la internacionalizaci\u00f3n empresarial<\/li>\n<li>Crise econ\u00f3mica, cambios xeopol\u00edticos. Escenarios econ\u00f3micos globales<\/li>\n<li>Adaptar la estrategia de m\u00e1rketing digital post Covid-19<\/li>\n<li>Fuentes de informaci\u00f3n para elegir mercados\u00a0 y clientes en un mundo afectado por coronavirus<\/li>\n<li>\n<div>Orientar y\u00a0 adaptar\u00a0marketplaces y el\u00a0comercio electr\u00f3nico a las necesidades de un nuevo consumidor.<\/div>\n<\/li>\n<li>\n<div>Claves de una\u00a0negociaci\u00f3n\u00a0internacional en un nuevo escenario de incertidumbre<\/div>\n<\/li>\n<li>\n<div>Adaptar la\u00a0internacionalizaci\u00f3n presencial a un entorno digital<\/div>\n<\/li>\n<li>\n<div><span style=\"font-size: 1rem\">Estrategias para el fomento de alianzas y acuerdos internacionales<\/span><\/div>\n<\/li>\n<\/ul>\n<p><strong>\u00bfCu\u00e1ndo?<\/strong>\u00a0desde el 29 de mayo al 17 de Julio, todos los viernes en horario de 09.00 a 11.00<\/p>\n<p>Inscripciones <a href=\"https:\/\/docs.google.com\/forms\/d\/e\/1FAIpQLSc5vJMxmia34ahWs3FXGylVYGtWIyQrdkS0UvXCAem4QQ1PPA\/viewform\">aqu\u00ed<\/a><\/p>\n<p>M\u00e1s informaci\u00f3n en\u00a0<a href=\"mailto:formacion.internacionalizacion@igape.es\">formacion.internacionalizacion<span class=\"atwho-query\">@igape.es<\/span><\/a><\/p>\n","protected":false},"excerpt":{"rendered":"<p>La Xunta pon en marcha un\u00a0programa formativo online gratu\u00edto de apoyo a la internacionalizaci\u00f3n digital\u00a0dirigido a\u00a0aut\u00f3nomos y pymes que deseen\u00a0abordar cambios en sus estrategias de introducci\u00f3n y\/o consolidaci\u00f3n de ventas <a class=\"more-link\" href=\"https:\/\/blogs.uned.es\/emprende\/programa-de-teleformacion-una-estrategia-de-internacionalizacion-ante-la-covid-19\/\">Seguir leyendo &rarr;<\/a><\/p>\n","protected":false},"author":255,"featured_media":0,"comment_status":"closed","ping_status":"open","sticky":false,"template":"","format":"standard","meta":{"_bbp_topic_count":0,"_bbp_reply_count":0,"_bbp_total_topic_count":0,"_bbp_total_reply_count":0,"_bbp_voice_count":0,"_bbp_anonymous_reply_count":0,"_bbp_topic_count_hidden":0,"_bbp_reply_count_hidden":0,"_bbp_forum_subforum_count":0,"footnotes":""},"categories":[59,75,123],"tags":[],"class_list":["post-8129","post","type-post","status-publish","format-standard","hentry","category-galicia","category-premios","category-talleres"],"post_mailing_queue_ids":[],"_links":{"self":[{"href":"https:\/\/blogs.uned.es\/emprende\/wp-json\/wp\/v2\/posts\/8129","targetHints":{"allow":["GET"]}}],"collection":[{"href":"https:\/\/blogs.uned.es\/emprende\/wp-json\/wp\/v2\/posts"}],"about":[{"href":"https:\/\/blogs.uned.es\/emprende\/wp-json\/wp\/v2\/types\/post"}],"author":[{"embeddable":true,"href":"https:\/\/blogs.uned.es\/emprende\/wp-json\/wp\/v2\/users\/255"}],"replies":[{"embeddable":true,"href":"https:\/\/blogs.uned.es\/emprende\/wp-json\/wp\/v2\/comments?post=8129"}],"version-history":[{"count":4,"href":"https:\/\/blogs.uned.es\/emprende\/wp-json\/wp\/v2\/posts\/8129\/revisions"}],"predecessor-version":[{"id":8139,"href":"https:\/\/blogs.uned.es\/emprende\/wp-json\/wp\/v2\/posts\/8129\/revisions\/8139"}],"wp:attachment":[{"href":"https:\/\/blogs.uned.es\/emprende\/wp-json\/wp\/v2\/media?parent=8129"}],"wp:term":[{"taxonomy":"category","embeddable":true,"href":"https:\/\/blogs.uned.es\/emprende\/wp-json\/wp\/v2\/categories?post=8129"},{"taxonomy":"post_tag","embeddable":true,"href":"https:\/\/blogs.uned.es\/emprende\/wp-json\/wp\/v2\/tags?post=8129"}],"curies":[{"name":"wp","href":"https:\/\/api.w.org\/{rel}","templated":true}]}}