{"id":7783,"date":"2020-02-03T11:49:48","date_gmt":"2020-02-03T10:49:48","guid":{"rendered":"http:\/\/blogs.uned.es\/emprende\/?p=7783"},"modified":"2020-02-03T11:49:48","modified_gmt":"2020-02-03T10:49:48","slug":"financiacion-combinada","status":"publish","type":"post","link":"https:\/\/blogs.uned.es\/emprende\/financiacion-combinada\/","title":{"rendered":"\u00bfFinanciaci\u00f3n Combinada?"},"content":{"rendered":"<p><img fetchpriority=\"high\" decoding=\"async\" class=\"alignleft  wp-image-7785\" src=\"http:\/\/blogs.uned.es\/emprende\/wp-content\/uploads\/sites\/103\/2020\/02\/growth-white-isolated-pile-golden-reflection-561957-pxhere.com_.jpg\" alt=\"\" width=\"326\" height=\"387\" srcset=\"https:\/\/blogs.uned.es\/emprende\/wp-content\/uploads\/sites\/103\/2020\/02\/growth-white-isolated-pile-golden-reflection-561957-pxhere.com_.jpg 2340w, https:\/\/blogs.uned.es\/emprende\/wp-content\/uploads\/sites\/103\/2020\/02\/growth-white-isolated-pile-golden-reflection-561957-pxhere.com_-253x300.jpg 253w, https:\/\/blogs.uned.es\/emprende\/wp-content\/uploads\/sites\/103\/2020\/02\/growth-white-isolated-pile-golden-reflection-561957-pxhere.com_-768x910.jpg 768w, https:\/\/blogs.uned.es\/emprende\/wp-content\/uploads\/sites\/103\/2020\/02\/growth-white-isolated-pile-golden-reflection-561957-pxhere.com_-864x1024.jpg 864w, https:\/\/blogs.uned.es\/emprende\/wp-content\/uploads\/sites\/103\/2020\/02\/growth-white-isolated-pile-golden-reflection-561957-pxhere.com_-624x739.jpg 624w\" sizes=\"(max-width: 326px) 100vw, 326px\" \/><\/p>\n<p>Si est\u00e1s en Valencia, el pr\u00f3ximo d\u00eda 5 de febrero, a\u00fan puedes asistir al <em><strong>Workshop: evoluci\u00f3n de los modelos de financiaci\u00f3n.<\/strong><\/em><\/p>\n<p>+ <a href=\"https:\/\/hubempresa.bancsabadell.com\/events\/206\">info<\/a><\/p>\n<p>Inscr\u00edbete <a href=\"https:\/\/hubempresa.bancsabadell.com\/events\/206\/registration\">aqu\u00ed<\/a><\/p>\n<p>\u00a1S\u00f3lo quedan 10 plazas!<\/p>\n<p>&nbsp;<\/p>\n","protected":false},"excerpt":{"rendered":"<p>Si est\u00e1s en Valencia, el pr\u00f3ximo d\u00eda 5 de febrero, a\u00fan puedes asistir al Workshop: evoluci\u00f3n de los modelos de financiaci\u00f3n. + info Inscr\u00edbete aqu\u00ed \u00a1S\u00f3lo quedan 10 plazas! &nbsp;<\/p>\n","protected":false},"author":255,"featured_media":0,"comment_status":"closed","ping_status":"open","sticky":false,"template":"","format":"standard","meta":{"_bbp_topic_count":0,"_bbp_reply_count":0,"_bbp_total_topic_count":0,"_bbp_total_reply_count":0,"_bbp_voice_count":0,"_bbp_anonymous_reply_count":0,"_bbp_topic_count_hidden":0,"_bbp_reply_count_hidden":0,"_bbp_forum_subforum_count":0,"footnotes":""},"categories":[77],"tags":[],"class_list":["post-7783","post","type-post","status-publish","format-standard","hentry","category-financiacion"],"post_mailing_queue_ids":[],"_links":{"self":[{"href":"https:\/\/blogs.uned.es\/emprende\/wp-json\/wp\/v2\/posts\/7783","targetHints":{"allow":["GET"]}}],"collection":[{"href":"https:\/\/blogs.uned.es\/emprende\/wp-json\/wp\/v2\/posts"}],"about":[{"href":"https:\/\/blogs.uned.es\/emprende\/wp-json\/wp\/v2\/types\/post"}],"author":[{"embeddable":true,"href":"https:\/\/blogs.uned.es\/emprende\/wp-json\/wp\/v2\/users\/255"}],"replies":[{"embeddable":true,"href":"https:\/\/blogs.uned.es\/emprende\/wp-json\/wp\/v2\/comments?post=7783"}],"version-history":[{"count":1,"href":"https:\/\/blogs.uned.es\/emprende\/wp-json\/wp\/v2\/posts\/7783\/revisions"}],"predecessor-version":[{"id":7787,"href":"https:\/\/blogs.uned.es\/emprende\/wp-json\/wp\/v2\/posts\/7783\/revisions\/7787"}],"wp:attachment":[{"href":"https:\/\/blogs.uned.es\/emprende\/wp-json\/wp\/v2\/media?parent=7783"}],"wp:term":[{"taxonomy":"category","embeddable":true,"href":"https:\/\/blogs.uned.es\/emprende\/wp-json\/wp\/v2\/categories?post=7783"},{"taxonomy":"post_tag","embeddable":true,"href":"https:\/\/blogs.uned.es\/emprende\/wp-json\/wp\/v2\/tags?post=7783"}],"curies":[{"name":"wp","href":"https:\/\/api.w.org\/{rel}","templated":true}]}}