{"id":7741,"date":"2020-01-30T13:51:18","date_gmt":"2020-01-30T12:51:18","guid":{"rendered":"http:\/\/blogs.uned.es\/emprende\/?p=7741"},"modified":"2020-01-30T13:51:18","modified_gmt":"2020-01-30T12:51:18","slug":"planificar-o-como-no-morir-en-el-intento","status":"publish","type":"post","link":"https:\/\/blogs.uned.es\/emprende\/planificar-o-como-no-morir-en-el-intento\/","title":{"rendered":"Planificar o c\u00f3mo no morir en el intento"},"content":{"rendered":"<p><img decoding=\"async\" class=\"alignleft  wp-image-7745\" src=\"http:\/\/blogs.uned.es\/emprende\/wp-content\/uploads\/sites\/103\/2020\/01\/tello-1.png\" alt=\"\" width=\"127\" height=\"134\" \/>Para los emprendedores es fundamental planificar y organizar.<\/p>\n<p>Tanto si su producci\u00f3n debe ser almacenada o el periodo de su producci\u00f3n se alarga, hay que\u00a0 tener a tiempo las materias primas, saber qu\u00e9 tiempo de transporte hay&#8230;<\/p>\n<p>Pero tambi\u00e9n para servicios, saber qu\u00e9 recursos humanos, inform\u00e1ticos&#8230; es imprescindible. Debemos prever para dar cobertura a nuestros clientes.<\/p>\n<p>Hoy os traemos una formaci\u00f3n gratuita, en Madrid, sobre dos herramientas de gesti\u00f3n gratuitas en su versi\u00f3n m\u00e1s sencilla: Kanban y Tello.<\/p>\n<p><a href=\"https:\/\/sentiahs.us18.list-manage.com\/track\/click?u=ef863de0d7b2cf0e64d7c7dad&amp;id=72a1117c61&amp;e=13ce761d6a\"><strong>Inscr\u00edbete<\/strong><\/a>\u00a0a este taller que tendr\u00e1 lugar el pr\u00f3ximo d\u00eda 6 de febrero.\u00a0<i class=\"icon-calendar3\"><\/i><\/p>\n<ul class=\"iconlist nobottommargin\">\n<li><i class=\"icon-time\"><\/i>Horario 18:00 &#8211; 19:30<\/li>\n<li><i class=\"icon-map-marker2\"><\/i><a href=\"https:\/\/www.madridinnova.es\/es\/espacios\/international-lab\/CentrosInnovacion\/ficha\/223ab6cf36cbb276463d0e2bef790440\">International Lab<\/a><\/li>\n<li><i class=\"icon-arrow-right\"><\/i>Dirigido a Emprendedores<\/li>\n<\/ul>\n<p>y, si no puedes ir, te dejamos un <a href=\"http:\/\/e-forma.kzgunea.eus\/mod\/book\/view.php?id=7686&amp;chapterid=11593\">enlace<\/a> con algunas ideas.<\/p>\n<p>&nbsp;<\/p>\n<p>&nbsp;<\/p>\n","protected":false},"excerpt":{"rendered":"<p>Para los emprendedores es fundamental planificar y organizar. Tanto si su producci\u00f3n debe ser almacenada o el periodo de su producci\u00f3n se alarga, hay que\u00a0 tener a tiempo las materias <a class=\"more-link\" href=\"https:\/\/blogs.uned.es\/emprende\/planificar-o-como-no-morir-en-el-intento\/\">Seguir leyendo &rarr;<\/a><\/p>\n","protected":false},"author":255,"featured_media":0,"comment_status":"closed","ping_status":"open","sticky":false,"template":"","format":"standard","meta":{"_bbp_topic_count":0,"_bbp_reply_count":0,"_bbp_total_topic_count":0,"_bbp_total_reply_count":0,"_bbp_voice_count":0,"_bbp_anonymous_reply_count":0,"_bbp_topic_count_hidden":0,"_bbp_reply_count_hidden":0,"_bbp_forum_subforum_count":0,"footnotes":""},"categories":[63,139,123],"tags":[],"class_list":["post-7741","post","type-post","status-publish","format-standard","hentry","category-madrid","category-cursos-de-formacion","category-talleres"],"post_mailing_queue_ids":[],"_links":{"self":[{"href":"https:\/\/blogs.uned.es\/emprende\/wp-json\/wp\/v2\/posts\/7741","targetHints":{"allow":["GET"]}}],"collection":[{"href":"https:\/\/blogs.uned.es\/emprende\/wp-json\/wp\/v2\/posts"}],"about":[{"href":"https:\/\/blogs.uned.es\/emprende\/wp-json\/wp\/v2\/types\/post"}],"author":[{"embeddable":true,"href":"https:\/\/blogs.uned.es\/emprende\/wp-json\/wp\/v2\/users\/255"}],"replies":[{"embeddable":true,"href":"https:\/\/blogs.uned.es\/emprende\/wp-json\/wp\/v2\/comments?post=7741"}],"version-history":[{"count":1,"href":"https:\/\/blogs.uned.es\/emprende\/wp-json\/wp\/v2\/posts\/7741\/revisions"}],"predecessor-version":[{"id":7747,"href":"https:\/\/blogs.uned.es\/emprende\/wp-json\/wp\/v2\/posts\/7741\/revisions\/7747"}],"wp:attachment":[{"href":"https:\/\/blogs.uned.es\/emprende\/wp-json\/wp\/v2\/media?parent=7741"}],"wp:term":[{"taxonomy":"category","embeddable":true,"href":"https:\/\/blogs.uned.es\/emprende\/wp-json\/wp\/v2\/categories?post=7741"},{"taxonomy":"post_tag","embeddable":true,"href":"https:\/\/blogs.uned.es\/emprende\/wp-json\/wp\/v2\/tags?post=7741"}],"curies":[{"name":"wp","href":"https:\/\/api.w.org\/{rel}","templated":true}]}}