{"id":7723,"date":"2020-01-31T08:21:08","date_gmt":"2020-01-31T07:21:08","guid":{"rendered":"http:\/\/blogs.uned.es\/emprende\/?p=7723"},"modified":"2020-01-31T10:05:15","modified_gmt":"2020-01-31T09:05:15","slug":"7723","status":"publish","type":"post","link":"https:\/\/blogs.uned.es\/emprende\/7723\/","title":{"rendered":"#TuempresaVerde"},"content":{"rendered":"<p><img decoding=\"async\" class=\"alignleft wp-image-7731\" src=\"http:\/\/blogs.uned.es\/emprende\/wp-content\/uploads\/sites\/103\/2020\/01\/Constituye-665x261.jpg\" alt=\"\" width=\"347\" height=\"136\" srcset=\"https:\/\/blogs.uned.es\/emprende\/wp-content\/uploads\/sites\/103\/2020\/01\/Constituye-665x261.jpg 665w, https:\/\/blogs.uned.es\/emprende\/wp-content\/uploads\/sites\/103\/2020\/01\/Constituye-665x261-300x118.jpg 300w, https:\/\/blogs.uned.es\/emprende\/wp-content\/uploads\/sites\/103\/2020\/01\/Constituye-665x261-624x245.jpg 624w\" sizes=\"(max-width: 347px) 100vw, 347px\" \/>Ya hace unos meses, os hablamos en este blog de <a href=\"http:\/\/blogs.uned.es\/emprende\/?p=7351\">Red EmprendeVerde y su Labemprendeverde<\/a>.<\/p>\n<p>Hoy os traemos su programa <strong><span style=\"color: #339966\">#Tuempresaverde,<\/span> <\/strong>aunque realmente deber\u00eda llamarse verde y azul, porque va destinado a este tipo de emprendimiento.<\/p>\n<p class=\"body-text\"><span style=\"color: #339966\"><strong>\u00bfY qu\u00e9 es la econom\u00eda verde?<\/strong><\/span> no solo las que ofrecen productos y servicios verdes, sino tambi\u00e9n aquellas que realizan procesos operativos y productivos sostenibles.<\/p>\n<p class=\"body-text\"><span style=\"color: #0000ff\"><strong>\u00bfY qu\u00e9 es la econom\u00eda azul?<\/strong><\/span> aquella basada en el desarrollo sostenible de los oc\u00e9anos.<\/p>\n<p>Si este es tu caso, est\u00e9s en el momento en el que est\u00e9s, te presentamos este programa que consiste en\u00a0asesoramiento y acompa\u00f1amiento, y tramitaci\u00f3n administrativa para la constituci\u00f3n \u00f3ptima de la empresa. Todo ello de<strong> manera gratuita.<\/strong><\/p>\n<p><img fetchpriority=\"high\" decoding=\"async\" class=\"alignleft size-full wp-image-7727\" src=\"http:\/\/blogs.uned.es\/emprende\/wp-content\/uploads\/sites\/103\/2020\/01\/verde.png\" alt=\"\" width=\"840\" height=\"427\" srcset=\"https:\/\/blogs.uned.es\/emprende\/wp-content\/uploads\/sites\/103\/2020\/01\/verde.png 840w, https:\/\/blogs.uned.es\/emprende\/wp-content\/uploads\/sites\/103\/2020\/01\/verde-300x153.png 300w, https:\/\/blogs.uned.es\/emprende\/wp-content\/uploads\/sites\/103\/2020\/01\/verde-768x390.png 768w, https:\/\/blogs.uned.es\/emprende\/wp-content\/uploads\/sites\/103\/2020\/01\/verde-624x317.png 624w\" sizes=\"(max-width: 840px) 100vw, 840px\" \/><\/p>\n<p>Puedes inscribirte ya en el <a href=\"https:\/\/docs.google.com\/forms\/d\/e\/1FAIpQLSeO8ioSkoZSZz9fuYj3oQb_vxWviyyIOVCiFNSirtqIX6TTVw\/viewform\">siguiente formulario<\/a> y ver las bases de participaci\u00f3n <a href=\"https:\/\/constituye.emprendeverde.es\/wp-content\/uploads\/2019\/10\/Rev_Constituye_TuEmpresaVerde-Condiciones_de_participacion.pdf\">aqu\u00ed<\/a><\/p>\n<p>&nbsp;<\/p>\n","protected":false},"excerpt":{"rendered":"<p>Ya hace unos meses, os hablamos en este blog de Red EmprendeVerde y su Labemprendeverde. Hoy os traemos su programa #Tuempresaverde, aunque realmente deber\u00eda llamarse verde y azul, porque va <a class=\"more-link\" href=\"https:\/\/blogs.uned.es\/emprende\/7723\/\">Seguir leyendo &rarr;<\/a><\/p>\n","protected":false},"author":255,"featured_media":0,"comment_status":"closed","ping_status":"open","sticky":false,"template":"","format":"standard","meta":{"_bbp_topic_count":0,"_bbp_reply_count":0,"_bbp_total_topic_count":0,"_bbp_total_reply_count":0,"_bbp_voice_count":0,"_bbp_anonymous_reply_count":0,"_bbp_topic_count_hidden":0,"_bbp_reply_count_hidden":0,"_bbp_forum_subforum_count":0,"footnotes":""},"categories":[139,79,77,141,143,81,135,137,123],"tags":[],"class_list":["post-7723","post","type-post","status-publish","format-standard","hentry","category-cursos-de-formacion","category-eventos","category-financiacion","category-foros-y-ferias","category-guias-y-otros-tips","category-herramientas","category-premios-2","category-servicios","category-talleres"],"post_mailing_queue_ids":[],"_links":{"self":[{"href":"https:\/\/blogs.uned.es\/emprende\/wp-json\/wp\/v2\/posts\/7723","targetHints":{"allow":["GET"]}}],"collection":[{"href":"https:\/\/blogs.uned.es\/emprende\/wp-json\/wp\/v2\/posts"}],"about":[{"href":"https:\/\/blogs.uned.es\/emprende\/wp-json\/wp\/v2\/types\/post"}],"author":[{"embeddable":true,"href":"https:\/\/blogs.uned.es\/emprende\/wp-json\/wp\/v2\/users\/255"}],"replies":[{"embeddable":true,"href":"https:\/\/blogs.uned.es\/emprende\/wp-json\/wp\/v2\/comments?post=7723"}],"version-history":[{"count":2,"href":"https:\/\/blogs.uned.es\/emprende\/wp-json\/wp\/v2\/posts\/7723\/revisions"}],"predecessor-version":[{"id":7749,"href":"https:\/\/blogs.uned.es\/emprende\/wp-json\/wp\/v2\/posts\/7723\/revisions\/7749"}],"wp:attachment":[{"href":"https:\/\/blogs.uned.es\/emprende\/wp-json\/wp\/v2\/media?parent=7723"}],"wp:term":[{"taxonomy":"category","embeddable":true,"href":"https:\/\/blogs.uned.es\/emprende\/wp-json\/wp\/v2\/categories?post=7723"},{"taxonomy":"post_tag","embeddable":true,"href":"https:\/\/blogs.uned.es\/emprende\/wp-json\/wp\/v2\/tags?post=7723"}],"curies":[{"name":"wp","href":"https:\/\/api.w.org\/{rel}","templated":true}]}}