{"id":7515,"date":"2019-12-09T08:00:43","date_gmt":"2019-12-09T07:00:43","guid":{"rendered":"http:\/\/blogs.uned.es\/emprende\/?p=7515"},"modified":"2019-12-05T18:33:25","modified_gmt":"2019-12-05T17:33:25","slug":"torrejon-tambien-emprende","status":"publish","type":"post","link":"https:\/\/blogs.uned.es\/emprende\/torrejon-tambien-emprende\/","title":{"rendered":"Torrej\u00f3n tambi\u00e9n emprende&#8230;"},"content":{"rendered":"<p>Si te perdiste su jornada de noviembre, el pr\u00f3ximo d\u00eda<strong> 12 de diciembre<\/strong>, tendr\u00e1 lugar, dentro del programa \u00abTorrej\u00f3n Emprende\u00bb una <strong>Jornada gratuita<\/strong> sobre nuevos temas de inter\u00e9s para los emprendedores.<\/p>\n<p>&#8211; <strong><span style=\"font-family: 'Calibri',sans-serif\">11:00 a 12:30: \u00ab\u00bfEST\u00c1 PROTEGIDA LA MARCA DE TU NEGOCIO? &#8211; ASPECTOS LEGALES QUE TIENES QUE CONOCER\u00bb. C<\/span><\/strong><span style=\"font-family: 'Calibri',sans-serif\">ON: ALIADA ABOGADOS. DESPACHO ESPECIALISTA EN EMPRESAS DE NUEVA CREACI\u00d3N, PROTECCI\u00d3N LEGAL DE PATENTES, MARCAS Y DISE\u00d1OS.<\/span><\/p>\n<p>&#8211; <strong><span style=\"font-family: 'Calibri',sans-serif\">12:45 a 14:00: \u00a0\u00abTALLER SOBRE CIBERSEGURIDAD PARA EMPRENDER\u00bb. <\/span><\/strong><span style=\"font-family: 'Calibri',sans-serif\">CON: D\u00d1A. MAR\u00cdA GONZ\u00c1LEZ HERN\u00c1NDEZ. CONSULTORA EN TRANSFORMACI\u00d3N DIGITAL EN CRAZY PROJECTS.<\/span><\/p>\n<p><strong>D\u00f3nde:<\/strong> en el Centro de Abogados de Atocha, C\/ Londres, 11b<\/p>\n<p>Se ruega confirmaci\u00f3n de asistencia en el siguiente mail: <a href=\"mailto:empleo@ayto-torrejon.es\">empleo<span class=\"\">@ayto<\/span>-torrejon.es<\/a>,<\/p>\n<p>+ info en el tel\u00e9fono: 91660 06 67<script><\/script><\/p>\n","protected":false},"excerpt":{"rendered":"<p>Si te perdiste su jornada de noviembre, el pr\u00f3ximo d\u00eda 12 de diciembre, tendr\u00e1 lugar, dentro del programa \u00abTorrej\u00f3n Emprende\u00bb una Jornada gratuita sobre nuevos temas de inter\u00e9s para los <a class=\"more-link\" href=\"https:\/\/blogs.uned.es\/emprende\/torrejon-tambien-emprende\/\">Seguir leyendo &rarr;<\/a><\/p>\n","protected":false},"author":255,"featured_media":0,"comment_status":"closed","ping_status":"open","sticky":false,"template":"","format":"standard","meta":{"_bbp_topic_count":0,"_bbp_reply_count":0,"_bbp_total_topic_count":0,"_bbp_total_reply_count":0,"_bbp_voice_count":0,"_bbp_anonymous_reply_count":0,"_bbp_topic_count_hidden":0,"_bbp_reply_count_hidden":0,"_bbp_forum_subforum_count":0,"footnotes":""},"categories":[63,141,175,123],"tags":[],"class_list":["post-7515","post","type-post","status-publish","format-standard","hentry","category-madrid","category-foros-y-ferias","category-sin-categoria-es","category-talleres"],"post_mailing_queue_ids":[],"_links":{"self":[{"href":"https:\/\/blogs.uned.es\/emprende\/wp-json\/wp\/v2\/posts\/7515","targetHints":{"allow":["GET"]}}],"collection":[{"href":"https:\/\/blogs.uned.es\/emprende\/wp-json\/wp\/v2\/posts"}],"about":[{"href":"https:\/\/blogs.uned.es\/emprende\/wp-json\/wp\/v2\/types\/post"}],"author":[{"embeddable":true,"href":"https:\/\/blogs.uned.es\/emprende\/wp-json\/wp\/v2\/users\/255"}],"replies":[{"embeddable":true,"href":"https:\/\/blogs.uned.es\/emprende\/wp-json\/wp\/v2\/comments?post=7515"}],"version-history":[{"count":4,"href":"https:\/\/blogs.uned.es\/emprende\/wp-json\/wp\/v2\/posts\/7515\/revisions"}],"predecessor-version":[{"id":7523,"href":"https:\/\/blogs.uned.es\/emprende\/wp-json\/wp\/v2\/posts\/7515\/revisions\/7523"}],"wp:attachment":[{"href":"https:\/\/blogs.uned.es\/emprende\/wp-json\/wp\/v2\/media?parent=7515"}],"wp:term":[{"taxonomy":"category","embeddable":true,"href":"https:\/\/blogs.uned.es\/emprende\/wp-json\/wp\/v2\/categories?post=7515"},{"taxonomy":"post_tag","embeddable":true,"href":"https:\/\/blogs.uned.es\/emprende\/wp-json\/wp\/v2\/tags?post=7515"}],"curies":[{"name":"wp","href":"https:\/\/api.w.org\/{rel}","templated":true}]}}