{"id":7495,"date":"2019-12-10T08:00:21","date_gmt":"2019-12-10T07:00:21","guid":{"rendered":"http:\/\/blogs.uned.es\/emprende\/?p=7495"},"modified":"2019-12-05T14:27:11","modified_gmt":"2019-12-05T13:27:11","slug":"canarias-joven-emprende-2019","status":"publish","type":"post","link":"https:\/\/blogs.uned.es\/emprende\/canarias-joven-emprende-2019\/","title":{"rendered":"Canarias Joven Emprende 2019"},"content":{"rendered":"<p><span id=\"ember2283\" class=\"ember-view\"><span id=\"ember2295\" class=\"ember-view\"><img fetchpriority=\"high\" decoding=\"async\" class=\"alignleft  wp-image-7497\" src=\"http:\/\/blogs.uned.es\/emprende\/wp-content\/uploads\/sites\/103\/2019\/12\/acci\u00f3nlaboral-tenerife.jpg\" alt=\"\" width=\"370\" height=\"522\" srcset=\"https:\/\/blogs.uned.es\/emprende\/wp-content\/uploads\/sites\/103\/2019\/12\/acci\u00f3nlaboral-tenerife.jpg 551w, https:\/\/blogs.uned.es\/emprende\/wp-content\/uploads\/sites\/103\/2019\/12\/acci\u00f3nlaboral-tenerife-213x300.jpg 213w\" sizes=\"(max-width: 370px) 100vw, 370px\" \/><\/span>Si eres menor de 30 a\u00f1os <a id=\"ember2286\" class=\"hashtag-link ember-view\" href=\"https:\/\/www.linkedin.com\/feed\/hashtag\/?highlightedUpdateUrns=urn%3Ali%3Aactivity%3A6605083524406083584&amp;keywords=%23CanariasJovenEmprende&amp;originTrackingId=q660O040ZpI%2B9wC2Y2ywAg%3D%3D\" target=\"_self\"><span id=\"ember2287\" class=\"hashtag-a11y ember-view\" dir=\"ltr\"><span>#<\/span><span class=\"hashtag-a11y__name\">CanariasJovenEmprende<\/span><\/span><\/a>&#8217;19 de la <\/span><a id=\"ember2291\" class=\"tap-target feed-shared-text-view__mention ember-view\" href=\"https:\/\/www.linkedin.com\/company\/fundaci-n-incyde\/\" target=\"_self\"><span>Fundaci\u00f3n INCYDE,<\/span><\/a><span> ofrece a trav\u00e9s de\u00a0<\/span><span id=\"ember2295\" class=\"ember-view\"><a id=\"ember2298\" class=\"hashtag-link ember-view\" href=\"https:\/\/www.linkedin.com\/feed\/hashtag\/?highlightedUpdateUrns=urn%3Ali%3Aactivity%3A6605083524406083584&amp;keywords=%23Acci%C3%B3nLaboral&amp;originTrackingId=q660O040ZpI%2B9wC2Y2ywAg%3D%3D\" target=\"_self\"><span id=\"ember2299\" class=\"hashtag-a11y ember-view\" dir=\"ltr\"><span class=\"hashtag-a11y__name\">Acci\u00f3nLaboral<\/span><\/span><\/a> Tenerife,\u00a0 \u00a0<span id=\"ember2303\" class=\"hashtag-a11y ember-view\" dir=\"ltr\"><span class=\"hashtag-a11y__name\">orientaci\u00f3n<\/span><\/span> y <span id=\"ember2307\" class=\"hashtag-a11y ember-view\" dir=\"ltr\"><span class=\"hashtag-a11y__name\">asesoramiento<\/span><\/span> personalizados y gratuitos en <span id=\"ember2311\" class=\"hashtag-a11y ember-view\" dir=\"ltr\"><span>#<\/span><span class=\"hashtag-a11y__name\">emprendimiento<\/span><\/span>, adem\u00e1s de formaci\u00f3n en <span id=\"ember2319\" class=\"hashtag-a11y ember-view\" dir=\"ltr\"><span class=\"hashtag-a11y__name\">networking<\/span><\/span> y <span id=\"ember2323\" class=\"hashtag-a11y ember-view\" dir=\"ltr\"><span class=\"hashtag-a11y__name\">coaching<\/span><\/span>. <\/span><\/p>\n<p><span id=\"ember2295\" class=\"ember-view\">+ info en el tel\u00e9fono 922 24 75 52,\u00a0<\/span><span id=\"ember2295\" class=\"ember-view\">en su oficina de C\/ La Marina, 43 o a trav\u00e9s de los siguientes emails de contacto:\u00a0<\/span><a id=\"ember2327\" class=\"feed-shared-text-view__email ember-view\" style=\"font-size: 1rem\" href=\"mailto:lgonzalez.tnf@accionlaboral.com\" target=\"_blank\" rel=\"noopener noreferrer\"><\/a><\/p>\n<p><a id=\"ember2327\" class=\"feed-shared-text-view__email ember-view\" style=\"font-size: 1rem\" href=\"mailto:lgonzalez.tnf@accionlaboral.com\" target=\"_blank\" rel=\"noopener noreferrer\">lgonzalez.tnf<span class=\"\">@accionlaboral<\/span>.com<\/a><span id=\"ember2331\" class=\"ember-view\" style=\"font-size: 1rem\"> (Lorena Glez.) \/ <\/span><a id=\"ember2335\" class=\"feed-shared-text-view__email ember-view\" style=\"font-size: 1rem\" href=\"mailto:ylucas.tnf@accionlaboral.com\" target=\"_blank\" rel=\"noopener noreferrer\">ylucas.tnf@accionlaboral.com<\/a><span id=\"ember2339\" class=\"ember-view\" style=\"font-size: 1rem\">\u00a0 Yaiza Lucas<\/span><script><\/script><\/p>\n","protected":false},"excerpt":{"rendered":"<p>Si eres menor de 30 a\u00f1os #CanariasJovenEmprende&#8217;19 de la Fundaci\u00f3n INCYDE, ofrece a trav\u00e9s de\u00a0Acci\u00f3nLaboral Tenerife,\u00a0 \u00a0orientaci\u00f3n y asesoramiento personalizados y gratuitos en #emprendimiento, adem\u00e1s de formaci\u00f3n en networking y <a class=\"more-link\" href=\"https:\/\/blogs.uned.es\/emprende\/canarias-joven-emprende-2019\/\">Seguir leyendo &rarr;<\/a><\/p>\n","protected":false},"author":255,"featured_media":0,"comment_status":"closed","ping_status":"open","sticky":false,"template":"","format":"standard","meta":{"_bbp_topic_count":0,"_bbp_reply_count":0,"_bbp_total_topic_count":0,"_bbp_total_reply_count":0,"_bbp_voice_count":0,"_bbp_anonymous_reply_count":0,"_bbp_topic_count_hidden":0,"_bbp_reply_count_hidden":0,"_bbp_forum_subforum_count":0,"footnotes":""},"categories":[45,81,135],"tags":[],"class_list":["post-7495","post","type-post","status-publish","format-standard","hentry","category-canarias","category-herramientas","category-premios-2"],"post_mailing_queue_ids":[],"_links":{"self":[{"href":"https:\/\/blogs.uned.es\/emprende\/wp-json\/wp\/v2\/posts\/7495","targetHints":{"allow":["GET"]}}],"collection":[{"href":"https:\/\/blogs.uned.es\/emprende\/wp-json\/wp\/v2\/posts"}],"about":[{"href":"https:\/\/blogs.uned.es\/emprende\/wp-json\/wp\/v2\/types\/post"}],"author":[{"embeddable":true,"href":"https:\/\/blogs.uned.es\/emprende\/wp-json\/wp\/v2\/users\/255"}],"replies":[{"embeddable":true,"href":"https:\/\/blogs.uned.es\/emprende\/wp-json\/wp\/v2\/comments?post=7495"}],"version-history":[{"count":1,"href":"https:\/\/blogs.uned.es\/emprende\/wp-json\/wp\/v2\/posts\/7495\/revisions"}],"predecessor-version":[{"id":7499,"href":"https:\/\/blogs.uned.es\/emprende\/wp-json\/wp\/v2\/posts\/7495\/revisions\/7499"}],"wp:attachment":[{"href":"https:\/\/blogs.uned.es\/emprende\/wp-json\/wp\/v2\/media?parent=7495"}],"wp:term":[{"taxonomy":"category","embeddable":true,"href":"https:\/\/blogs.uned.es\/emprende\/wp-json\/wp\/v2\/categories?post=7495"},{"taxonomy":"post_tag","embeddable":true,"href":"https:\/\/blogs.uned.es\/emprende\/wp-json\/wp\/v2\/tags?post=7495"}],"curies":[{"name":"wp","href":"https:\/\/api.w.org\/{rel}","templated":true}]}}