{"id":7377,"date":"2019-11-11T12:11:35","date_gmt":"2019-11-11T11:11:35","guid":{"rendered":"http:\/\/blogs.uned.es\/emprende\/?p=7377"},"modified":"2019-11-11T12:16:28","modified_gmt":"2019-11-11T11:16:28","slug":"vi-programa-de-creacion-de-empresas","status":"publish","type":"post","link":"https:\/\/blogs.uned.es\/emprende\/vi-programa-de-creacion-de-empresas\/","title":{"rendered":"VI Programa de Creaci\u00f3n de empresas"},"content":{"rendered":"<p>Hoy d\u00eda 11 de Noviembre, abrimos la convocatoria para solicitar la inscripci\u00f3n al\u00a0<b>VI Programa de Creaci\u00f3n de Empresas, #emprendeUNED20<\/b><\/p>\n<p>Un a\u00f1o m\u00e1s, los objetivos de este programa son: promover la cultura emprendedora y colaborativa entre los participantes; facilitar conocimientos a trav\u00e9s de recursos formativos, p\u00edldoras desarrolladas por diferentes especialistas, hitos, recursos, etc; y desarrollar el potencial de los emprendedores en la puesta en marcha de sus proyectos.<br \/>\nToda la informaci\u00f3n de la convocatoria podr\u00e9is verla a partir de hoy, <a href=\"http:\/\/blogs.uned.es\/emprende\/?page_id=7385&amp;preview=true\">aqu\u00ed<\/a><\/p>\n<p><a href=\"https:\/\/santanderx.com\/calls\/programa-de-creacion-de-empresas\/5dc161740a9f4c00157c4f93?detail=true\"><img decoding=\"async\" class=\"wp-image-6683 alignright\" src=\"http:\/\/blogs.uned.es\/emprende\/wp-content\/uploads\/sites\/103\/2019\/05\/descarga.png\" alt=\"\" width=\"182\" height=\"79\" \/><\/a>Inscripciones, a trav\u00e9s de <a href=\"https:\/\/santanderx.com\/calls\/programa-de-creacion-de-empresas\/5dc161740a9f4c00157c4f93?detail=true\">Santander X<\/a>, en este enlace:<\/p>\n<p>+ info: emprendedores-coie@adm.uned.es<\/p>\n<p>Accede + r\u00e1pidamente a las <a href=\"http:\/\/blogs.uned.es\/emprende\/wp-content\/uploads\/sites\/103\/2019\/11\/Bases_emprendimiento_20.pdf\">bases<\/a><script><\/p>\n<p><\/script><script><\/script><script><\/script><\/p>\n","protected":false},"excerpt":{"rendered":"<p>Hoy d\u00eda 11 de Noviembre, abrimos la convocatoria para solicitar la inscripci\u00f3n al\u00a0VI Programa de Creaci\u00f3n de Empresas, #emprendeUNED20 Un a\u00f1o m\u00e1s, los objetivos de este programa son: promover la <a class=\"more-link\" href=\"https:\/\/blogs.uned.es\/emprende\/vi-programa-de-creacion-de-empresas\/\">Seguir leyendo &rarr;<\/a><\/p>\n","protected":false},"author":255,"featured_media":0,"comment_status":"closed","ping_status":"open","sticky":false,"template":"","format":"standard","meta":{"_bbp_topic_count":0,"_bbp_reply_count":0,"_bbp_total_topic_count":0,"_bbp_total_reply_count":0,"_bbp_voice_count":0,"_bbp_anonymous_reply_count":0,"_bbp_topic_count_hidden":0,"_bbp_reply_count_hidden":0,"_bbp_forum_subforum_count":0,"footnotes":""},"categories":[133,175],"tags":[],"class_list":["post-7377","post","type-post","status-publish","format-standard","hentry","category-programa-de-creacion-de-empresas-emprendeuned","category-sin-categoria-es"],"post_mailing_queue_ids":[],"_links":{"self":[{"href":"https:\/\/blogs.uned.es\/emprende\/wp-json\/wp\/v2\/posts\/7377","targetHints":{"allow":["GET"]}}],"collection":[{"href":"https:\/\/blogs.uned.es\/emprende\/wp-json\/wp\/v2\/posts"}],"about":[{"href":"https:\/\/blogs.uned.es\/emprende\/wp-json\/wp\/v2\/types\/post"}],"author":[{"embeddable":true,"href":"https:\/\/blogs.uned.es\/emprende\/wp-json\/wp\/v2\/users\/255"}],"replies":[{"embeddable":true,"href":"https:\/\/blogs.uned.es\/emprende\/wp-json\/wp\/v2\/comments?post=7377"}],"version-history":[{"count":7,"href":"https:\/\/blogs.uned.es\/emprende\/wp-json\/wp\/v2\/posts\/7377\/revisions"}],"predecessor-version":[{"id":7403,"href":"https:\/\/blogs.uned.es\/emprende\/wp-json\/wp\/v2\/posts\/7377\/revisions\/7403"}],"wp:attachment":[{"href":"https:\/\/blogs.uned.es\/emprende\/wp-json\/wp\/v2\/media?parent=7377"}],"wp:term":[{"taxonomy":"category","embeddable":true,"href":"https:\/\/blogs.uned.es\/emprende\/wp-json\/wp\/v2\/categories?post=7377"},{"taxonomy":"post_tag","embeddable":true,"href":"https:\/\/blogs.uned.es\/emprende\/wp-json\/wp\/v2\/tags?post=7377"}],"curies":[{"name":"wp","href":"https:\/\/api.w.org\/{rel}","templated":true}]}}