{"id":7365,"date":"2019-11-01T08:00:10","date_gmt":"2019-11-01T07:00:10","guid":{"rendered":"http:\/\/blogs.uned.es\/emprende\/?p=7365"},"modified":"2019-10-31T13:23:55","modified_gmt":"2019-10-31T12:23:55","slug":"jornadas-de-innovacion-y-emprendimiento-cultural","status":"publish","type":"post","link":"https:\/\/blogs.uned.es\/emprende\/jornadas-de-innovacion-y-emprendimiento-cultural\/","title":{"rendered":"Jornadas de Innovaci\u00f3n y Emprendimiento Cultural"},"content":{"rendered":"<div>\n<p><img decoding=\"async\" class=\"alignleft wp-image-7367\" src=\"http:\/\/blogs.uned.es\/emprende\/wp-content\/uploads\/sites\/103\/2019\/10\/tw_jornadas_de_innovaci_n_y_emprendimiento_cultural.png\" alt=\"\" width=\"312\" height=\"156\" srcset=\"https:\/\/blogs.uned.es\/emprende\/wp-content\/uploads\/sites\/103\/2019\/10\/tw_jornadas_de_innovaci_n_y_emprendimiento_cultural.png 480w, https:\/\/blogs.uned.es\/emprende\/wp-content\/uploads\/sites\/103\/2019\/10\/tw_jornadas_de_innovaci_n_y_emprendimiento_cultural-300x150.png 300w\" sizes=\"(max-width: 312px) 100vw, 312px\" \/>Una oportunidad de encontrarse con j\u00f3venes que tienen inter\u00e9s en el \u00e1mbito art\u00edstico y cultural.<\/p>\n<p>Durante cinco d\u00edas tendr\u00e1n lugar talleres, din\u00e1micas, mesas redondas&#8230; en las que se ver\u00e1n las claves para la\u00a0b\u00fasqueda de sostenibilidad de los proyectos e iniciativas de las personas j\u00f3venes que participan en el sector cultural en calidad de creadoras, gestoras o emprendedoras.<\/p>\n<p>Mira aqu\u00ed el <a href=\"https:\/\/oij.org\/wp-content\/uploads\/2019\/10\/helice-innpacta-v2.pdf\">programa al completo\u00a0<\/a><\/p>\n<p>De entre todas las candidaturas presentadas, se seleccionar\u00e1n 48 participantes que recibir\u00e1n una beca completa (matr\u00edcula, alojamiento, desayuno y comida durante los d\u00edas de duraci\u00f3n de las Jornadas).<\/p>\n<p><strong>Qui\u00e9n:<\/strong>\u00a0Se pueden inscribir j\u00f3venes de entre 18 y 35 a\u00f1os.<\/p>\n<p><strong>Periodo de inscripci\u00f3n:<\/strong>\u00a0<span class=\"date-display-start\" style=\"font-size: 1rem\">31\/10\/2019<\/span><span style=\"font-size: 1rem\">\u00a0al\u00a0<\/span><span class=\"date-display-end\" style=\"font-size: 1rem\">07\/11\/2019<\/span><\/p>\n<p><strong>Fecha de celebraci\u00f3n:<\/strong> Del 18 al 22 de noviembre de 2019 en M\u00e1laga<\/p>\n<p><a href=\"https:\/\/docs.google.com\/forms\/d\/e\/1FAIpQLSe2eAbBE8lCfQufu73F1IWVCS0ioawjj0LwvveeLgeAEuLOYA\/viewform\">Inscr\u00edbete ya aqu\u00ed<\/a><\/p>\n<\/div>\n<p><script><\/p>\n<p><\/script><script><\/script><script><\/script><\/p>\n","protected":false},"excerpt":{"rendered":"<p>Una oportunidad de encontrarse con j\u00f3venes que tienen inter\u00e9s en el \u00e1mbito art\u00edstico y cultural. Durante cinco d\u00edas tendr\u00e1n lugar talleres, din\u00e1micas, mesas redondas&#8230; en las que se ver\u00e1n las <a class=\"more-link\" href=\"https:\/\/blogs.uned.es\/emprende\/jornadas-de-innovacion-y-emprendimiento-cultural\/\">Seguir leyendo &rarr;<\/a><\/p>\n","protected":false},"author":255,"featured_media":0,"comment_status":"closed","ping_status":"open","sticky":false,"template":"","format":"standard","meta":{"_bbp_topic_count":0,"_bbp_reply_count":0,"_bbp_total_topic_count":0,"_bbp_total_reply_count":0,"_bbp_voice_count":0,"_bbp_anonymous_reply_count":0,"_bbp_topic_count_hidden":0,"_bbp_reply_count_hidden":0,"_bbp_forum_subforum_count":0,"footnotes":""},"categories":[37,79,141,81,123],"tags":[],"class_list":["post-7365","post","type-post","status-publish","format-standard","hentry","category-andalucia","category-eventos","category-foros-y-ferias","category-herramientas","category-talleres"],"post_mailing_queue_ids":[],"_links":{"self":[{"href":"https:\/\/blogs.uned.es\/emprende\/wp-json\/wp\/v2\/posts\/7365","targetHints":{"allow":["GET"]}}],"collection":[{"href":"https:\/\/blogs.uned.es\/emprende\/wp-json\/wp\/v2\/posts"}],"about":[{"href":"https:\/\/blogs.uned.es\/emprende\/wp-json\/wp\/v2\/types\/post"}],"author":[{"embeddable":true,"href":"https:\/\/blogs.uned.es\/emprende\/wp-json\/wp\/v2\/users\/255"}],"replies":[{"embeddable":true,"href":"https:\/\/blogs.uned.es\/emprende\/wp-json\/wp\/v2\/comments?post=7365"}],"version-history":[{"count":3,"href":"https:\/\/blogs.uned.es\/emprende\/wp-json\/wp\/v2\/posts\/7365\/revisions"}],"predecessor-version":[{"id":7373,"href":"https:\/\/blogs.uned.es\/emprende\/wp-json\/wp\/v2\/posts\/7365\/revisions\/7373"}],"wp:attachment":[{"href":"https:\/\/blogs.uned.es\/emprende\/wp-json\/wp\/v2\/media?parent=7365"}],"wp:term":[{"taxonomy":"category","embeddable":true,"href":"https:\/\/blogs.uned.es\/emprende\/wp-json\/wp\/v2\/categories?post=7365"},{"taxonomy":"post_tag","embeddable":true,"href":"https:\/\/blogs.uned.es\/emprende\/wp-json\/wp\/v2\/tags?post=7365"}],"curies":[{"name":"wp","href":"https:\/\/api.w.org\/{rel}","templated":true}]}}