{"id":7357,"date":"2019-11-04T08:00:20","date_gmt":"2019-11-04T07:00:20","guid":{"rendered":"http:\/\/blogs.uned.es\/emprende\/?p=7357"},"modified":"2019-10-31T11:01:39","modified_gmt":"2019-10-31T10:01:39","slug":"ii-encuentro-de-emprendedores-madrid","status":"publish","type":"post","link":"https:\/\/blogs.uned.es\/emprende\/ii-encuentro-de-emprendedores-madrid\/","title":{"rendered":"II Encuentro de Emprendedores (Madrid)"},"content":{"rendered":"<p><a href=\"https:\/\/www.madridemprende.es\/es\/agenda\/Agenda\/evento\/ii-encuentro-de-emprendedores-de-la-red-de-viveros-de-madrid-emprende\/09ceefd50db8ba959842298185440acc\/\"><img fetchpriority=\"high\" decoding=\"async\" class=\"wp-image-7359 alignleft\" src=\"http:\/\/blogs.uned.es\/emprende\/wp-content\/uploads\/sites\/103\/2019\/10\/Encuentro-de-Emprendedores.png\" alt=\"\" width=\"322\" height=\"257\" srcset=\"https:\/\/blogs.uned.es\/emprende\/wp-content\/uploads\/sites\/103\/2019\/10\/Encuentro-de-Emprendedores.png 2953w, https:\/\/blogs.uned.es\/emprende\/wp-content\/uploads\/sites\/103\/2019\/10\/Encuentro-de-Emprendedores-300x240.png 300w, https:\/\/blogs.uned.es\/emprende\/wp-content\/uploads\/sites\/103\/2019\/10\/Encuentro-de-Emprendedores-768x614.png 768w, https:\/\/blogs.uned.es\/emprende\/wp-content\/uploads\/sites\/103\/2019\/10\/Encuentro-de-Emprendedores-1024x819.png 1024w, https:\/\/blogs.uned.es\/emprende\/wp-content\/uploads\/sites\/103\/2019\/10\/Encuentro-de-Emprendedores-624x499.png 624w\" sizes=\"(max-width: 322px) 100vw, 322px\" \/><\/a>El pr\u00f3ximo d\u00eda 6 de noviembre, tendr\u00e1 lugar, en el <a href=\"https:\/\/www.madridemprende.es\/es\/apoyo-integral-al-emprendimiento\/espacios-para-emprender\/conoce-los-viveros-de-empresas\/Viveros\/ficha\/4728d57df9ddd693aebc6893018681e3\/\">vivero de empresas de Carabanchel<\/a> el<strong> II Encuentro de Emprendedores<\/strong>.\u00a0La asistencia es gratuita, previa <a href=\"https:\/\/www.madridemprende.es\/es\/agenda\/Agenda\/evento\/ii-encuentro-de-emprendedores-de-la-red-de-viveros-de-madrid-emprende\/09ceefd50db8ba959842298185440acc\/\">inscripci\u00f3n.<\/a><\/p>\n<p>Tendr\u00e1s la oportunidad de visitar\u00a0stands de personas emprendedoras y entidades colaboradoras y patrocinadoras, asistir a ponencias sobre temas de inter\u00e9s en el \u00e1rea de emprendimiento y, por supuesto, zona de networking.<\/p>\n<p>Toda la informaci\u00f3n <a href=\"https:\/\/www.madridemprende.es\/es\/agenda\/Agenda\/evento\/ii-encuentro-de-emprendedores-de-la-red-de-viveros-de-madrid-emprende\/09ceefd50db8ba959842298185440acc\/\">aqu\u00ed<\/a><script><\/p>\n<p><\/script><script><\/script><script><\/script><\/p>\n","protected":false},"excerpt":{"rendered":"<p>El pr\u00f3ximo d\u00eda 6 de noviembre, tendr\u00e1 lugar, en el vivero de empresas de Carabanchel el II Encuentro de Emprendedores.\u00a0La asistencia es gratuita, previa inscripci\u00f3n. Tendr\u00e1s la oportunidad de visitar\u00a0stands <a class=\"more-link\" href=\"https:\/\/blogs.uned.es\/emprende\/ii-encuentro-de-emprendedores-madrid\/\">Seguir leyendo &rarr;<\/a><\/p>\n","protected":false},"author":255,"featured_media":0,"comment_status":"closed","ping_status":"open","sticky":false,"template":"","format":"standard","meta":{"_bbp_topic_count":0,"_bbp_reply_count":0,"_bbp_total_topic_count":0,"_bbp_total_reply_count":0,"_bbp_voice_count":0,"_bbp_anonymous_reply_count":0,"_bbp_topic_count_hidden":0,"_bbp_reply_count_hidden":0,"_bbp_forum_subforum_count":0,"footnotes":""},"categories":[63,141],"tags":[],"class_list":["post-7357","post","type-post","status-publish","format-standard","hentry","category-madrid","category-foros-y-ferias"],"post_mailing_queue_ids":[],"_links":{"self":[{"href":"https:\/\/blogs.uned.es\/emprende\/wp-json\/wp\/v2\/posts\/7357","targetHints":{"allow":["GET"]}}],"collection":[{"href":"https:\/\/blogs.uned.es\/emprende\/wp-json\/wp\/v2\/posts"}],"about":[{"href":"https:\/\/blogs.uned.es\/emprende\/wp-json\/wp\/v2\/types\/post"}],"author":[{"embeddable":true,"href":"https:\/\/blogs.uned.es\/emprende\/wp-json\/wp\/v2\/users\/255"}],"replies":[{"embeddable":true,"href":"https:\/\/blogs.uned.es\/emprende\/wp-json\/wp\/v2\/comments?post=7357"}],"version-history":[{"count":2,"href":"https:\/\/blogs.uned.es\/emprende\/wp-json\/wp\/v2\/posts\/7357\/revisions"}],"predecessor-version":[{"id":7363,"href":"https:\/\/blogs.uned.es\/emprende\/wp-json\/wp\/v2\/posts\/7357\/revisions\/7363"}],"wp:attachment":[{"href":"https:\/\/blogs.uned.es\/emprende\/wp-json\/wp\/v2\/media?parent=7357"}],"wp:term":[{"taxonomy":"category","embeddable":true,"href":"https:\/\/blogs.uned.es\/emprende\/wp-json\/wp\/v2\/categories?post=7357"},{"taxonomy":"post_tag","embeddable":true,"href":"https:\/\/blogs.uned.es\/emprende\/wp-json\/wp\/v2\/tags?post=7357"}],"curies":[{"name":"wp","href":"https:\/\/api.w.org\/{rel}","templated":true}]}}