{"id":7351,"date":"2019-11-01T10:00:34","date_gmt":"2019-11-01T09:00:34","guid":{"rendered":"http:\/\/blogs.uned.es\/emprende\/?p=7351"},"modified":"2019-10-31T13:24:35","modified_gmt":"2019-10-31T12:24:35","slug":"red-emprende-verde","status":"publish","type":"post","link":"https:\/\/blogs.uned.es\/emprende\/red-emprende-verde\/","title":{"rendered":"Red Emprende Verde"},"content":{"rendered":"<p><a href=\"https:\/\/www.redemprendeverde.es\/\"><img decoding=\"async\" class=\"alignleft size-full wp-image-7353\" src=\"http:\/\/blogs.uned.es\/emprende\/wp-content\/uploads\/sites\/103\/2019\/10\/REv.jpg\" alt=\"\" width=\"301\" height=\"113\" srcset=\"https:\/\/blogs.uned.es\/emprende\/wp-content\/uploads\/sites\/103\/2019\/10\/REv.jpg 301w, https:\/\/blogs.uned.es\/emprende\/wp-content\/uploads\/sites\/103\/2019\/10\/REv-300x113.jpg 300w\" sizes=\"(max-width: 301px) 100vw, 301px\" \/><\/a>Hoy, os traemos un recurso para aquellos a quienes os interesa el emprendimiento <a href=\"https:\/\/www.redemprendeverde.es\/\"><strong><span style=\"color: #339966\">EN VERDE: ReV<\/span><\/strong><\/a><\/p>\n<p>Una iniciativa de la\u00a0<a href=\"http:\/\/fundacion-biodiversidad.es\/\" target=\"_blank\" rel=\"noopener\">Fundaci\u00f3n Biodiversidad<\/a>\u00a0del\u00a0<a href=\"http:\/\/www.mapama.gob.es\/es\/\" target=\"_blank\" rel=\"noopener\">Ministerio para la Transici\u00f3n Ecol\u00f3gica<\/a>, que busca fomentar la creaci\u00f3n y\/o la consolidaci\u00f3n de empresas en actividades vinculadas al medio ambiente<\/p>\n<p>Adem\u00e1s, <strong>hasta el 10 de noviembre,<\/strong> puedes<a href=\"https:\/\/docs.google.com\/forms\/d\/e\/1FAIpQLSeEptBcR02lwljEKFZvkwJ1r26_-atC4g2u5hpWteexWqj0rA\/viewform\"> inscribirte en los LabEmprendeVerde<\/a>, cuyo objetivo es impulsar la creaci\u00f3n de nuevas empresas vinculadas a la econom\u00eda circular, a la lucha contra la pobreza energ\u00e9tica y la mitigaci\u00f3n y\/o adaptaci\u00f3n al cambio clim\u00e1tico, y al desarrollo sostenible en zonas despobladas y rurales, as\u00ed como impulsar el emprendimiento verde y generar una red colaborativa entre personas emprendedoras de Espa\u00f1a y Portugal. <a href=\"https:\/\/docs.google.com\/forms\/d\/e\/1FAIpQLSeEptBcR02lwljEKFZvkwJ1r26_-atC4g2u5hpWteexWqj0rA\/viewform\">Inscripci\u00f3n y detalles de los requisitos aqu\u00ed<\/a><\/p>\n<p>Una semana m\u00e1s, buen fin de semana!<script><\/p>\n<p><\/script><script><\/script><script><\/script><\/p>\n","protected":false},"excerpt":{"rendered":"<p>Hoy, os traemos un recurso para aquellos a quienes os interesa el emprendimiento EN VERDE: ReV Una iniciativa de la\u00a0Fundaci\u00f3n Biodiversidad\u00a0del\u00a0Ministerio para la Transici\u00f3n Ecol\u00f3gica, que busca fomentar la creaci\u00f3n <a class=\"more-link\" href=\"https:\/\/blogs.uned.es\/emprende\/red-emprende-verde\/\">Seguir leyendo &rarr;<\/a><\/p>\n","protected":false},"author":255,"featured_media":0,"comment_status":"closed","ping_status":"open","sticky":false,"template":"","format":"standard","meta":{"_bbp_topic_count":0,"_bbp_reply_count":0,"_bbp_total_topic_count":0,"_bbp_total_reply_count":0,"_bbp_voice_count":0,"_bbp_anonymous_reply_count":0,"_bbp_topic_count_hidden":0,"_bbp_reply_count_hidden":0,"_bbp_forum_subforum_count":0,"footnotes":""},"categories":[175],"tags":[],"class_list":["post-7351","post","type-post","status-publish","format-standard","hentry","category-sin-categoria-es"],"post_mailing_queue_ids":[],"_links":{"self":[{"href":"https:\/\/blogs.uned.es\/emprende\/wp-json\/wp\/v2\/posts\/7351","targetHints":{"allow":["GET"]}}],"collection":[{"href":"https:\/\/blogs.uned.es\/emprende\/wp-json\/wp\/v2\/posts"}],"about":[{"href":"https:\/\/blogs.uned.es\/emprende\/wp-json\/wp\/v2\/types\/post"}],"author":[{"embeddable":true,"href":"https:\/\/blogs.uned.es\/emprende\/wp-json\/wp\/v2\/users\/255"}],"replies":[{"embeddable":true,"href":"https:\/\/blogs.uned.es\/emprende\/wp-json\/wp\/v2\/comments?post=7351"}],"version-history":[{"count":1,"href":"https:\/\/blogs.uned.es\/emprende\/wp-json\/wp\/v2\/posts\/7351\/revisions"}],"predecessor-version":[{"id":7355,"href":"https:\/\/blogs.uned.es\/emprende\/wp-json\/wp\/v2\/posts\/7351\/revisions\/7355"}],"wp:attachment":[{"href":"https:\/\/blogs.uned.es\/emprende\/wp-json\/wp\/v2\/media?parent=7351"}],"wp:term":[{"taxonomy":"category","embeddable":true,"href":"https:\/\/blogs.uned.es\/emprende\/wp-json\/wp\/v2\/categories?post=7351"},{"taxonomy":"post_tag","embeddable":true,"href":"https:\/\/blogs.uned.es\/emprende\/wp-json\/wp\/v2\/tags?post=7351"}],"curies":[{"name":"wp","href":"https:\/\/api.w.org\/{rel}","templated":true}]}}