{"id":7335,"date":"2019-10-29T11:17:04","date_gmt":"2019-10-29T10:17:04","guid":{"rendered":"http:\/\/blogs.uned.es\/emprende\/?p=7335"},"modified":"2019-10-29T11:18:24","modified_gmt":"2019-10-29T10:18:24","slug":"cumbre-de-emprendimiento-social-en-barcelona","status":"publish","type":"post","link":"https:\/\/blogs.uned.es\/emprende\/cumbre-de-emprendimiento-social-en-barcelona\/","title":{"rendered":"Cumbre de emprendimiento Social en Barcelona"},"content":{"rendered":"<p><a href=\"https:\/\/ecms.ashoka.org\/\"><img fetchpriority=\"high\" decoding=\"async\" class=\"alignleft size-full wp-image-7339\" src=\"http:\/\/blogs.uned.es\/emprende\/wp-content\/uploads\/sites\/103\/2019\/10\/02_Banner_web_4_Banner-web-copy.png\" alt=\"\" width=\"6251\" height=\"1880\" srcset=\"https:\/\/blogs.uned.es\/emprende\/wp-content\/uploads\/sites\/103\/2019\/10\/02_Banner_web_4_Banner-web-copy.png 6251w, https:\/\/blogs.uned.es\/emprende\/wp-content\/uploads\/sites\/103\/2019\/10\/02_Banner_web_4_Banner-web-copy-300x90.png 300w, https:\/\/blogs.uned.es\/emprende\/wp-content\/uploads\/sites\/103\/2019\/10\/02_Banner_web_4_Banner-web-copy-768x231.png 768w, https:\/\/blogs.uned.es\/emprende\/wp-content\/uploads\/sites\/103\/2019\/10\/02_Banner_web_4_Banner-web-copy-1024x308.png 1024w, https:\/\/blogs.uned.es\/emprende\/wp-content\/uploads\/sites\/103\/2019\/10\/02_Banner_web_4_Banner-web-copy-624x188.png 624w\" sizes=\"(max-width: 6251px) 100vw, 6251px\" \/><\/a>El pr\u00f3ximo mes de noviembre, del 25 al 27, tendr\u00e1 lugar el\u00a0European Changemaker Summit. De la mano de Ashoka, viene cargado de\u00a0encuentros, soluciones, ideas y la b\u00fasqueda de m\u00e1s colaboraciones en el \u00e1rea social.<\/p>\n<p>Si eres un emprendedor o innovador innovaci\u00f3n social, seguro que te interesa.<\/p>\n<p>Todos los detalles <a href=\"https:\/\/ecms.ashoka.org\/\">aqu\u00ed<\/a><\/p>\n<p><a href=\"https:\/\/www.accelevents.com\/e\/OpeningCeremonyEuropeanChangemakerSummit\">Inscr\u00edbete antes del 18 de noviembre<\/a><\/p>\n<p>&nbsp;<script><\/p>\n<p><\/script><script><\/script><script><\/script><\/p>\n","protected":false},"excerpt":{"rendered":"<p>El pr\u00f3ximo mes de noviembre, del 25 al 27, tendr\u00e1 lugar el\u00a0European Changemaker Summit. De la mano de Ashoka, viene cargado de\u00a0encuentros, soluciones, ideas y la b\u00fasqueda de m\u00e1s colaboraciones <a class=\"more-link\" href=\"https:\/\/blogs.uned.es\/emprende\/cumbre-de-emprendimiento-social-en-barcelona\/\">Seguir leyendo &rarr;<\/a><\/p>\n","protected":false},"author":255,"featured_media":0,"comment_status":"closed","ping_status":"open","sticky":false,"template":"","format":"standard","meta":{"_bbp_topic_count":0,"_bbp_reply_count":0,"_bbp_total_topic_count":0,"_bbp_total_reply_count":0,"_bbp_voice_count":0,"_bbp_anonymous_reply_count":0,"_bbp_topic_count_hidden":0,"_bbp_reply_count_hidden":0,"_bbp_forum_subforum_count":0,"footnotes":""},"categories":[53,141],"tags":[],"class_list":["post-7335","post","type-post","status-publish","format-standard","hentry","category-cataluna","category-foros-y-ferias"],"post_mailing_queue_ids":[],"_links":{"self":[{"href":"https:\/\/blogs.uned.es\/emprende\/wp-json\/wp\/v2\/posts\/7335","targetHints":{"allow":["GET"]}}],"collection":[{"href":"https:\/\/blogs.uned.es\/emprende\/wp-json\/wp\/v2\/posts"}],"about":[{"href":"https:\/\/blogs.uned.es\/emprende\/wp-json\/wp\/v2\/types\/post"}],"author":[{"embeddable":true,"href":"https:\/\/blogs.uned.es\/emprende\/wp-json\/wp\/v2\/users\/255"}],"replies":[{"embeddable":true,"href":"https:\/\/blogs.uned.es\/emprende\/wp-json\/wp\/v2\/comments?post=7335"}],"version-history":[{"count":3,"href":"https:\/\/blogs.uned.es\/emprende\/wp-json\/wp\/v2\/posts\/7335\/revisions"}],"predecessor-version":[{"id":7343,"href":"https:\/\/blogs.uned.es\/emprende\/wp-json\/wp\/v2\/posts\/7335\/revisions\/7343"}],"wp:attachment":[{"href":"https:\/\/blogs.uned.es\/emprende\/wp-json\/wp\/v2\/media?parent=7335"}],"wp:term":[{"taxonomy":"category","embeddable":true,"href":"https:\/\/blogs.uned.es\/emprende\/wp-json\/wp\/v2\/categories?post=7335"},{"taxonomy":"post_tag","embeddable":true,"href":"https:\/\/blogs.uned.es\/emprende\/wp-json\/wp\/v2\/tags?post=7335"}],"curies":[{"name":"wp","href":"https:\/\/api.w.org\/{rel}","templated":true}]}}