{"id":6989,"date":"2019-07-23T08:00:20","date_gmt":"2019-07-23T07:00:20","guid":{"rendered":"http:\/\/blogs.uned.es\/emprende\/?p=6989"},"modified":"2019-07-18T15:04:29","modified_gmt":"2019-07-18T14:04:29","slug":"startup-competition","status":"publish","type":"post","link":"https:\/\/blogs.uned.es\/emprende\/startup-competition\/","title":{"rendered":"STARTUP Competition"},"content":{"rendered":"<p><a href=\"https:\/\/youtu.be\/0foAbfVrjTI\"><img decoding=\"async\" class=\"alignleft wp-image-6991\" src=\"http:\/\/blogs.uned.es\/emprende\/wp-content\/uploads\/sites\/103\/2019\/07\/startup_competition_vfinal-01-1024x1024.png\" alt=\"\" width=\"165\" height=\"165\" srcset=\"https:\/\/blogs.uned.es\/emprende\/wp-content\/uploads\/sites\/103\/2019\/07\/startup_competition_vfinal-01-1024x1024.png 1024w, https:\/\/blogs.uned.es\/emprende\/wp-content\/uploads\/sites\/103\/2019\/07\/startup_competition_vfinal-01-1024x1024-150x150.png 150w, https:\/\/blogs.uned.es\/emprende\/wp-content\/uploads\/sites\/103\/2019\/07\/startup_competition_vfinal-01-1024x1024-300x300.png 300w, https:\/\/blogs.uned.es\/emprende\/wp-content\/uploads\/sites\/103\/2019\/07\/startup_competition_vfinal-01-1024x1024-768x768.png 768w, https:\/\/blogs.uned.es\/emprende\/wp-content\/uploads\/sites\/103\/2019\/07\/startup_competition_vfinal-01-1024x1024-624x624.png 624w\" sizes=\"(max-width: 165px) 100vw, 165px\" \/><\/a>El pr\u00f3ximo d\u00eda 31 de octubre, vuelve\u00a0<a href=\"https:\/\/youtu.be\/0foAbfVrjTI\">BIME PRO Start Up!<\/a>, un espacio para el emprendimiento, sobre todo para startups de industrias creativas que busca proyectos de gran innovaci\u00f3n y con potencial,\u00a0relacionado de manera directa o indirecta con la m\u00fasica.\u00a0Los proyectos finalmente seleccionados, tendr\u00e1n la oportunidad de presentar sus iniciativas ante el jurado y diversos inversores.\u00a0<!--more--><\/p>\n<p>Podr\u00e1n participar aquellos proyectos que:<\/p>\n<ol>\n<li>Presenten un negocio <strong>innovador<\/strong>, con un necesario componente tecnol\u00f3gico preponderante (preferentemente software o vinculado a negocios digitales, si bien se admitir\u00e1n proyectos con alto contenido de Hardware), con alto potencial de crecimiento y con una propuesta de valor disruptiva e interesante para potenciales inversores (Business Angels o Venture Capital).<\/li>\n<li>Tengan capacidad de impactar, influir, mejorar o formar parte, siquiera de forma colateral, de la <strong>industria musical<\/strong> en su m\u00e1s amplio sentido.<\/li>\n<li>Se encuentren en una etapa temprana de su maduraci\u00f3n, entendiendo que, como m\u00e1ximo, pueden tener <strong>menos de tres a\u00f1os desde su constituci\u00f3n<\/strong>.<\/li>\n<li>Dispongan, al menos, de un <strong>MVP (Minimum Viable Product)<\/strong> en el mercado, siquiera en beta privada.<\/li>\n<li>Cuenten con<strong> clientes<\/strong>, usuarios, siquiera gratuitos y\/o betatesters.<\/li>\n<\/ol>\n<p>La convocatoria permanecer\u00e1 abierta desde el\u00a0<strong style=\"font-size: 1rem\">11 de junio, hasta el 12 de septiembre.<\/strong><\/p>\n<div class=\"wpb_single_image wpb_content_element vc_align_center\">\n<figure class=\"wpb_wrapper vc_figure\"><a class=\"vc_single_image-wrapper vc_box_shadow_3d vc_box_border_grey\" href=\"https:\/\/docs.google.com\/forms\/d\/e\/1FAIpQLSeg6CFrnr2JsES7FIUJLdmV8M_z9LJZTWh02eAZax4XXKUOhA\/viewform?usp=sf_link\" target=\"_self\"><img decoding=\"async\" class=\"vc_single_image-img attachment-medium aligncenter\" src=\"https:\/\/www.bime.net\/pro\/wp-content\/uploads\/2018\/06\/Bot%C3%B3n-Inscr%C3%ADbete-01-300x75.png\" alt=\"\" width=\"168\" height=\"42\" \/><\/a><\/figure>\n<\/div>\n<div class=\"wpb_text_column wpb_content_element \">\n<div class=\"wpb_wrapper\">\n<p style=\"text-align: center\"><strong><a href=\"https:\/\/www.bime.net\/pro\/es\/bases-startup-competition\/\">Consulta todos los detalles de esta convocatoria aqu\u00ed<\/a><\/strong><\/p>\n<\/div>\n<\/div>\n<div class=\"page\" title=\"Page 5\">\n<div class=\"section\">\n<div class=\"layoutArea\">\n<div class=\"column\"><\/div>\n<\/div>\n<\/div>\n<\/div>\n<p><script><\/p>\n<p><\/script><script><\/script><script><\/script><\/p>\n","protected":false},"excerpt":{"rendered":"<p>El pr\u00f3ximo d\u00eda 31 de octubre, vuelve\u00a0BIME PRO Start Up!, un espacio para el emprendimiento, sobre todo para startups de industrias creativas que busca proyectos de gran innovaci\u00f3n y con <a class=\"more-link\" href=\"https:\/\/blogs.uned.es\/emprende\/startup-competition\/\">Seguir leyendo &rarr;<\/a><\/p>\n","protected":false},"author":255,"featured_media":0,"comment_status":"closed","ping_status":"open","sticky":false,"template":"","format":"standard","meta":{"_bbp_topic_count":0,"_bbp_reply_count":0,"_bbp_total_topic_count":0,"_bbp_total_reply_count":0,"_bbp_voice_count":0,"_bbp_anonymous_reply_count":0,"_bbp_topic_count_hidden":0,"_bbp_reply_count_hidden":0,"_bbp_forum_subforum_count":0,"footnotes":""},"categories":[175],"tags":[],"class_list":["post-6989","post","type-post","status-publish","format-standard","hentry","category-sin-categoria-es"],"post_mailing_queue_ids":[],"_links":{"self":[{"href":"https:\/\/blogs.uned.es\/emprende\/wp-json\/wp\/v2\/posts\/6989","targetHints":{"allow":["GET"]}}],"collection":[{"href":"https:\/\/blogs.uned.es\/emprende\/wp-json\/wp\/v2\/posts"}],"about":[{"href":"https:\/\/blogs.uned.es\/emprende\/wp-json\/wp\/v2\/types\/post"}],"author":[{"embeddable":true,"href":"https:\/\/blogs.uned.es\/emprende\/wp-json\/wp\/v2\/users\/255"}],"replies":[{"embeddable":true,"href":"https:\/\/blogs.uned.es\/emprende\/wp-json\/wp\/v2\/comments?post=6989"}],"version-history":[{"count":1,"href":"https:\/\/blogs.uned.es\/emprende\/wp-json\/wp\/v2\/posts\/6989\/revisions"}],"predecessor-version":[{"id":6993,"href":"https:\/\/blogs.uned.es\/emprende\/wp-json\/wp\/v2\/posts\/6989\/revisions\/6993"}],"wp:attachment":[{"href":"https:\/\/blogs.uned.es\/emprende\/wp-json\/wp\/v2\/media?parent=6989"}],"wp:term":[{"taxonomy":"category","embeddable":true,"href":"https:\/\/blogs.uned.es\/emprende\/wp-json\/wp\/v2\/categories?post=6989"},{"taxonomy":"post_tag","embeddable":true,"href":"https:\/\/blogs.uned.es\/emprende\/wp-json\/wp\/v2\/tags?post=6989"}],"curies":[{"name":"wp","href":"https:\/\/api.w.org\/{rel}","templated":true}]}}