{"id":6687,"date":"2019-05-31T08:00:57","date_gmt":"2019-05-31T07:00:57","guid":{"rendered":"http:\/\/blogs.uned.es\/emprende\/?p=6687"},"modified":"2019-05-29T17:23:02","modified_gmt":"2019-05-29T16:23:02","slug":"business-angels","status":"publish","type":"post","link":"https:\/\/blogs.uned.es\/emprende\/business-angels\/","title":{"rendered":"Business Angels"},"content":{"rendered":"<p><strong><img decoding=\"async\" class=\"alignleft  wp-image-6691\" style=\"margin-top: 0.857143rem;margin-right: 1.71429rem;margin-bottom: 0.857143rem\" src=\"http:\/\/blogs.uned.es\/emprende\/wp-content\/uploads\/sites\/103\/2019\/05\/ALAS.jpg\" alt=\"\" width=\"199\" height=\"99\" srcset=\"https:\/\/blogs.uned.es\/emprende\/wp-content\/uploads\/sites\/103\/2019\/05\/ALAS.jpg 318w, https:\/\/blogs.uned.es\/emprende\/wp-content\/uploads\/sites\/103\/2019\/05\/ALAS-300x149.jpg 300w\" sizes=\"(max-width: 199px) 100vw, 199px\" \/><\/strong><\/p>\n<p><strong>\u00bfQui\u00e9nes son?<\/strong> son inversores privados, cuyo perfil (seg\u00fan el<a href=\"https:\/\/media.timtul.com\/media\/web_aeban\/Informe%20AEBAN2019_ES_w_20190527085524.pdf\"> informe AEBAN2019<\/a>)\u00a0es, principalmente: altos\u00a0directivos, fundadores y profesionales de la\u00a0consultor\u00eda.<!--more--><\/p>\n<p>De hecho, los datos del informe en Espa\u00f1a nos presentan un perfil femenino, que ha comenzado hace menos de 7 a\u00f1os a invertir y que lo hace en el sector software, salud o biotecnolog\u00eda.<\/p>\n<p>La red de Inversoras, #soyInversora, en cuya entrega de la menci\u00f3n de honor estuvimos el pasado d\u00eda 22 de mayo, es un reflejo de esta realidad. En esta ocasi\u00f3n, Patricia Casado, Directora Comercial de <a href=\"https:\/\/www.sociosinversores.com\/sego\/sociosinversores\">SociosInversores.com<\/a>, le hizo entrega de esta menci\u00f3n a <a href=\"https:\/\/www.youtube.com\/watch?v=6OBc-w8-MR4\">Alicia Castillo<\/a>.<\/p>\n<p>Si eres emprendedor y buscas inversores, no debes dejar de\u00a0leer el informe <a href=\"https:\/\/media.timtul.com\/media\/web_aeban\/Informe%20AEBAN2019_ES_w_20190527085524.pdf\">LA INVERSI\u00d3N EN STARTUPS: ACTIVIDAD Y TENDENCIAS<\/a><\/p>\n<p>Buen fin de semana!<\/p>\n<p>&nbsp;<script><\/p>\n<p><\/script><script><\/script><script><\/script><\/p>\n","protected":false},"excerpt":{"rendered":"<p>\u00bfQui\u00e9nes son? son inversores privados, cuyo perfil (seg\u00fan el informe AEBAN2019)\u00a0es, principalmente: altos\u00a0directivos, fundadores y profesionales de la\u00a0consultor\u00eda.<\/p>\n","protected":false},"author":255,"featured_media":0,"comment_status":"closed","ping_status":"open","sticky":false,"template":"","format":"standard","meta":{"_bbp_topic_count":0,"_bbp_reply_count":0,"_bbp_total_topic_count":0,"_bbp_total_reply_count":0,"_bbp_voice_count":0,"_bbp_anonymous_reply_count":0,"_bbp_topic_count_hidden":0,"_bbp_reply_count_hidden":0,"_bbp_forum_subforum_count":0,"footnotes":""},"categories":[81],"tags":[],"class_list":["post-6687","post","type-post","status-publish","format-standard","hentry","category-herramientas"],"post_mailing_queue_ids":[],"_links":{"self":[{"href":"https:\/\/blogs.uned.es\/emprende\/wp-json\/wp\/v2\/posts\/6687","targetHints":{"allow":["GET"]}}],"collection":[{"href":"https:\/\/blogs.uned.es\/emprende\/wp-json\/wp\/v2\/posts"}],"about":[{"href":"https:\/\/blogs.uned.es\/emprende\/wp-json\/wp\/v2\/types\/post"}],"author":[{"embeddable":true,"href":"https:\/\/blogs.uned.es\/emprende\/wp-json\/wp\/v2\/users\/255"}],"replies":[{"embeddable":true,"href":"https:\/\/blogs.uned.es\/emprende\/wp-json\/wp\/v2\/comments?post=6687"}],"version-history":[{"count":1,"href":"https:\/\/blogs.uned.es\/emprende\/wp-json\/wp\/v2\/posts\/6687\/revisions"}],"predecessor-version":[{"id":6693,"href":"https:\/\/blogs.uned.es\/emprende\/wp-json\/wp\/v2\/posts\/6687\/revisions\/6693"}],"wp:attachment":[{"href":"https:\/\/blogs.uned.es\/emprende\/wp-json\/wp\/v2\/media?parent=6687"}],"wp:term":[{"taxonomy":"category","embeddable":true,"href":"https:\/\/blogs.uned.es\/emprende\/wp-json\/wp\/v2\/categories?post=6687"},{"taxonomy":"post_tag","embeddable":true,"href":"https:\/\/blogs.uned.es\/emprende\/wp-json\/wp\/v2\/tags?post=6687"}],"curies":[{"name":"wp","href":"https:\/\/api.w.org\/{rel}","templated":true}]}}