{"id":6675,"date":"2019-05-28T08:00:35","date_gmt":"2019-05-28T07:00:35","guid":{"rendered":"http:\/\/blogs.uned.es\/emprende\/?p=6675"},"modified":"2019-05-27T13:38:45","modified_gmt":"2019-05-27T12:38:45","slug":"perspectiva-de-genero-en-programas-de-empleo-y-emprendimiento","status":"publish","type":"post","link":"https:\/\/blogs.uned.es\/emprende\/perspectiva-de-genero-en-programas-de-empleo-y-emprendimiento\/","title":{"rendered":"Perspectiva de G\u00e9nero en Programas de Empleo y Emprendimiento"},"content":{"rendered":"<p><img decoding=\"async\" class=\"alignleft size-full wp-image-6677\" src=\"http:\/\/blogs.uned.es\/emprende\/wp-content\/uploads\/sites\/103\/2019\/05\/lanzaderas_horizontal.png\" alt=\"\" width=\"241\" height=\"60\" \/>Hoy os recomendamos la lectura del <a href=\"https:\/\/lanzaderasdeempleo.es\/sites\/default\/files\/manual_enfoque_genero_empleo.pdf\"><strong>MANUAL DE BUENAS PR\u00c1CTICAS para la Inclusi\u00f3n de la\u00a0Perspectiva de G\u00e9nero<\/strong> en Programas de Empleo y Emprendimiento<\/a> que han publicado desde las lanzaderas de empleo, la <a href=\"https:\/\/santamarialareal.org\/\">Fundaci\u00f3n Santa Mar\u00eda la Rea<\/a>l, desde su<br \/>\n\u00c1rea de Empleo y Emprendimiento, con la financiaci\u00f3n de la Comunidad de Madrid.<\/p>\n<p>Este manual recoge desde el dise\u00f1o hasta la puesta en marcha y la evaluaci\u00f3n para hacer un proyecto teniendo en cuenta dicha perspectiva.<\/p>\n<p>Adem\u00e1s, aporta un peque\u00f1o glosario por si no est\u00e1s familiarizado con la terminolog\u00eda.<\/p>\n<p>Esperamos sea una lectura de inter\u00e9s para esta semana y que aporte un valor a\u00f1adido a tu proyecto<\/p>\n<p>&nbsp;<script><\/p>\n<p><\/script><script><\/script><script><\/script><\/p>\n","protected":false},"excerpt":{"rendered":"<p>Hoy os recomendamos la lectura del MANUAL DE BUENAS PR\u00c1CTICAS para la Inclusi\u00f3n de la\u00a0Perspectiva de G\u00e9nero en Programas de Empleo y Emprendimiento que han publicado desde las lanzaderas de <a class=\"more-link\" href=\"https:\/\/blogs.uned.es\/emprende\/perspectiva-de-genero-en-programas-de-empleo-y-emprendimiento\/\">Seguir leyendo &rarr;<\/a><\/p>\n","protected":false},"author":255,"featured_media":0,"comment_status":"closed","ping_status":"open","sticky":false,"template":"","format":"standard","meta":{"_bbp_topic_count":0,"_bbp_reply_count":0,"_bbp_total_topic_count":0,"_bbp_total_reply_count":0,"_bbp_voice_count":0,"_bbp_anonymous_reply_count":0,"_bbp_topic_count_hidden":0,"_bbp_reply_count_hidden":0,"_bbp_forum_subforum_count":0,"footnotes":""},"categories":[75,143,81],"tags":[],"class_list":["post-6675","post","type-post","status-publish","format-standard","hentry","category-premios","category-guias-y-otros-tips","category-herramientas"],"post_mailing_queue_ids":[],"_links":{"self":[{"href":"https:\/\/blogs.uned.es\/emprende\/wp-json\/wp\/v2\/posts\/6675","targetHints":{"allow":["GET"]}}],"collection":[{"href":"https:\/\/blogs.uned.es\/emprende\/wp-json\/wp\/v2\/posts"}],"about":[{"href":"https:\/\/blogs.uned.es\/emprende\/wp-json\/wp\/v2\/types\/post"}],"author":[{"embeddable":true,"href":"https:\/\/blogs.uned.es\/emprende\/wp-json\/wp\/v2\/users\/255"}],"replies":[{"embeddable":true,"href":"https:\/\/blogs.uned.es\/emprende\/wp-json\/wp\/v2\/comments?post=6675"}],"version-history":[{"count":1,"href":"https:\/\/blogs.uned.es\/emprende\/wp-json\/wp\/v2\/posts\/6675\/revisions"}],"predecessor-version":[{"id":6679,"href":"https:\/\/blogs.uned.es\/emprende\/wp-json\/wp\/v2\/posts\/6675\/revisions\/6679"}],"wp:attachment":[{"href":"https:\/\/blogs.uned.es\/emprende\/wp-json\/wp\/v2\/media?parent=6675"}],"wp:term":[{"taxonomy":"category","embeddable":true,"href":"https:\/\/blogs.uned.es\/emprende\/wp-json\/wp\/v2\/categories?post=6675"},{"taxonomy":"post_tag","embeddable":true,"href":"https:\/\/blogs.uned.es\/emprende\/wp-json\/wp\/v2\/tags?post=6675"}],"curies":[{"name":"wp","href":"https:\/\/api.w.org\/{rel}","templated":true}]}}